{"id":1148996,"date":"2026-08-26T00:43:15","date_gmt":"2026-08-26T00:43:15","guid":{"rendered":"https:\/\/www.europesays.com\/fr\/1148996\/"},"modified":"2026-08-26T00:43:15","modified_gmt":"2026-08-26T00:43:15","slug":"pas-un-predateur-classique-un-homme-de-54-ans-juge-a-rennes-pour-le-viol-dune-fillette-de-11-ans","status":"publish","type":"post","link":"https:\/\/www.europesays.com\/fr\/1148996\/","title":{"rendered":"\u00ab\u00a0Pas un pr\u00e9dateur classique\u00a0\u00bb\u00a0: un homme de 54\u00a0ans jug\u00e9 \u00e0 Rennes pour le viol d\u2019une fillette de 11\u00a0ans"},"content":{"rendered":"<p>\n                Article premium,<br \/>\n                    R\u00e9serv\u00e9 aux\u00a0abonn\u00e9s\n            <\/p>\n<p class=\"su-standfirst chapeau\">Un homme de 54\u00a0ans est jug\u00e9, depuis mardi 25\u00a0ao\u00fbt 2026, par la cour criminelle d\u2019Ille-et-Vilaine pour avoir viol\u00e9 une fillette de 11\u00a0ans alors qu\u2019il \u00e9tait h\u00e9berg\u00e9 dans le domicile familial.<\/p>\n<p>                                        <img decoding=\"async\" class=\"su-media\" src=\"https:\/\/media.ouest-france.fr\/v1\/pictures\/MjAyNjA4OTYzYzNmNmExOGIzMzM4Zjc0NzQxMWM0ZTIxMjk4OWQ?width=630&amp;height=354&amp;focuspoint=50%2C25&amp;cropresize=1&amp;client_id=bpeditorial&amp;sign=d93eb03b289cd741a8b6b5f4487e833c25b6a4729e0fd97e5b8ff7801c5123a1\" alt=\"L\u2019audience a lieu devant la cour criminelle d\u2019Ille-et-Vilaine.\"  \/><\/p>\n<p>                            L\u2019audience a lieu devant la cour criminelle d\u2019Ille-et-Vilaine. | ZE\u00cfNABA DIALLO \/ ARCHIVES OUEST FRANCE<\/p>\n<p>                            fermer<\/p>\n<ul class=\"su-row su-carrousel-container su-not-list\" data-suswipe=\"{\" rambo=\"\" .carrousel-nav-bas=\"\" .item=\"\">\n<li class=\"su-col-xs-6 su-col-md-24 carrousel-contenu su-carrousel-item\" data-ofvwidth=\"{\" mobileonly=\"\"><img decoding=\"async\" data-ofmaxheight=\"\" class=\"su-media lazyload\" alt=\"L\u2019audience a lieu devant la cour criminelle d\u2019Ille-et-Vilaine.\" src=\"data:image\/png;base64,iVBORw0KGgoAAAANSUhEUgAAABAAAAAJCAYAAAA7KqwyAAAAGXRFWHRTb2Z0d2FyZQBBZG9iZSBJbWFnZVJlYWR5ccllPAAAABhJREFUeNpi\/P\/\/PwMlgHHUgFEDgAAgwAD+lBrvy+NcxAAAAABJRU5ErkJggg==\" data-oflazyload=\"{&quot;srcset&quot;:&quot;https:\/\/media.ouest-france.fr\/v1\/pictures\/MjAyNjA4OTYzYzNmNmExOGIzMzM4Zjc0NzQxMWM0ZTIxMjk4OWQ?width=320&amp;focuspoint=50%2C25&amp;cropresize=1&amp;client_id=bpeditorial&amp;sign=5ceed7f621c355f62783fe650c1713261ee0ea6f2b2ee78834051be34ef2094d 320w,https:\/\/media.ouest-france.fr\/v1\/pictures\/MjAyNjA4OTYzYzNmNmExOGIzMzM4Zjc0NzQxMWM0ZTIxMjk4OWQ?width=375&amp;focuspoint=50%2C25&amp;cropresize=1&amp;client_id=bpeditorial&amp;sign=f08c2b1601fef5153294cadf2cd7640239d17570a26bfc03f0828d3a5c5daee8 360w,https:\/\/media.ouest-france.fr\/v1\/pictures\/MjAyNjA4OTYzYzNmNmExOGIzMzM4Zjc0NzQxMWM0ZTIxMjk4OWQ?width=480&amp;focuspoint=50%2C25&amp;cropresize=1&amp;client_id=bpeditorial&amp;sign=874051d92ddba6064df3e28bb37e68ad51ce7e81ed0f35c97dfbab0fabb1cf7e 480w,https:\/\/media.ouest-france.fr\/v1\/pictures\/MjAyNjA4OTYzYzNmNmExOGIzMzM4Zjc0NzQxMWM0ZTIxMjk4OWQ?width=630&amp;focuspoint=50%2C25&amp;cropresize=1&amp;client_id=bpeditorial&amp;sign=7a526f28c1df40b7a84fe7f21267feb4eb8693eaf7e192b63e9a27b59c890493 630w,https:\/\/media.ouest-france.fr\/v1\/pictures\/MjAyNjA4OTYzYzNmNmExOGIzMzM4Zjc0NzQxMWM0ZTIxMjk4OWQ?width=940&amp;focuspoint=50%2C25&amp;cropresize=1&amp;client_id=bpeditorial&amp;sign=3fdca2c38347e823a222d24b87d07f28f73aae1dafc7271ef5e98444f28f8769 940w,https:\/\/media.ouest-france.fr\/v1\/pictures\/MjAyNjA4OTYzYzNmNmExOGIzMzM4Zjc0NzQxMWM0ZTIxMjk4OWQ?width=1260&amp;focuspoint=50%2C25&amp;cropresize=1&amp;client_id=bpeditorial&amp;sign=ff4e3820744f5e9724abb8d12979a0015708271b0f52d1ed1e6c5870952df062 1260w&quot;}\"\/>L\u2019audience a lieu devant la cour criminelle d\u2019Ille-et-Vilaine. | ZE\u00cfNABA DIALLO \/ ARCHIVES OUEST FRANCE<\/li>\n<\/ul>\n<p data-ofstats-scroll=\"read_depth_10\">Mon p\u00e8re m\u00e9prisait ce genre de comportement chez les autres hommes. Maintenant, il est devenu cette personne. En visioconf\u00e9rence depuis la Guyane, la fille de Carl London peine \u00e0 expliquer le geste de son p\u00e8re. Celui-ci, un homme de 54\u00a0ans, est jug\u00e9 depuis mardi 25\u00a0ao\u00fbt 2026 par la cour criminelle d\u2019Ille-et-Vilaine pour viol sur mineur de moins de 15\u00a0ans.<\/p>\n<p>Le 10\u00a0juin 2023, ce carreleur est h\u00e9berg\u00e9 dans l\u2019appartement d\u2019une famille pour qui il r\u00e9alise des travaux dans le sud du d\u00e9partement. Alors qu\u2019il est cens\u00e9 dormir sur le canap\u00e9 du salon, il rentre dans une chambre o\u00f9 dort l\u2019une des filles, \u00e2g\u00e9e de 11\u00a0ans, et s\u2019introduit dans le lit. La victime dit avoir reconnu\u00a0Carl London en raison de son&#8230;<\/p>\n<p style=\"text-align: center; background-color: #dbbe4d; padding-top: 5px; padding-bottom: 5px; font-size: 14px;\"><strong>D\u00e9j\u00e0 abonn\u00e9 ? <\/strong><a data-trkartmonet=\"Identification\" data-trk-sipa=\"{\" blockcategory=\"\" paywall=\"\" href=\"http:\/\/www.ouest-france.fr\/login?redirect=https:\/\/www.ouest-france.fr\/societe\/justice\/pas-un-predateur-classique-un-homme-de-54-ans-juge-a-rennes-pour-le-viol-dune-fillette-de-11-ans-358d28fe-a096-11f1-bba4-fb5ac80a227f\" rel=\"nofollow noopener\" title=\"Se connecter \u00e0 Ouest-France\" class=\"su-link-light\" target=\"_blank\">Connectez-vous<\/a><\/p>\n<p style=\"text-align: center; padding-top: 15px; padding-bottom: 8px; vertical-align: bottom;\">bloqu\u00e9<strong> Pour lire la suite, abonnez-vous<\/strong><\/p>\n<p style=\"text-align: center;\"><strong>1er mois \u00e0 1\u20ac<\/strong><\/p>\n<p style=\"text-align: center; margin-top: -5px;\">Annulable \u00e0 tout moment<\/p>\n<p style=\"text-align: center;\">\u00a0<\/p>\n<p style=\"text-align: center;\"><a data-ida=\"\" data-trkartmonet=\"Tunnel OF+\" data-trk-sipa=\"{&#010;\" blockcategory=\"\" paywall=\"\" :=\"\" m=\"\" of=\"\" class=\"su-button su-subscription\" data-trk-bloc=\"paywall\" href=\"https:\/\/abonnement.ouest-france.fr\/tunnel\/pack-essentiel-article\/122096117101?int_medium=lien&amp;int_campaign=PWFR0225-OF&amp;int_content=page-article-payant_boutonjaune-paywall&amp;marquesource=OF&amp;rt=https:\/\/www.ouest-france.fr\/societe\/justice\/pas-un-predateur-classique-un-homme-de-54-ans-juge-a-rennes-pour-le-viol-dune-fillette-de-11-ans-358d28fe-a096-11f1-bba4-fb5ac80a227f\" rel=\"nofollow noopener\" target=\"_blank\"><strong>Je m&rsquo;abonne<\/strong><\/a><\/p>\n<p style=\"text-align: center; padding-top: 10px; padding-bottom: 10px;\"><img decoding=\"async\" src=\"https:\/\/media.ouest-france.fr\/v1\/fonts\/be7723fcee3f1866f1ce99184077fc6f-carte-bancaire.svg?height=36\" alt=\"CB\"\/>\u00a0\u00a0<img decoding=\"async\" src=\"https:\/\/media.ouest-france.fr\/v1\/fonts\/1819d54c599d8afa64539cfba4ac9dde-rib.svg?height=36\" alt=\"RIB\"\/>\u00a0\u00a0<img decoding=\"async\" src=\"https:\/\/media.ouest-france.fr\/v1\/fonts\/065fc80d7b6a03d14a834c224ce723e1-paypal.svg?height=36\" alt=\"PAYPAL\"\/><\/p>\n","protected":false},"excerpt":{"rendered":"Article premium, R\u00e9serv\u00e9 aux\u00a0abonn\u00e9s Un homme de 54\u00a0ans est jug\u00e9, depuis mardi 25\u00a0ao\u00fbt 2026, par la cour criminelle&hellip;\n","protected":false},"author":2,"featured_media":1148997,"comment_status":"","ping_status":"","sticky":false,"template":"","format":"standard","meta":{"footnotes":"","_share_on_mastodon":"0"},"categories":[2821],"tags":[1111,11,829,1777,674,1011,27,848,303,12,584,25,1265,48217],"class_list":["post-1148996","post","type-post","status-publish","format-standard","has-post-thumbnail","category-rennes","tag-actu","tag-actualites","tag-bretagne","tag-eu","tag-europe","tag-fr","tag-france","tag-ille-et-vilaine","tag-justice","tag-news","tag-rennes","tag-republique-francaise","tag-viol","tag-violence-sexuelle"],"share_on_mastodon":{"url":"https:\/\/pubeurope.com\/@fr\/117159043601783274","error":""},"_links":{"self":[{"href":"https:\/\/www.europesays.com\/fr\/wp-json\/wp\/v2\/posts\/1148996","targetHints":{"allow":["GET"]}}],"collection":[{"href":"https:\/\/www.europesays.com\/fr\/wp-json\/wp\/v2\/posts"}],"about":[{"href":"https:\/\/www.europesays.com\/fr\/wp-json\/wp\/v2\/types\/post"}],"author":[{"embeddable":true,"href":"https:\/\/www.europesays.com\/fr\/wp-json\/wp\/v2\/users\/2"}],"replies":[{"embeddable":true,"href":"https:\/\/www.europesays.com\/fr\/wp-json\/wp\/v2\/comments?post=1148996"}],"version-history":[{"count":0,"href":"https:\/\/www.europesays.com\/fr\/wp-json\/wp\/v2\/posts\/1148996\/revisions"}],"wp:featuredmedia":[{"embeddable":true,"href":"https:\/\/www.europesays.com\/fr\/wp-json\/wp\/v2\/media\/1148997"}],"wp:attachment":[{"href":"https:\/\/www.europesays.com\/fr\/wp-json\/wp\/v2\/media?parent=1148996"}],"wp:term":[{"taxonomy":"category","embeddable":true,"href":"https:\/\/www.europesays.com\/fr\/wp-json\/wp\/v2\/categories?post=1148996"},{"taxonomy":"post_tag","embeddable":true,"href":"https:\/\/www.europesays.com\/fr\/wp-json\/wp\/v2\/tags?post=1148996"}],"curies":[{"name":"wp","href":"https:\/\/api.w.org\/{rel}","templated":true}]}}