{"id":114906,"date":"2025-05-20T18:07:08","date_gmt":"2025-05-20T18:07:08","guid":{"rendered":"https:\/\/www.europesays.com\/fr\/114906\/"},"modified":"2025-05-20T18:07:08","modified_gmt":"2025-05-20T18:07:08","slug":"le-moustique-tigre-frappe-encore","status":"publish","type":"post","link":"https:\/\/www.europesays.com\/fr\/114906\/","title":{"rendered":"le moustique tigre frappe encore"},"content":{"rendered":"<p>Des donn\u00e9es chiffr\u00e9es inqui\u00e9tantes ? Entre le 1er\u00a0et le 19 mai 2025, <a href=\"https:\/\/www.auvergne-rhone-alpes.ars.sante.fr\/moustique-tigre-bilan-2024-et-recommandations-la-population\" target=\"_blank\" rel=\"noopener\">Sant\u00e9 Publique France<\/a>\u00a0a notamment recens\u00e9\u00a0huit cas confirm\u00e9s (import\u00e9s) de dengue en Is\u00e8re, sept dans le Rh\u00f4ne et six en Savoie.\u00a0<\/p>\n<p>Cas confirm\u00e9s import\u00e9s de dengue dans chaque d\u00e9partement pendant cette p\u00e9riode :\u00a0<\/p>\n<ol>\n<li>Is\u00e8re\u00a0: 8.<\/li>\n<li>Savoie \u00a0: 6.<\/li>\n<li>Ain \u00a0: 3.\u00a0<\/li>\n<li>Haute-Savoie \u00a0: 2.\u00a0<\/li>\n<li>Ard\u00e8che &amp; Dr\u00f4me \u00a0: 0.\u00a0<\/li>\n<\/ol>\n<p>Concernant les cas confirm\u00e9s import\u00e9s de chikungunya, elle en a relev\u00e9, entre autres, treize dans le Rh\u00f4ne, huit en Is\u00e8re et cinq dans l&rsquo;Ain.\u00a0<\/p>\n<p>Cas confirm\u00e9s import\u00e9s de chikungunya\u00a0pour chaque territoire d\u00e9partemental dans ce m\u00eame laps de temps\u00a0:\u00a0<\/p>\n<ol>\n<li>Is\u00e8re \u00a0: 8.\u00a0<\/li>\n<li>Ain \u00a0: 5.\u00a0<\/li>\n<li>Savoie &amp; Haute-Savoie \u00a0: 2.\u00a0<\/li>\n<li>Ard\u00e8che &amp; Dr\u00f4me\u00a0 : 0.\u00a0<\/li>\n<\/ol>\n<p>Pendant la m\u00eame p\u00e9riode, au sein de la r\u00e9gion Auvergne Rh\u00f4ne-Alpes, 31 cas confirm\u00e9s import\u00e9s de dengue ont \u00e9t\u00e9 d\u00e9nombr\u00e9s contre 37 cas de chikungunya. Quant \u00e0 lui, toujours sur ce m\u00eame laps de temps, le nombre de cas suspects signal\u00e9s s&rsquo;\u00e9l\u00e8ve \u00e0 85.<\/p>\n<p>L&rsquo;an pass\u00e9 d\u00e9j\u00e0, 269 cas de dengue avaient \u00e9t\u00e9 recens\u00e9s dont 56 en Is\u00e8re. Toujours en 2024, 1 192 communes r\u00e9parties dans les douze d\u00e9partements de la r\u00e9gion Aura avaient \u00e9t\u00e9 impact\u00e9es par la pr\u00e9sence de cet insecte. Un parasite qui avait \u00e9t\u00e9 d\u00e9tect\u00e9 pour la premi\u00e8re fois en 2012 dans l&rsquo;hexagone et qui a d\u00e9j\u00e0 colonis\u00e9 pr\u00e8s d&rsquo;un quart des communes de la r\u00e9gion.\u00a0<\/p>\n","protected":false},"excerpt":{"rendered":"Des donn\u00e9es chiffr\u00e9es inqui\u00e9tantes ? Entre le 1er\u00a0et le 19 mai 2025, Sant\u00e9 Publique France\u00a0a notamment recens\u00e9\u00a0huit cas&hellip;\n","protected":false},"author":2,"featured_media":114907,"comment_status":"","ping_status":"","sticky":false,"template":"","format":"standard","meta":{"footnotes":""},"categories":[10],"tags":[2738,4646,2730,3856,3827,4645,115,7001,4637,112,113,116,9543,2737,436,107,1011,27,329,2731,4638,72,108,5140,2429,71,5508],"class_list":{"0":"post-114906","1":"post","2":"type-post","3":"status-publish","4":"format-standard","5":"has-post-thumbnail","7":"category-sante","8":"tag-ain","9":"tag-ardeche","10":"tag-drome","11":"tag-edition-annecy-rumilly-les-aravis","12":"tag-edition-annonay-nord-ardeche","13":"tag-edition-aubenas-privas-vallee-du-rhone","14":"tag-edition-bourgoin-jallieu-nord-dauphine","15":"tag-edition-chambery-aix-les-bains","16":"tag-edition-grand-geneve-chablais-ain","17":"tag-edition-grenoble-agglomeration","18":"tag-edition-gresivaudan-oisans","19":"tag-edition-la-tour-du-pin-nord-dauphine","20":"tag-edition-mont-blanc-arve","21":"tag-edition-romans-nord-drome","22":"tag-environnement","23":"tag-fil-info","24":"tag-fr","25":"tag-france","26":"tag-france-monde","27":"tag-grenoble","28":"tag-haute-savoie","29":"tag-health","30":"tag-isere","31":"tag-rechauffement-climatique","32":"tag-rhone","33":"tag-sante","34":"tag-savoie"},"share_on_mastodon":{"url":"","error":"Validation failed: Text character limit of 500 exceeded"},"_links":{"self":[{"href":"https:\/\/www.europesays.com\/fr\/wp-json\/wp\/v2\/posts\/114906","targetHints":{"allow":["GET"]}}],"collection":[{"href":"https:\/\/www.europesays.com\/fr\/wp-json\/wp\/v2\/posts"}],"about":[{"href":"https:\/\/www.europesays.com\/fr\/wp-json\/wp\/v2\/types\/post"}],"author":[{"embeddable":true,"href":"https:\/\/www.europesays.com\/fr\/wp-json\/wp\/v2\/users\/2"}],"replies":[{"embeddable":true,"href":"https:\/\/www.europesays.com\/fr\/wp-json\/wp\/v2\/comments?post=114906"}],"version-history":[{"count":0,"href":"https:\/\/www.europesays.com\/fr\/wp-json\/wp\/v2\/posts\/114906\/revisions"}],"wp:featuredmedia":[{"embeddable":true,"href":"https:\/\/www.europesays.com\/fr\/wp-json\/wp\/v2\/media\/114907"}],"wp:attachment":[{"href":"https:\/\/www.europesays.com\/fr\/wp-json\/wp\/v2\/media?parent=114906"}],"wp:term":[{"taxonomy":"category","embeddable":true,"href":"https:\/\/www.europesays.com\/fr\/wp-json\/wp\/v2\/categories?post=114906"},{"taxonomy":"post_tag","embeddable":true,"href":"https:\/\/www.europesays.com\/fr\/wp-json\/wp\/v2\/tags?post=114906"}],"curies":[{"name":"wp","href":"https:\/\/api.w.org\/{rel}","templated":true}]}}