{"id":1149081,"date":"2026-08-26T01:41:25","date_gmt":"2026-08-26T01:41:25","guid":{"rendered":"https:\/\/www.europesays.com\/fr\/1149081\/"},"modified":"2026-08-26T01:41:25","modified_gmt":"2026-08-26T01:41:25","slug":"guillaume-tabard-la-peur-des-candidats-a-la-presidentielle-dassumer-des-mesures-difficiles","status":"publish","type":"post","link":"https:\/\/www.europesays.com\/fr\/1149081\/","title":{"rendered":"Guillaume Tabard : \u00abLa peur des candidats \u00e0 la pr\u00e9sidentielle d\u2019assumer des mesures difficiles\u00bb"},"content":{"rendered":"<p>\n    <strong>CONTRE-POINT &#8211; <\/strong>De Gabriel Attal \u00e0 Marine Le\u00a0Pen, chacun proclame l\u2019urgence qu\u2019il y a \u00e0 redresser les finances publiques. Mais le b\u00e2t blesse lorsqu\u2019il s\u2019agit de passer de l\u2019\u00e9nonc\u00e9 de principes g\u00e9n\u00e9raux \u00e0 l\u2019\u00e9num\u00e9ration de d\u00e9cisions concr\u00e8tes, forc\u00e9ment impopulaires.<\/p>\n<p class=\"fig-paragraph\">Le\u00a0<a href=\"http:\/\/www.lefigaro.fr\/conjoncture\/budget-ces-astuces-que-le-gouvernement-peut-utiliser-pour-augmenter-les-impots-en-promettant-le-contraire-20260823\" data-fig-type=\"Article\" data-gtm-custom-categorie=\"navigation\" data-gtm-custom-action=\"crossclick\" data-gtm-custom-label=\"Contextuel\" data-gtm-event=\"customEventSPE\" data-fig-domain=\"LEFIGARO\" rel=\"nofollow noopener\" target=\"_blank\">redressement des finances publiques<\/a>, pourtant vital, attendra. Jusqu\u2019\u00e0 la pr\u00e9sidentielle, veulent croire les na\u00effs. Bien au-del\u00e0, doit-on plut\u00f4t redouter, une campagne pr\u00e9sidentielle \u00e9tant davantage propice aux promesses d\u00e9magogiques qu\u2019aux engagements courageux.<\/p>\n<p class=\"fig-paragraph\">\u00ab\u200aSommes-nous pr\u00eats \u00e0 assumer les efforts n\u00e9cessaires pour rester une nation libre, prosp\u00e8re et solidaire\u00a0?\u00a0\u00bb La r\u00e9ponse des candidats \u00e0 la pr\u00e9sidentielle qui planchent ce jeudi devant la\u00a0<a href=\"http:\/\/www.lefigaro.fr\/societes\/une-majorite-de-patrons-francais-apprehende-la-politique-economique-du-prochain-president-selon-une-etude-du-medef-20260825\" data-fig-type=\"NewsFlash\" data-gtm-custom-categorie=\"navigation\" data-gtm-custom-action=\"crossclick\" data-gtm-custom-label=\"Contextuel\" data-gtm-event=\"customEventSPE\" data-fig-domain=\"LEFIGARO\" rel=\"nofollow noopener\" target=\"_blank\">Rencontre des entrepreneurs de France<\/a>\u00a0(REF) sera un test. Il y en a un dont on sait qu\u2019il ne cherchera \u00e0 satisfaire ni les patrons ni les march\u00e9s\u00a0: Jean-Luc M\u00e9lenchon, qui fait du non-remboursement de la dette l\u2019\u00e9tendard de son programme \u00e9conomique et n\u2019envisage d\u2019autre moyen de r\u00e9duire les d\u00e9ficits qu\u2019en taxant les \u00ab\u00a0riches\u00a0\u00bb. Mais les autres\u00a0?<\/p>\n<p class=\"fig-paragraph\">De Gabriel Attal \u00e0 Marine Le\u00a0Pen, chacun proclame l\u2019urgence qu\u2019il y a \u00e0 redresser les finances publiques. En s\u2019engageant qui \u00e0 rationaliser l\u2019organisation de l\u2019\u00c9tat, qui \u00e0 repenser\u2026<\/p>\n<p class=\"fig-premium-paywall__infos\">\n        Cet article est r\u00e9serv\u00e9 aux abonn\u00e9s.        Il vous reste 71% \u00e0 d\u00e9couvrir.\n    <\/p>\n<p>                <img  data- alt=\"Le Figaro\" class=\"fig-img--complete fig-img\"\/><\/p>\n<p class=\"fig-premium-paywall__title\">Vous avez envie de lire la suite ?<\/p>\n<p class=\"fig-premium-paywall__subtitle\">D\u00e9bloquez tous les articles imm\u00e9diatement.<\/p>\n<p class=\"fig-premium-paywall__connect\">\n                D\u00e9j\u00e0 abonn\u00e9\u00a0?                <a class=\"fig-premium-paywall__connect-link\" href=\"https:\/\/connect.lefigaro.fr\/login?client=horizon_web&amp;type=main&amp;redirect_uri=https%3A%2F%2Fwww.lefigaro.fr%2Felections%2Fpresidentielles%2Fguillaume-tabard-la-peur-des-candidats-a-la-presidentielle-d-assumer-des-mesures-difficiles-20260825\" data-js-gtm=\"{&quot;event&quot;:&quot;customEventGA4&quot;,&quot;eventName&quot;:&quot;click_action&quot;,&quot;feature&quot;:&quot;paywall&quot;,&quot;location&quot;:&quot;paywall&quot;,&quot;button_action&quot;:&quot;connect&quot;,&quot;click_text&quot;:&quot;Connectez-vous&quot;}\" rel=\"nofollow noopener\" target=\"_blank\"><br \/>\n                    Connectez-vous<br \/>\n                <\/a>\n            <\/p>\n","protected":false},"excerpt":{"rendered":"CONTRE-POINT &#8211; De Gabriel Attal \u00e0 Marine Le\u00a0Pen, chacun proclame l\u2019urgence qu\u2019il y a \u00e0 redresser les finances&hellip;\n","protected":false},"author":2,"featured_media":1149082,"comment_status":"","ping_status":"","sticky":false,"template":"","format":"standard","meta":{"footnotes":"","_share_on_mastodon":"0"},"categories":[4],"tags":[11,6327,11984,1011,27,12,25],"class_list":["post-1149081","post","type-post","status-publish","format-standard","has-post-thumbnail","category-france","tag-actualites","tag-dette","tag-election-presidentielle","tag-fr","tag-france","tag-news","tag-republique-francaise"],"share_on_mastodon":{"url":"https:\/\/pubeurope.com\/@fr\/117159270036909999","error":""},"_links":{"self":[{"href":"https:\/\/www.europesays.com\/fr\/wp-json\/wp\/v2\/posts\/1149081","targetHints":{"allow":["GET"]}}],"collection":[{"href":"https:\/\/www.europesays.com\/fr\/wp-json\/wp\/v2\/posts"}],"about":[{"href":"https:\/\/www.europesays.com\/fr\/wp-json\/wp\/v2\/types\/post"}],"author":[{"embeddable":true,"href":"https:\/\/www.europesays.com\/fr\/wp-json\/wp\/v2\/users\/2"}],"replies":[{"embeddable":true,"href":"https:\/\/www.europesays.com\/fr\/wp-json\/wp\/v2\/comments?post=1149081"}],"version-history":[{"count":0,"href":"https:\/\/www.europesays.com\/fr\/wp-json\/wp\/v2\/posts\/1149081\/revisions"}],"wp:featuredmedia":[{"embeddable":true,"href":"https:\/\/www.europesays.com\/fr\/wp-json\/wp\/v2\/media\/1149082"}],"wp:attachment":[{"href":"https:\/\/www.europesays.com\/fr\/wp-json\/wp\/v2\/media?parent=1149081"}],"wp:term":[{"taxonomy":"category","embeddable":true,"href":"https:\/\/www.europesays.com\/fr\/wp-json\/wp\/v2\/categories?post=1149081"},{"taxonomy":"post_tag","embeddable":true,"href":"https:\/\/www.europesays.com\/fr\/wp-json\/wp\/v2\/tags?post=1149081"}],"curies":[{"name":"wp","href":"https:\/\/api.w.org\/{rel}","templated":true}]}}