{"id":1149134,"date":"2026-08-26T02:28:36","date_gmt":"2026-08-26T02:28:36","guid":{"rendered":"https:\/\/www.europesays.com\/fr\/1149134\/"},"modified":"2026-08-26T02:28:36","modified_gmt":"2026-08-26T02:28:36","slug":"ils-ont-une-liste-type-pourquoi-des-touristes-du-monde-entier-se-ruent-dans-les-pharmacies-francaises","status":"publish","type":"post","link":"https:\/\/www.europesays.com\/fr\/1149134\/","title":{"rendered":"\u00ab\u00a0Ils ont une liste type\u00a0\u00bb : pourquoi des touristes du monde entier se ruent dans les pharmacies fran\u00e7aises"},"content":{"rendered":"<ul class=\"jsx-25100651 ArticleChapo__List\">\n<li class=\"jsx-25100651 ArticleChapo__List_Item flex\">Cet \u00e9t\u00e9 encore, les touristes \u00e9trangers ont afflu\u00e9 dans les pharmacies parisiennes, certains repartant avec des valises pleines.<\/li>\n<li class=\"jsx-25100651 ArticleChapo__List_Item flex\">Pourquoi une telle ru\u00e9e ?<\/li>\n<li class=\"jsx-25100651 ArticleChapo__List_Item flex\">Une \u00e9quipe de TF1 s&rsquo;est m\u00eal\u00e9e aux acheteurs.<\/li>\n<\/ul>\n<p><a href=\"https:\/\/www.tf1info.fr\/emissions\/tf1\/le-20h-11001\/\" rel=\"nofollow noopener\" class=\"jsx-2067374227 Link jsx-2275206292 jsx-1861676677\" target=\"_blank\"><\/p>\n<p style=\"font-weight:400\" class=\"jsx-3580589320\">Suivez la couverture compl\u00e8te<\/p>\n<p style=\"font-weight:800\" class=\"jsx-3580589320\">Le 20H<\/p>\n<p><\/a><a href=\"https:\/\/www.google.com\/preferences\/source?q=tf1info.fr\" class=\"jsx-2150648137 jsx-976369737 ActionButton ActionButton--withBorder\" rel=\"nofollow noopener\" target=\"_blank\"><\/p>\n<p> Ajoutez TF1info \u00e0 vos sources sur Google <\/p>\n<p><\/a><\/p>\n<p id=\"body-_R_17t7pm_-block-6\" data-module=\"article-paragraph\" class=\"jsx-2921227388 Paragraph Paragraph__End\">Paris, ses monuments phares, ses millions de visiteurs chaque \u00e9t\u00e9&#8230; et d\u00e9sormais ses pharmacies, o\u00f9 se ruent les touristes du monde entier. Et voici ce qui les attire tous : les rayons para-pharmacie, charg\u00e9s de cr\u00e8mes, de lotions, de s\u00e9rums et de vitamines. On appelle \u00e7a la \u00ab\u00a0French Pharmacy\u00a0\u00bb.\u00a0<\/p>\n<p id=\"body-_R_17t7pm_-block-7\" data-module=\"article-paragraph\" class=\"jsx-2921227388 Paragraph Paragraph__End\">\u00ab\u00a0Celui-l\u00e0, c&rsquo;est pour ma m\u00e8re, j&rsquo;esp\u00e8re qu&rsquo;elle appr\u00e9ciera. Elle va l&rsquo;adorer\u00a0\u00bb, lance, dans le reportage du 20H de TF1 visible en t\u00eate de cet article, un touriste am\u00e9ricain en montrant un lot de cr\u00e8mes. Ces produits, beaucoup ne les connaissaient pas avant de les d\u00e9couvrir sur les r\u00e9seaux sociaux. Car depuis quelques ann\u00e9es, des influenceuses du monde entier se filment dans les officines parisiennes, d\u00e9voilant leurs trouvailles et leurs produits pr\u00e9f\u00e9r\u00e9s. \u00ab\u00a0Mon panier est presque plein, j&rsquo;en ai pour combien, \u00e0 votre avis ?\u00a0\u00bb, interroge l&rsquo;une d&rsquo;elles dans une vid\u00e9o que montre notre reportage.\u00a0<\/p>\n<p>\u00ab\u00a0En Chine, \u00e7a vaut trop cher\u00a0\u00bb<\/p>\n<p id=\"body-_R_17t7pm_-block-11\" data-module=\"article-paragraph\" class=\"jsx-2921227388 Paragraph\">Pour leurs millions d&rsquo;abonn\u00e9s, ces vid\u00e9os sont devenues une liste de courses. \u00ab\u00a0Ils ont une liste type, explique face \u00e0 notre cam\u00e9ra Najet Ouardani, pr\u00e9paratrice en pharmacie dans une officine du Ve arrondissement de la capitale. Souvent, ils prennent les produits qu&rsquo;ils ont trouv\u00e9s sur Internet, et du coup, ils viennent quand m\u00eame nous demander conseil\u00a0\u00bb.\u00a0<\/p>\n<p data-module=\"article-paragraph\" class=\"jsx-2921227388 Paragraph Paragraph__End\">Face \u00e0 cet afflux de touristes, cette pharmacie parisienne, comme d&rsquo;autres, a d\u00fb s&rsquo;adapter. Les cosm\u00e9tiques et les m\u00e9dicaments ont chacun leur comptoir d\u00e9di\u00e9. \u00ab\u00a0C&rsquo;est g\u00e9nial d&rsquo;avoir cette client\u00e8le. Nous, \u00e7a ne nous emp\u00eache pas de venir, c&rsquo;est une pharmacie quotidienne\u00a0\u00bb, commente une habitu\u00e9e. Des conseillers bilingues, voire trilingues, ont \u00e9t\u00e9 recrut\u00e9s. Anderson, par exemple, pour la client\u00e8le du Br\u00e9sil. \u00ab\u00a0Au Br\u00e9sil, on ne trouve pas ces produits de qualit\u00e9\u00a0\u00bb, indique une femme qu&rsquo;il vient de servir. Anglais, Espagnols, Arabes, chinois, les demandes viennent du monde entier. \u00ab\u00a0En Chine, \u00e7a vaut trop cher. Le prix et la qualit\u00e9, c&rsquo;est mieux en France\u00a0\u00bb, assure Qiang Yang, conseill\u00e8re client\u00e8le.<\/p>\n<p><a href=\"https:\/\/www.tf1info.fr\/sante\/video-reportage-c-est-ultra-dangereux-la-mise-en-garde-des-pharmaciens-face-a-l-essor-des-sites-illegaux-de-vente-de-medicaments-2442600.html\" rel=\"nofollow noopener\" class=\"jsx-958316424 Link flex\" target=\"_blank\"><img decoding=\"async\" src=\"https:\/\/www.europesays.com\/fr\/wp-content\/uploads\/2026\/08\/medicaments-en-ligne-jta-af4db4-0@1x.jpeg\" alt=\"MEDICAMENTS EN LIGNE (JTA)\" loading=\"lazy\" importance=\"low\" fetchpriority=\"low\" class=\"\" copyright=\"TF1\" aria-hidden=\"true\"\/><\/p>\n<p class=\"jsx-4054529586 ReadMoreArticle__Title\">Lire aussi<\/p>\n<p class=\"jsx-4054529586\">\u00ab\u00a0C&rsquo;est ultra-dangereux\u00a0\u00bb : la mise en garde des pharmaciens face \u00e0 l&rsquo;essor des sites ill\u00e9gaux de vente de m\u00e9dicaments<\/p>\n<p><\/a><\/p>\n<p id=\"body-_R_17t7pm_-block-13\" data-module=\"article-paragraph\" class=\"jsx-2921227388 Paragraph Paragraph__End\">Autre quartier de Paris, autre pharmacie, et l\u00e0 encore, des paniers bien remplis. Ici, les touristes hors Union europ\u00e9enne ne payent pas de TVA sur leurs achats. R\u00e9sultat, plus de 800 euros sont d\u00e9pens\u00e9s sous les yeux de notre \u00e9quipe par une cliente asiatique. \u00ab\u00a0On va avoir une large gamme de produits, les gens peuvent faire un choix. Et il y a aussi la d\u00e9taxe, environ 10 \u00e0 15% de d\u00e9taxe\u00a0\u00bb, souligne Elena Beurdila, conseill\u00e8re en vente parmapharmaceutique dans cette officine du IXe arrondissement de Paris. En France, les pharmacies n&rsquo;ont pas le droit de faire de publicit\u00e9. Mais les vid\u00e9os publi\u00e9es sur les r\u00e9seaux sociaux s&rsquo;en chargent pour elles.<\/p>\n<p>La r\u00e9daction de TF1info | Reportage : Jean-Marie BAGAYOKO, Vincent PIERRON<\/p>\n","protected":false},"excerpt":{"rendered":"Cet \u00e9t\u00e9 encore, les touristes \u00e9trangers ont afflu\u00e9 dans les pharmacies parisiennes, certains repartant avec des valises pleines.&hellip;\n","protected":false},"author":2,"featured_media":1149135,"comment_status":"","ping_status":"","sticky":false,"template":"","format":"standard","meta":{"footnotes":"","_share_on_mastodon":"0"},"categories":[1888],"tags":[1111,1928,11,1927,1921,1777,674,1011,27,662,1922,2952,12,1926,626,1925,25,133,12115],"class_list":["post-1149134","post","type-post","status-publish","format-standard","has-post-thumbnail","category-paris","tag-actu","tag-actu-paris","tag-actualites","tag-actualites-paris","tag-article-video","tag-eu","tag-europe","tag-fr","tag-france","tag-ile-de-france","tag-info","tag-le-20h","tag-news","tag-news-paris","tag-paris","tag-paris-news","tag-republique-francaise","tag-video","tag-video-conso-et-tendances"],"share_on_mastodon":{"url":"https:\/\/pubeurope.com\/@fr\/117159456595795342","error":""},"_links":{"self":[{"href":"https:\/\/www.europesays.com\/fr\/wp-json\/wp\/v2\/posts\/1149134","targetHints":{"allow":["GET"]}}],"collection":[{"href":"https:\/\/www.europesays.com\/fr\/wp-json\/wp\/v2\/posts"}],"about":[{"href":"https:\/\/www.europesays.com\/fr\/wp-json\/wp\/v2\/types\/post"}],"author":[{"embeddable":true,"href":"https:\/\/www.europesays.com\/fr\/wp-json\/wp\/v2\/users\/2"}],"replies":[{"embeddable":true,"href":"https:\/\/www.europesays.com\/fr\/wp-json\/wp\/v2\/comments?post=1149134"}],"version-history":[{"count":0,"href":"https:\/\/www.europesays.com\/fr\/wp-json\/wp\/v2\/posts\/1149134\/revisions"}],"wp:featuredmedia":[{"embeddable":true,"href":"https:\/\/www.europesays.com\/fr\/wp-json\/wp\/v2\/media\/1149135"}],"wp:attachment":[{"href":"https:\/\/www.europesays.com\/fr\/wp-json\/wp\/v2\/media?parent=1149134"}],"wp:term":[{"taxonomy":"category","embeddable":true,"href":"https:\/\/www.europesays.com\/fr\/wp-json\/wp\/v2\/categories?post=1149134"},{"taxonomy":"post_tag","embeddable":true,"href":"https:\/\/www.europesays.com\/fr\/wp-json\/wp\/v2\/tags?post=1149134"}],"curies":[{"name":"wp","href":"https:\/\/api.w.org\/{rel}","templated":true}]}}