{"id":1149163,"date":"2026-08-26T02:55:19","date_gmt":"2026-08-26T02:55:19","guid":{"rendered":"https:\/\/www.europesays.com\/fr\/1149163\/"},"modified":"2026-08-26T02:55:19","modified_gmt":"2026-08-26T02:55:19","slug":"cyclisme-championnats-du-monde-pedersen-et-skjelmose-pour-mener-le-danemark-au-canada","status":"publish","type":"post","link":"https:\/\/www.europesays.com\/fr\/1149163\/","title":{"rendered":"Cyclisme. Championnats du Monde &#8211; Pedersen et Skjelmose pour mener le Danemark au Canada"},"content":{"rendered":"<p>A un peu moins d&rsquo;un mois des <strong>Championnats du monde<\/strong> de cyclisme sur route, qui se d\u00e9rouleront \u00e0 Montr\u00e9al, au Canada, le Danemark a d\u00e9voil\u00e9 sa s\u00e9lection pour la course en ligne masculine. Sans r\u00e9elle surprise, la formation danoise sera emmen\u00e9e par les deux coureurs de la <strong>Lidl-Trek<\/strong>, \u00e0 savoir <strong><a href=\"https:\/\/www.cyclismactu.net\/..\/news-tour-d-espagne-route-skjelmose-pedersen-kamna-compo-de-lidl-trek-pour-vuelta-95550.html\" target=\"_blank\" rel=\"nofollow noopener\">Mads Pedersen<\/a><\/strong> et <strong>Mattias Skjelmose<\/strong>, qui tenteront de d\u00e9crocher le maillot arc-en-ciel. Pour les accompagner, le s\u00e9lectionneur danois, <strong>Michael Morkov<\/strong>, a pris la d\u00e9cision de s&rsquo;appuyer sur une \u00e9quipe exp\u00e9riment\u00e9e. <strong><a href=\"https:\/\/www.cyclismactu.net\/..\/news-cyclisme-route-transfert-la-nsn-cycling-team-a-recrute-un-vainqueur-du-tour-des-flandres-95656.html\" target=\"_blank\" rel=\"nofollow noopener\">Kasper Asgreen<\/a><\/strong>, <strong>Mikkel Bjerg<\/strong>, <strong>Andreas Kron<\/strong>, <strong>Michael Valgren<\/strong>, <strong>Mikkel Honor\u00e9<\/strong> et <strong>Soren Kragh Andersen<\/strong> seront les six autres coureurs charg\u00e9s de repr\u00e9senter le Danemark dans ces\u00a0<strong>Championnats du monde<\/strong>\u00a0sur route. Concernant l&rsquo;\u00e9preuve du contre-la-montre, ce sont <strong>Kasper Asgreen<\/strong> et <strong>Mikkel Bjerg<\/strong> qui repr\u00e9senteront la d\u00e9l\u00e9gation danoise.\u00a0<\/p>\n<p>\u00a0<\/p>\n<p>Michael <strong>Morkov<\/strong>: \u00ab\u00a0Je m&rsquo;attends \u00e0 ce que nous jouions le titre mondial\u00a0\u00bb.\u00a0<\/p>\n<p>S\u00e9lectionneur du Danemark depuis 2025, <strong>Michael Morkov\u00a0<\/strong>voit cette \u00e9dition comme une r\u00e9elle opportunit\u00e9 de ramener le titre dans son pays. \u00ab\u00a0Cette fois-ci, j&rsquo;ai pu choisir parmi nos meilleurs coureurs. Cela a rendu la d\u00e9cision difficile et, malheureusement, certains coureurs de haut niveau n&rsquo;ont pas \u00e9t\u00e9 retenus. Avec Mattias et Mads comme leaders, je m&rsquo;attends \u00e0 ce que nous jouions le titre mondial.\u00a0\u00bb Pour ce qui est de l&rsquo;\u00e9preuve du contre la montre, le s\u00e9lectionneur danois se montre \u00e9galement ambitieux. \u00ab\u00a0Mikkel et Kasper figurent parmi les meilleurs sp\u00e9cialistes du contre-la-montre au monde depuis des ann\u00e9es et tous deux ont le potentiel pour se battre pour les m\u00e9dailles.\u00a0\u00bb\u00a0<\/p>\n<p>A lire aussi&#8230;<\/p>\n","protected":false},"excerpt":{"rendered":"A un peu moins d&rsquo;un mois des Championnats du monde de cyclisme sur route, qui se d\u00e9rouleront \u00e0&hellip;\n","protected":false},"author":2,"featured_media":1149164,"comment_status":"","ping_status":"","sticky":false,"template":"","format":"standard","meta":{"footnotes":"","_share_on_mastodon":"0"},"categories":[1411],"tags":[22448,1154,207,211,1011,27,209,60,210,212,208,213],"class_list":["post-1149163","post","type-post","status-publish","format-standard","has-post-thumbnail","category-cyclisme","tag-championnats-du-monde","tag-cycling","tag-cyclisme","tag-ffc","tag-fr","tag-france","tag-route","tag-sports","tag-tour-de-france","tag-uci","tag-velo","tag-world-tour"],"share_on_mastodon":{"url":"https:\/\/pubeurope.com\/@fr\/117159560954436692","error":""},"_links":{"self":[{"href":"https:\/\/www.europesays.com\/fr\/wp-json\/wp\/v2\/posts\/1149163","targetHints":{"allow":["GET"]}}],"collection":[{"href":"https:\/\/www.europesays.com\/fr\/wp-json\/wp\/v2\/posts"}],"about":[{"href":"https:\/\/www.europesays.com\/fr\/wp-json\/wp\/v2\/types\/post"}],"author":[{"embeddable":true,"href":"https:\/\/www.europesays.com\/fr\/wp-json\/wp\/v2\/users\/2"}],"replies":[{"embeddable":true,"href":"https:\/\/www.europesays.com\/fr\/wp-json\/wp\/v2\/comments?post=1149163"}],"version-history":[{"count":0,"href":"https:\/\/www.europesays.com\/fr\/wp-json\/wp\/v2\/posts\/1149163\/revisions"}],"wp:featuredmedia":[{"embeddable":true,"href":"https:\/\/www.europesays.com\/fr\/wp-json\/wp\/v2\/media\/1149164"}],"wp:attachment":[{"href":"https:\/\/www.europesays.com\/fr\/wp-json\/wp\/v2\/media?parent=1149163"}],"wp:term":[{"taxonomy":"category","embeddable":true,"href":"https:\/\/www.europesays.com\/fr\/wp-json\/wp\/v2\/categories?post=1149163"},{"taxonomy":"post_tag","embeddable":true,"href":"https:\/\/www.europesays.com\/fr\/wp-json\/wp\/v2\/tags?post=1149163"}],"curies":[{"name":"wp","href":"https:\/\/api.w.org\/{rel}","templated":true}]}}