{"id":114918,"date":"2025-05-20T18:13:08","date_gmt":"2025-05-20T18:13:08","guid":{"rendered":"https:\/\/www.europesays.com\/fr\/114918\/"},"modified":"2025-05-20T18:13:08","modified_gmt":"2025-05-20T18:13:08","slug":"football-basket-sports-de-combat-ces-clubs-noyautes-par-le-fondamentalisme-islamiste","status":"publish","type":"post","link":"https:\/\/www.europesays.com\/fr\/114918\/","title":{"rendered":"Football, basket, sports de combat\u2026 Ces clubs \u00ab\u00a0noyaut\u00e9s\u00a0\u00bb par le fondamentalisme islamiste"},"content":{"rendered":"<p><strong>EXCLUSIF &#8211; <\/strong>Dans le rapport sur les Fr\u00e8res musulmans d\u00e9voil\u00e9 par Le Figaro, les sp\u00e9cialistes pointent la \u00ab\u00a0r\u00e9ticence\u00a0\u00bb de certaines f\u00e9d\u00e9rations vis-\u00e0-vis des contr\u00f4les men\u00e9s par les services de l\u2019\u00c9tat. Au sein du gouvernement, le port du voile en comp\u00e9tition fait toujours d\u00e9bat.<\/p>\n<p class=\"fig-paragraph\">Trente ans apr\u00e8s sa circulaire sur la \u00ab\u00a0neutralit\u00e9 de l\u2019enseignement public\u00a0\u00bb, interdisant le foulard \u00e0 l\u2019\u00e9cole,\u00a0<a href=\"http:\/\/www.lefigaro.fr\/politique\/voile-dans-le-sport-bayrou-durcit-le-ton-et-convoque-des-ministres-apres-des-critiques-internes-inacceptables-20250318\" target=\"_blank\" data-fig-type=\"NewsFlash\" rel=\"noopener\" data-gtm-custom-categorie=\"navigation\" data-gtm-custom-action=\"crossclick\" data-gtm-custom-label=\"Contextuel\" data-gtm-event=\"customEventSPE\" data-fig-domain=\"LEFIGARO\">Fran\u00e7ois Bayrou parviendra-t-il \u00e0 faire de m\u00eame dans le sport\u00a0<\/a>? Au fond, a-t-il vraiment conscience de l\u2019urgence\u00a0? Sur X, \u00ab\u00a0clarifiait\u00a0\u00bb le premier ministre le 1er\u00a0avril, \u00ab\u00a0l\u2019objet de la proposition de loi (\u2026) n\u2019est pas l\u2019interdiction du voile dans le sport mais l\u2019interdiction dans les comp\u00e9titions officielles. C\u2019est cela qui a mon accord\u00a0\u00bb.<\/p>\n<p class=\"fig-paragraph\">Alors qu\u2019un texte \u00ab\u00a0visant \u00e0 assurer le respect du principe de la\u00efcit\u00e9 dans le sport\u00a0\u00bb\u00a0<a href=\"http:\/\/www.lefigaro.fr\/flash-sport\/voile-dans-le-sport-le-senat-adopte-une-proposition-de-loi-de-la-droite-pour-interdire-le-port-de-signes-religieux-20250218\" target=\"_blank\" data-fig-type=\"NewsFlash\" rel=\"noopener\" data-gtm-custom-categorie=\"navigation\" data-gtm-custom-action=\"crossclick\" data-gtm-custom-label=\"Contextuel\" data-gtm-event=\"customEventSPE\" data-fig-domain=\"LEFIGARO\">a \u00e9t\u00e9 vot\u00e9 au S\u00e9nat en mars<\/a>, l\u2019Assembl\u00e9e nationale, elle, n\u2019a toujours pas trouv\u00e9 de date pour l\u2019examiner. Pourtant, si l\u2019on en croit le\u00a0<a href=\"http:\/\/www.lefigaro.fr\/actualite-france\/reseaux-tentaculaires-organisation-secrete-quartiers-islamises-le-rapport-choc-sur-les-freres-musulmans-qui-veulent-instaurer-la-charia-en-france-20250520\" target=\"_blank\" data-fig-type=\"Article\" rel=\"noopener\" data-gtm-custom-categorie=\"navigation\" data-gtm-custom-action=\"crossclick\" data-gtm-custom-label=\"Contextuel\" data-gtm-event=\"customEventSPE\" data-fig-domain=\"LEFIGARO\">rapport sur les Fr\u00e8res musulmans<\/a>\u00a0rendu public ce mercredi, les \u00ab\u00a0men\u00e9es s\u00e9paratistes\u00a0\u00bb prosp\u00e8rent dans les clubs de sport, o\u00f9 \u00ab\u00a0le football, le basket et les sports de combat sont particuli\u00e8rement cibl\u00e9s\u00a0\u00bb.<\/p>\n<p class=\"fig-paragraph\">En 2020, rappelle le rapport, 127 associations sportives &#8211; rassemblant quelque 65\u00a0.00\u2026<\/p>\n<p class=\"fig-premium-paywall__infos\">\n        Cet article est r\u00e9serv\u00e9 aux abonn\u00e9s.        Il vous reste 86% \u00e0 d\u00e9couvrir.\n    <\/p>\n<p>                <img  data- alt=\"Le Figaro\" class=\"fig-img--complete fig-img\"\/><\/p>\n<p class=\"fig-premium-paywall__title\">Vente Flash<\/p>\n<p class=\"fig-premium-paywall__subtitle\">4,99\u20ac par mois pendant 12 mois. Sans engagement.<\/p>\n<p class=\"fig-premium-paywall__connect\">\n                D\u00e9j\u00e0 abonn\u00e9\u00a0?                <a class=\"fig-premium-paywall__connect-link\" href=\"https:\/\/connect.lefigaro.fr\/login?client=horizon_web&amp;type=main&amp;redirect_uri=https%3A%2F%2Fwww.lefigaro.fr%2Factualite-france%2Ffootball-basket-sports-de-combat-ces-clubs-noyautes-par-le-fondamentalisme-islamiste-20250520\" data-js-gtm=\"{&quot;customCategorie&quot;: &quot;conversion&quot;, &quot;customAction&quot;: &quot;before_Landing_Connexion_paywall_auto&quot;, &quot;customLabel&quot;: &quot;bGVmaWdhcm8uZnJfXzFmMDA5NmJiLWEzNTMtNmFlMi04OWNmLWMxODdmNWMwNmFiZl9fQXJ0aWNsZQ==_Football, basket, sports de combat\u2026 Ces clubs \u00ab\u00a0noyaut\u00e9s\u00a0\u00bb par le fondamentalisme islamiste_79&quot;, &quot;customIDSPE&quot;: &quot;bGVmaWdhcm8uZnJfXzFmMDA5NmJiLWEzNTMtNmFlMi04OWNmLWMxODdmNWMwNmFiZl9fQXJ0aWNsZQ==&quot;, &quot;event&quot;: &quot;customEventSPE&quot;}\" target=\"_blank\" rel=\"noopener\"><br \/>\n                    Connectez-vous<br \/>\n                <\/a>\n            <\/p>\n","protected":false},"excerpt":{"rendered":"EXCLUSIF &#8211; Dans le rapport sur les Fr\u00e8res musulmans d\u00e9voil\u00e9 par Le Figaro, les sp\u00e9cialistes pointent la \u00ab\u00a0r\u00e9ticence\u00a0\u00bb&hellip;\n","protected":false},"author":2,"featured_media":114919,"comment_status":"","ping_status":"","sticky":false,"template":"","format":"standard","meta":{"footnotes":""},"categories":[4],"tags":[47,1058,1054,1059,1060,1055,11,1057,118,1011,27,9305,1061,303,12,1062,25,656,104,1056,517,809,10887],"class_list":{"0":"post-114918","1":"post","2":"type-post","3":"status-publish","4":"format-standard","5":"has-post-thumbnail","7":"category-france","8":"tag-actualite","9":"tag-actualite-education","10":"tag-actualite-france","11":"tag-actualite-justice","12":"tag-actualite-securite","13":"tag-actualite-societe","14":"tag-actualites","15":"tag-education","16":"tag-faits-divers","17":"tag-fr","18":"tag-france","19":"tag-freres-musulmans","20":"tag-immigration","21":"tag-justice","22":"tag-news","23":"tag-polemique","24":"tag-republique-francaise","25":"tag-securite","26":"tag-societe","27":"tag-societe-francaise","28":"tag-sport","29":"tag-violence","30":"tag-voile"},"share_on_mastodon":{"url":"https:\/\/pubeurope.com\/@fr\/114541520820454953","error":""},"_links":{"self":[{"href":"https:\/\/www.europesays.com\/fr\/wp-json\/wp\/v2\/posts\/114918","targetHints":{"allow":["GET"]}}],"collection":[{"href":"https:\/\/www.europesays.com\/fr\/wp-json\/wp\/v2\/posts"}],"about":[{"href":"https:\/\/www.europesays.com\/fr\/wp-json\/wp\/v2\/types\/post"}],"author":[{"embeddable":true,"href":"https:\/\/www.europesays.com\/fr\/wp-json\/wp\/v2\/users\/2"}],"replies":[{"embeddable":true,"href":"https:\/\/www.europesays.com\/fr\/wp-json\/wp\/v2\/comments?post=114918"}],"version-history":[{"count":0,"href":"https:\/\/www.europesays.com\/fr\/wp-json\/wp\/v2\/posts\/114918\/revisions"}],"wp:featuredmedia":[{"embeddable":true,"href":"https:\/\/www.europesays.com\/fr\/wp-json\/wp\/v2\/media\/114919"}],"wp:attachment":[{"href":"https:\/\/www.europesays.com\/fr\/wp-json\/wp\/v2\/media?parent=114918"}],"wp:term":[{"taxonomy":"category","embeddable":true,"href":"https:\/\/www.europesays.com\/fr\/wp-json\/wp\/v2\/categories?post=114918"},{"taxonomy":"post_tag","embeddable":true,"href":"https:\/\/www.europesays.com\/fr\/wp-json\/wp\/v2\/tags?post=114918"}],"curies":[{"name":"wp","href":"https:\/\/api.w.org\/{rel}","templated":true}]}}