{"id":114929,"date":"2025-05-20T18:19:09","date_gmt":"2025-05-20T18:19:09","guid":{"rendered":"https:\/\/www.europesays.com\/fr\/114929\/"},"modified":"2025-05-20T18:19:09","modified_gmt":"2025-05-20T18:19:09","slug":"yves-auroy-lancien-directeur-de-lhopital-sainte-anne-a-toulon-est-decede","status":"publish","type":"post","link":"https:\/\/www.europesays.com\/fr\/114929\/","title":{"rendered":"Yves Auroy, l\u2019ancien directeur de l\u2019h\u00f4pital Sainte-Anne \u00e0 Toulon est d\u00e9c\u00e9d\u00e9"},"content":{"rendered":"<p>\u00ab\u00a0J\u2019ai men\u00e9 le bon combat. J\u2019ai achev\u00e9 la course. J\u2019ai gard\u00e9 la foi.\u00a0\u00bb Yves Auroy avait fait siennes ces paroles de l\u2019ap\u00f4tre Paul, \u00ab\u00a0lui qui a \u00e9t\u00e9 de tous les combats pour faire respecter avec humilit\u00e9, efficacit\u00e9 et justice, l\u2019acc\u00e8s de tous \u00e0 la sant\u00e9.\u00a0\u00bb Gilles Reb\u00eache, diacre et d\u00e9l\u00e9gu\u00e9 \u00e9piscopal \u00e0 la solidarit\u00e9, connaissait tr\u00e8s bien l\u2019ancien directeur de l\u2019h\u00f4pital Sainte-Anne, tr\u00e8s engag\u00e9 pendant des ann\u00e9es dans l\u2019association Promo soins qui d\u00e9pend de l\u2019Union diaconale du Var (UDV). Tous deux avaient \u0153uvr\u00e9 ensemble pendant des ann\u00e9es dans l\u2019assistance aux plus fragiles dans la m\u00e9tropole toulonnaise.<\/p>\n<p>\u00ab\u00a0Yves a \u00e9t\u00e9 charg\u00e9 de la mission sant\u00e9 \u00e0 l\u2019UDV. Il nous permettait d\u2019ouvrir toutes les portes pour prendre en charge des personnes dans la difficult\u00e9. Au moment de la crise du Covid, il a \u00e9t\u00e9 tr\u00e8s pr\u00e9sent, charg\u00e9 du rapatriement de personnes malades. C\u2019\u00e9tait un homme tr\u00e8s simple, tr\u00e8s humain, et d\u2019une redoutable efficacit\u00e9 dans les situations d\u2019urgence. Sa fille, Anne, suit d\u2019ailleurs en partie son parcours puisqu\u2019elle est elle-m\u00eame b\u00e9n\u00e9vole \u00e0 Promo soins et m\u00e9decin militaire \u00ab\u00a0, ajoute Gilles Reb\u00eache.<\/p>\n<p>\u00a0\u00bb C\u2019est pourquoi, pour lui dire merci et l\u2019accompagner de notre affection, nous nous retrouverons avec sa famille et ses amis jeudi \u00e0 10h en la cath\u00e9drale de Toulon pour c\u00e9l\u00e9brer ses obs\u00e8ques\u00a0\u00bb, indique l\u2019\u00c9v\u00each\u00e9. La messe sera pr\u00e9sid\u00e9e par le fr\u00e8re Mikael de la Fraternit\u00e9 des pauvres de J\u00e9sus et la pr\u00e9dication sera assur\u00e9e par le diacre Gilles Reb\u00eache.<\/p>\n<p>Son corps repose \u00e0 l\u2019h\u00f4pital Sainte-Anne qu\u2019il a dirig\u00e9. Un adieu, suivi des honneurs militaires, aura lieu sur le site de l\u2019h\u00f4pital avant les obs\u00e8ques. L\u2019inhumation se d\u00e9roulera \u00e0 15h, jeudi, au cimeti\u00e8re central, en pr\u00e9sence de ses proches.<\/p>\n<p>Yves Auroy avait 63 ans et avait \u00e9t\u00e9 promu au grade de commandeur de la l\u00e9gion d\u2019honneur l\u2019\u00e9t\u00e9 dernier.<\/p>\n","protected":false},"excerpt":{"rendered":"\u00ab\u00a0J\u2019ai men\u00e9 le bon combat. J\u2019ai achev\u00e9 la course. J\u2019ai gard\u00e9 la foi.\u00a0\u00bb Yves Auroy avait fait siennes&hellip;\n","protected":false},"author":2,"featured_media":114930,"comment_status":"","ping_status":"","sticky":false,"template":"","format":"standard","meta":{"footnotes":""},"categories":[9619],"tags":[1111,11,1777,674,1011,27,12,882,25,2310,3366],"class_list":{"0":"post-114929","1":"post","2":"type-post","3":"status-publish","4":"format-standard","5":"has-post-thumbnail","7":"category-toulon","8":"tag-actu","9":"tag-actualites","10":"tag-eu","11":"tag-europe","12":"tag-fr","13":"tag-france","14":"tag-news","15":"tag-provence-alpes-cote-dazur","16":"tag-republique-francaise","17":"tag-toulon","18":"tag-vie-locale"},"share_on_mastodon":{"url":"https:\/\/pubeurope.com\/@fr\/114541544254547503","error":""},"_links":{"self":[{"href":"https:\/\/www.europesays.com\/fr\/wp-json\/wp\/v2\/posts\/114929","targetHints":{"allow":["GET"]}}],"collection":[{"href":"https:\/\/www.europesays.com\/fr\/wp-json\/wp\/v2\/posts"}],"about":[{"href":"https:\/\/www.europesays.com\/fr\/wp-json\/wp\/v2\/types\/post"}],"author":[{"embeddable":true,"href":"https:\/\/www.europesays.com\/fr\/wp-json\/wp\/v2\/users\/2"}],"replies":[{"embeddable":true,"href":"https:\/\/www.europesays.com\/fr\/wp-json\/wp\/v2\/comments?post=114929"}],"version-history":[{"count":0,"href":"https:\/\/www.europesays.com\/fr\/wp-json\/wp\/v2\/posts\/114929\/revisions"}],"wp:featuredmedia":[{"embeddable":true,"href":"https:\/\/www.europesays.com\/fr\/wp-json\/wp\/v2\/media\/114930"}],"wp:attachment":[{"href":"https:\/\/www.europesays.com\/fr\/wp-json\/wp\/v2\/media?parent=114929"}],"wp:term":[{"taxonomy":"category","embeddable":true,"href":"https:\/\/www.europesays.com\/fr\/wp-json\/wp\/v2\/categories?post=114929"},{"taxonomy":"post_tag","embeddable":true,"href":"https:\/\/www.europesays.com\/fr\/wp-json\/wp\/v2\/tags?post=114929"}],"curies":[{"name":"wp","href":"https:\/\/api.w.org\/{rel}","templated":true}]}}