{"id":1149357,"date":"2026-08-26T05:28:16","date_gmt":"2026-08-26T05:28:16","guid":{"rendered":"https:\/\/www.europesays.com\/fr\/1149357\/"},"modified":"2026-08-26T05:28:16","modified_gmt":"2026-08-26T05:28:16","slug":"en-plein-coeur-de-paris-pharrell-williams-veut-transformer-cet-hotel-en-palace","status":"publish","type":"post","link":"https:\/\/www.europesays.com\/fr\/1149357\/","title":{"rendered":"En plein c\u0153ur de Paris, Pharrell Williams veut transformer cet h\u00f4tel en palace"},"content":{"rendered":"<p>                    Par<br \/>\n        <strong><br \/>\n            <a href=\"https:\/\/actu.fr\/auteur\/laura-bruneau\" title=\"Consulter tous les articles de Laura Bruneau\" rel=\"nofollow noopener\" target=\"_blank\">Laura Bruneau<\/a><br \/>\n                    <\/strong><\/p>\n<p>        Publi\u00e9 le<\/p>\n<p>            26 ao\u00fbt 2026 \u00e0 7h16        <\/p>\n<p>L\u2019histoire d\u2019amour entre Paris et Pharrell Williams semble bien partie pour durer\u2026 Celui qui exerce la fonction de <a href=\"https:\/\/actu.fr\/ile-de-france\/paris_75056\/le-chanteur-pharell-williams-nomme-directeur-artistique-de-louis-vuitton_57391687.html\" rel=\"nofollow noopener\" target=\"_blank\">directeur artistique des collections homme Louis Vuitton<\/a> depuis 2023 compte davantage s\u2019ancrer dans la capitale. En octobre\u00a02024, il s\u2019associait, \u00e0 titre personnel, avec la joint-venture form\u00e9e par Mohari Hospitality et Omnam Investment Group <a href=\"https:\/\/actu.fr\/ile-de-france\/paris_75056\/pharrell-williams-investit-a-paris-la-star-americaine-rachete-un-hotel-a-deux-pas-du-louvre_61750317.html\" rel=\"nofollow noopener\" target=\"_blank\">afin d\u2019acqu\u00e9rir l\u2019h\u00f4tel Saint James Albany<\/a>. Presque deux ans apr\u00e8s l\u2019annonce de la transaction financi\u00e8re, le projet h\u00f4telier commence \u00e0 prendre forme. Objectif\u2009: faire de cet h\u00f4tel un nouveau <a href=\"https:\/\/actu.fr\/ile-de-france\/paris_75056\/luxe-a-paris-ces-trois-hotels-emblematiques-obtiennent-le-tres-convoite-statut-de-palace_64347533.html\" rel=\"nofollow noopener\" target=\"_blank\">palace parisien<\/a>.<\/p>\n<p>Un palace de plus \u00e0 Paris<\/p>\n<p class=\" wall-content\">Pharrell Williams, \u00e0 qui l\u2019on doit l\u2019immense succ\u00e8s musical plan\u00e9taire Happy, et ses co investisseurs veulent donner un nouveau souffle au Saint James Albany, ferm\u00e9 depuis 2021. Ainsi, sous leur impulsion, l\u2019h\u00f4tel, qui \u00e9tait un 4 \u00e9toiles, doit devenir un 5 \u00e9toiles susceptible de d\u00e9crocher la distinction de palace.<\/p>\n<p class=\" wall-content\">Pour ce faire, le projet, qui est encore \u201c\u00e0 l\u2019\u00e9tude\u201d, pr\u00e9voit une restructuration compl\u00e8te de la distribution int\u00e9rieure du lieu qui s\u2019\u00e9tire sur 14 000 m2, et devrait passer ainsi de 175 chambres \u2013 auparavant dans sa version 4 \u00e9toiles \u2013 \u00e0 106 chambres et suites dans sa version 5 \u00e9toiles, comme l\u2019indique <a href=\"https:\/\/www.vogue.fr\/article\/pharrell-williams-saint-james-reouverture\" rel=\"nofollow noopener\" target=\"_blank\">Vogue.<\/a> Des r\u00e9novations confi\u00e9es \u00e0 l\u2019agence d\u2019architecture parisienne Valode et Pistre, qui avait sign\u00e9 le design de l\u2019h\u00f4tel Bulgari dans le 8e arrondissement.<\/p>\n<p>Des \u00e9quipements grand luxe<\/p>\n<p class=\" wall-content\">Outre les chambres, dont certaines offrent une vue directe sur le jardin des Tuileries, l\u2019h\u00f4tel sis au 202 rue de Rivoli (1er arrondissement), va \u00e9galement comporter un espace de fitness, une piscine et un spa, qui doivent prendre place dans les anciennes caves vo\u00fbt\u00e9es dont est dot\u00e9 l\u2019\u00e9tablissement. Plusieurs bars et restaurants vont s\u2019articuler autour des deux cours int\u00e9rieures que renferme le lieu. Comble du luxe, dans l\u2019aile Charles X, situ\u00e9e au nord de la b\u00e2tisse, quatre logements d\u2019exceptions, munis de leur entr\u00e9e ind\u00e9pendante rue du 29 juillet, vont \u00eatre am\u00e9nag\u00e9s.<\/p>\n<p class=\" wall-content\">Des r\u00e9novations de grande ampleur qui vont devoir int\u00e9grer une contrainte de taille\u2009: depuis 1960, les fa\u00e7ades de l\u2019h\u00f4tel sont prot\u00e9g\u00e9es car inscrites \u00e0 l\u2019inventaire des monuments historiques. Pour le moment aucun nom n\u2019a \u00e9t\u00e9 attribu\u00e9 \u00e0 cet h\u00f4tel, dont on ignore encore le futur exploitant ainsi que la grille tarifaire. Tout comme le r\u00f4le exact que pourra avoir Pharrell Williams.<\/p>\n<p>Les autres investissements de Pharrell Williams<\/p>\n<p class=\" wall-content\">Pharrell Williams est d\u00e9j\u00e0 pr\u00e9sent dans l\u2019industrie h\u00f4teli\u00e8re. Depuis 2021, il est copropri\u00e9taire de The Goodtimes h\u00f4tel \u00e0 South Beach en Floride. C\u00f4t\u00e9 Paris, il investit aussi de sa fortune personnelle. \u00c0 l\u2019automne 2025, <a href=\"https:\/\/actu.fr\/ile-de-france\/paris_75056\/pharrell-williams-s-offre-un-nouveau-bijou-immobilier-a-paris-avec-vue-directe-sur-les-invalides_63359931.html\" rel=\"nofollow noopener\" target=\"_blank\">il avait acquis un h\u00f4tel particulier<\/a> rue de Constantine, \u00e0 proximit\u00e9 des Invalides, dans le 7e arrondissement. Une demeure de 1\u2009900\u00a0m2 avec un jardin de 500\u00a0m2 ainsi qu\u2019une piscine en sous-sol pour la coquette somme de 63\u00a0millions d\u2019euros.<\/p>\n<p class=\" wall-content\">Personnalisez votre actualit\u00e9 en ajoutant vos villes et m\u00e9dias en favori avec <a href=\"https:\/\/moncompte.actu.fr\" title=\"D\u00e9couvez Mon Actu\" rel=\"nofollow noopener\" data-trk=\"{&quot;cta&quot;:{&quot;action&quot;:&quot;https:\\\/\\\/moncompte.actu.fr&quot;,&quot;category&quot;:&quot;mon compte&quot;,&quot;from&quot;:&quot;article footer&quot;,&quot;name&quot;:&quot;Mon actu&quot;,&quot;type&quot;:&quot;cta&quot;}}\" target=\"_blank\">Mon Actu<\/a>.<\/p>\n","protected":false},"excerpt":{"rendered":"Par Laura Bruneau Publi\u00e9 le 26 ao\u00fbt 2026 \u00e0 7h16 L\u2019histoire d\u2019amour entre Paris et Pharrell Williams semble&hellip;\n","protected":false},"author":2,"featured_media":1149358,"comment_status":"","ping_status":"","sticky":false,"template":"","format":"standard","meta":{"footnotes":"","_share_on_mastodon":"0"},"categories":[1888],"tags":[1111,1928,11,1927,1777,674,1011,27,1116,1305,2425,12,1926,626,1925,973,25],"class_list":["post-1149357","post","type-post","status-publish","format-standard","has-post-thumbnail","category-paris","tag-actu","tag-actu-paris","tag-actualites","tag-actualites-paris","tag-eu","tag-europe","tag-fr","tag-france","tag-immobilier","tag-lifestyle","tag-luxe","tag-news","tag-news-paris","tag-paris","tag-paris-news","tag-people","tag-republique-francaise"],"share_on_mastodon":{"url":"https:\/\/pubeurope.com\/@fr\/117160162540800410","error":""},"_links":{"self":[{"href":"https:\/\/www.europesays.com\/fr\/wp-json\/wp\/v2\/posts\/1149357","targetHints":{"allow":["GET"]}}],"collection":[{"href":"https:\/\/www.europesays.com\/fr\/wp-json\/wp\/v2\/posts"}],"about":[{"href":"https:\/\/www.europesays.com\/fr\/wp-json\/wp\/v2\/types\/post"}],"author":[{"embeddable":true,"href":"https:\/\/www.europesays.com\/fr\/wp-json\/wp\/v2\/users\/2"}],"replies":[{"embeddable":true,"href":"https:\/\/www.europesays.com\/fr\/wp-json\/wp\/v2\/comments?post=1149357"}],"version-history":[{"count":0,"href":"https:\/\/www.europesays.com\/fr\/wp-json\/wp\/v2\/posts\/1149357\/revisions"}],"wp:featuredmedia":[{"embeddable":true,"href":"https:\/\/www.europesays.com\/fr\/wp-json\/wp\/v2\/media\/1149358"}],"wp:attachment":[{"href":"https:\/\/www.europesays.com\/fr\/wp-json\/wp\/v2\/media?parent=1149357"}],"wp:term":[{"taxonomy":"category","embeddable":true,"href":"https:\/\/www.europesays.com\/fr\/wp-json\/wp\/v2\/categories?post=1149357"},{"taxonomy":"post_tag","embeddable":true,"href":"https:\/\/www.europesays.com\/fr\/wp-json\/wp\/v2\/tags?post=1149357"}],"curies":[{"name":"wp","href":"https:\/\/api.w.org\/{rel}","templated":true}]}}