{"id":114937,"date":"2025-05-20T18:23:08","date_gmt":"2025-05-20T18:23:08","guid":{"rendered":"https:\/\/www.europesays.com\/fr\/114937\/"},"modified":"2025-05-20T18:23:08","modified_gmt":"2025-05-20T18:23:08","slug":"un-couple-et-un-bebe-de-trois-mois-recherches-pres-de-rouen","status":"publish","type":"post","link":"https:\/\/www.europesays.com\/fr\/114937\/","title":{"rendered":"un couple et un b\u00e9b\u00e9 de trois mois recherch\u00e9s pr\u00e8s de Rouen"},"content":{"rendered":"<p>            Par<br \/>\n        <strong><br \/>\n            <a href=\"https:\/\/actu.fr\/auteur\/louise-boutard\" title=\"Consulter tous les articles de Louise Boutard\" target=\"_blank\" rel=\"noopener\">Louise Boutard<\/a><br \/>\n        <\/strong><\/p>\n<p>        Publi\u00e9 le<\/p>\n<p>            20 mai 2025 \u00e0 20h01        <\/p>\n<p>Ils n\u2019ont plus donn\u00e9 de signes de vie depuis le 8\u00a0mai 2025. Un couple de trentenaire, mais aussi leur petite fille Hope, \u00e2g\u00e9e de seulement trois mois, sont recherch\u00e9s par la police de <a href=\"https:\/\/actu.fr\/normandie\/rouen_76540\" target=\"_blank\" rel=\"noopener\">Rouen<\/a>.<\/p>\n<p>Recherche de t\u00e9moins<\/p>\n<p class=\" wall-content\">Une alerte a \u00e9t\u00e9 post\u00e9e sur les r\u00e9seaux sociaux mardi 20\u00a0mai pour trouver des t\u00e9moins les ayants aper\u00e7us. La femme de 33\u00a0ans Andr\u00e9a Fauveau et son compagnon Leeroy Gallais, \u00e2g\u00e9\u00a0de 34\u00a0ans \u00e9taient sans domicile fixe \u00e0 Rouen.<\/p>\n<p class=\" wall-content\">\n<p class=\" wall-content\">Toute personne ayant des informations sur leur disparition peut contacter l\u2019h\u00f4tel de police de Rouen au 02\u200932\u200981\u200925\u200900 aux postes 811255 ou 764389 en semaine et poste 762594 la nuit et les week-ends.<\/p>\n<p>Suivez l\u2019actualit\u00e9 de Rouen sur <a href=\"https:\/\/www.whatsapp.com\/channel\/0029VaKfnf99hXF2ddApFB1D\" target=\"_blank\" rel=\"noopener\">notre cha\u00eene WhatsApp<\/a> et sur <a href=\"https:\/\/www.tiktok.com\/@76actu.fr?lang=fr\" target=\"_blank\" rel=\"noopener\">notre compte TikTok<\/a><\/p>\n<p class=\" wall-content\">Suivez toute l\u2019actualit\u00e9 de vos villes et m\u00e9dias favoris en vous inscrivant \u00e0 <a href=\"https:\/\/moncompte.actu.fr\" title=\"D\u00e9couvez Mon Actu\" rel=\"nofollow noopener\" data-trk=\"{&quot;cta&quot;:{&quot;action&quot;:&quot;https:\\\/\\\/moncompte.actu.fr&quot;,&quot;category&quot;:&quot;mon compte&quot;,&quot;from&quot;:&quot;article footer&quot;,&quot;name&quot;:&quot;Mon actu&quot;,&quot;type&quot;:&quot;cta&quot;}}\" target=\"_blank\">Mon Actu<\/a>.<\/p>\n<p>                    <script async src=\"\/\/www.tiktok.com\/embed.js\"><\/script><\/p>\n","protected":false},"excerpt":{"rendered":"Par Louise Boutard Publi\u00e9 le 20 mai 2025 \u00e0 20h01 Ils n\u2019ont plus donn\u00e9 de signes de vie&hellip;\n","protected":false},"author":2,"featured_media":114938,"comment_status":"","ping_status":"","sticky":false,"template":"","format":"standard","meta":{"footnotes":""},"categories":[9587],"tags":[1111,11,3676,1719,1777,674,1011,27,12,5161,10585,25,9590,104],"class_list":{"0":"post-114937","1":"post","2":"type-post","3":"status-publish","4":"format-standard","5":"has-post-thumbnail","7":"category-rouen","8":"tag-actu","9":"tag-actualites","10":"tag-disparition-inquietante","11":"tag-enfants","12":"tag-eu","13":"tag-europe","14":"tag-fr","15":"tag-france","16":"tag-news","17":"tag-normandie","18":"tag-petite-enfance","19":"tag-republique-francaise","20":"tag-rouen","21":"tag-societe"},"share_on_mastodon":{"url":"https:\/\/pubeurope.com\/@fr\/114541560015469104","error":""},"_links":{"self":[{"href":"https:\/\/www.europesays.com\/fr\/wp-json\/wp\/v2\/posts\/114937","targetHints":{"allow":["GET"]}}],"collection":[{"href":"https:\/\/www.europesays.com\/fr\/wp-json\/wp\/v2\/posts"}],"about":[{"href":"https:\/\/www.europesays.com\/fr\/wp-json\/wp\/v2\/types\/post"}],"author":[{"embeddable":true,"href":"https:\/\/www.europesays.com\/fr\/wp-json\/wp\/v2\/users\/2"}],"replies":[{"embeddable":true,"href":"https:\/\/www.europesays.com\/fr\/wp-json\/wp\/v2\/comments?post=114937"}],"version-history":[{"count":0,"href":"https:\/\/www.europesays.com\/fr\/wp-json\/wp\/v2\/posts\/114937\/revisions"}],"wp:featuredmedia":[{"embeddable":true,"href":"https:\/\/www.europesays.com\/fr\/wp-json\/wp\/v2\/media\/114938"}],"wp:attachment":[{"href":"https:\/\/www.europesays.com\/fr\/wp-json\/wp\/v2\/media?parent=114937"}],"wp:term":[{"taxonomy":"category","embeddable":true,"href":"https:\/\/www.europesays.com\/fr\/wp-json\/wp\/v2\/categories?post=114937"},{"taxonomy":"post_tag","embeddable":true,"href":"https:\/\/www.europesays.com\/fr\/wp-json\/wp\/v2\/tags?post=114937"}],"curies":[{"name":"wp","href":"https:\/\/api.w.org\/{rel}","templated":true}]}}