{"id":114939,"date":"2025-05-20T18:24:15","date_gmt":"2025-05-20T18:24:15","guid":{"rendered":"https:\/\/www.europesays.com\/fr\/114939\/"},"modified":"2025-05-20T18:24:15","modified_gmt":"2025-05-20T18:24:15","slug":"le-projet-de-spectacle-de-thomas-jolly-abandonne-faute-de-financements-prives","status":"publish","type":"post","link":"https:\/\/www.europesays.com\/fr\/114939\/","title":{"rendered":"le projet de spectacle de Thomas Jolly abandonn\u00e9, faute de financements priv\u00e9s"},"content":{"rendered":"<p>Le projet de spectacle sur lequel travaillait Thomas Jolly pour le 14-Juillet \u00e0 Rouen (Seine-Maritime) \u00ab n&rsquo;aboutira pas \u00bb, faute de financements priv\u00e9s, a annonc\u00e9 ce mardi\u00a0le directeur artistique des Jeux de Paris, qui a d\u00e9nonc\u00e9 un \u00ab discours de haine \u00bb ces derniers jours \u00e0 son \u00e9gard.<\/p>\n<p>\u00ab\u00a0La part d&rsquo;argent priv\u00e9 n&rsquo;est pas atteinte\u00a0\u00bb<\/p>\n<p>Thierry Reboul, directeur des c\u00e9r\u00e9monies des Jeux olympiques et paralympiques en 2024, et Thomas Jolly travaillaient depuis d\u00e9cembre sur un spectacle de 1h30, intitul\u00e9 \u00ab 14.7 \u00bb, dont l&rsquo;id\u00e9e \u00e9tait de promouvoir les valeurs de la R\u00e9publique. Ce projet repr\u00e9sentait un investissement de 11 millions d&rsquo;euros, dont 6 provenant de financements priv\u00e9s et 5 de fonds publics (ville et m\u00e9tropole).<\/p>\n<p>Ses grandes lignes avaient \u00e9t\u00e9 pr\u00e9sent\u00e9es la semaine derni\u00e8re devant des \u00e9lus. Pour \u00eatre valid\u00e9, il n\u00e9cessitait un vote favorable de la mairie de Rouen et de la m\u00e9tropole, mais aussi la consolidation de partenariats priv\u00e9s, avait indiqu\u00e9 son entourage.<\/p>\n<p>\u00ab Le projet artistique [&#8230;] n&rsquo;aboutira pas \u00bb, \u00e9crivent Thomas Jolly et Thierry Reboul dans une d\u00e9claration. \u00ab La part d&rsquo;argent priv\u00e9 n\u00e9cessaire \u00e0 la tenue du projet n&rsquo;est pas atteinte. Par cons\u00e9quent, la part d&rsquo;argent public envisag\u00e9e pour ce projet n&rsquo;est pas sollicit\u00e9e \u00bb, ajoutent-ils.<\/p>\n<p>Discours de haine<\/p>\n<p>Tous deux ont en outre jug\u00e9 \u00ab regrettable [&#8230;] qu&rsquo;une partie de la presse, ainsi que certains \u00e9lus politiques, [aient] choisi de divulguer et de commenter ce projet avant m\u00eame que sa faisabilit\u00e9 ne soit assur\u00e9e \u00bb. Ils ont \u00ab \u0153uvr\u00e9 au discr\u00e9dit du financement public de la culture, \u00e0 la dissension et d\u00e9fiance populaire, plut\u00f4t qu&rsquo;\u00e0 son unit\u00e9, et ont raviv\u00e9, \u00e0 l&rsquo;\u00e9gard de Thomas Jolly, un discours de haine, bien loin de toute consid\u00e9ration budg\u00e9taire \u00bb, d\u00e9plorent-ils.<\/p>\n<p>Plusieurs \u00e9lus d&rsquo;opposition s&rsquo;\u00e9taient offusqu\u00e9s, dans la presse et sur les r\u00e9seaux sociaux, du co\u00fbt de la manifestation jug\u00e9 trop \u00e9lev\u00e9 \u00e0 leurs yeux. Dans un communiqu\u00e9, le maire socialiste de Rouen et pr\u00e9sident de la m\u00e9tropole, <a href=\"http:\/\/www.lejsl.com\/p\/nicolas-mayer-rossignol\" target=\"_blank\" rel=\"nofollow noopener\">Nicolas Mayer-Rossignol<\/a>, qui d\u00e9fendait le projet, a fait valoir que cette manifestation \u00ab aurait permis de faire travailler des centaines d&rsquo;artistes locaux, intermittents du spectacle, compagnies, \u00e9tablissements culturels, de mobiliser des milliers de b\u00e9n\u00e9voles \u00bb. Elle \u00ab aurait permis de faire rayonner notre territoire avec une mise en lumi\u00e8re exceptionnelle de nos artistes et acteurs locaux, de nos talents, de notre monde associatif et \u00e9conomique, de notre patrimoine \u00bb, a-t-il insist\u00e9. Il a d\u00e9plor\u00e9 qu&rsquo;\u00ab une petite minorit\u00e9 politicienne [ait] pr\u00e9f\u00e9r\u00e9 la pol\u00e9mique \u00bb. \u00ab Les \u00e9lections approchent. Tout cela est navrant \u00bb, a-t-il encore dit.<\/p>\n<p>Lors de la c\u00e9r\u00e9monie d&rsquo;ouverture des JO, un tableau intitul\u00e9 \u00ab Festivit\u00e9 \u00bb avait \u00e9t\u00e9 pris pour cible par les milieux conservateurs et d&rsquo;extr\u00eame droite, provoquant un d\u00e9ferlement de commentaires haineux sur les r\u00e9seaux sociaux \u00e0 l&rsquo;\u00e9gard du metteur en sc\u00e8ne. Le 5 mai, le tribunal correctionnel de Paris a inflig\u00e9 <a href=\"http:\/\/www.lejsl.com\/faits-divers-justice\/2025\/05\/05\/jo-paris-2024-de-la-prison-avec-sursis-et-des-amendes-contre-les-cyberharceleurs-de-thomas-jolly\" target=\"_blank\" rel=\"nofollow noopener\">des peines d&rsquo;amendes et de prison avec sursis<\/a> \u00e0 l&rsquo;encontre de sept personnes poursuivies pour ce cyberharc\u00e8lement.<\/p>\n","protected":false},"excerpt":{"rendered":"Le projet de spectacle sur lequel travaillait Thomas Jolly pour le 14-Juillet \u00e0 Rouen (Seine-Maritime) \u00ab n&rsquo;aboutira pas&hellip;\n","protected":false},"author":2,"featured_media":114940,"comment_status":"","ping_status":"","sticky":false,"template":"","format":"standard","meta":{"footnotes":""},"categories":[9587],"tags":[1111,11,1687,1777,674,107,1011,27,329,12,5161,973,316,25,9590,3140],"class_list":{"0":"post-114939","1":"post","2":"type-post","3":"status-publish","4":"format-standard","5":"has-post-thumbnail","7":"category-rouen","8":"tag-actu","9":"tag-actualites","10":"tag-culture-loisirs","11":"tag-eu","12":"tag-europe","13":"tag-fil-info","14":"tag-fr","15":"tag-france","16":"tag-france-monde","17":"tag-news","18":"tag-normandie","19":"tag-people","20":"tag-politique","21":"tag-republique-francaise","22":"tag-rouen","23":"tag-spectacle"},"share_on_mastodon":{"url":"https:\/\/pubeurope.com\/@fr\/114541563916082815","error":""},"_links":{"self":[{"href":"https:\/\/www.europesays.com\/fr\/wp-json\/wp\/v2\/posts\/114939","targetHints":{"allow":["GET"]}}],"collection":[{"href":"https:\/\/www.europesays.com\/fr\/wp-json\/wp\/v2\/posts"}],"about":[{"href":"https:\/\/www.europesays.com\/fr\/wp-json\/wp\/v2\/types\/post"}],"author":[{"embeddable":true,"href":"https:\/\/www.europesays.com\/fr\/wp-json\/wp\/v2\/users\/2"}],"replies":[{"embeddable":true,"href":"https:\/\/www.europesays.com\/fr\/wp-json\/wp\/v2\/comments?post=114939"}],"version-history":[{"count":0,"href":"https:\/\/www.europesays.com\/fr\/wp-json\/wp\/v2\/posts\/114939\/revisions"}],"wp:featuredmedia":[{"embeddable":true,"href":"https:\/\/www.europesays.com\/fr\/wp-json\/wp\/v2\/media\/114940"}],"wp:attachment":[{"href":"https:\/\/www.europesays.com\/fr\/wp-json\/wp\/v2\/media?parent=114939"}],"wp:term":[{"taxonomy":"category","embeddable":true,"href":"https:\/\/www.europesays.com\/fr\/wp-json\/wp\/v2\/categories?post=114939"},{"taxonomy":"post_tag","embeddable":true,"href":"https:\/\/www.europesays.com\/fr\/wp-json\/wp\/v2\/tags?post=114939"}],"curies":[{"name":"wp","href":"https:\/\/api.w.org\/{rel}","templated":true}]}}