{"id":114943,"date":"2025-05-20T18:26:22","date_gmt":"2025-05-20T18:26:22","guid":{"rendered":"https:\/\/www.europesays.com\/fr\/114943\/"},"modified":"2025-05-20T18:26:22","modified_gmt":"2025-05-20T18:26:22","slug":"grenoble-exposition-queerness-a-la-maison-des-habitants-chorier-berriat","status":"publish","type":"post","link":"https:\/\/www.europesays.com\/fr\/114943\/","title":{"rendered":"Grenoble. Exposition \u201cQueerness\u201d \u00e0 la maison des habitants Chorier-Berriat"},"content":{"rendered":"<p>Dans la continuit\u00e9 de ses actions en faveur de la visibilit\u00e9 des artistes queer, Grenoble Fiert\u00e9s organise une exposition mettant en lumi\u00e8re des artistes queers grenoblois.e.s \u00e0 la maison des habitant.e.s Chorier-Berriat.<\/p>\n<p>Queerness est une exposition o\u00f9 des artistes queers se sont mobilis\u00e9.e.s pour pr\u00e9senter leurs \u0153uvres dans le cadre du mois des fiert\u00e9s.<\/p>\n<p>L\u2019exposition sera visible jusqu\u2019au mercredi 28\u00a0mai \u00e0 la maison des habitantes Chorier-Berriat, situ\u00e9e au 10, rue Henry-Le-Chatelier.<\/p>\n<p>Entr\u00e9e libre, aux horaires d\u2019ouverture de la maison des habitant.e.s.<\/p>\n<p class=\"note\">Plus d\u2019infos\u00a0: grenoble-fiertes.com<\/p>\n","protected":false},"excerpt":{"rendered":"Dans la continuit\u00e9 de ses actions en faveur de la visibilit\u00e9 des artistes queer, Grenoble Fiert\u00e9s organise une&hellip;\n","protected":false},"author":2,"featured_media":114944,"comment_status":"","ping_status":"","sticky":false,"template":"","format":"standard","meta":{"footnotes":""},"categories":[9566],"tags":[1111,11,2430,1687,112,1777,674,2271,1011,27,2731,2732,12,25],"class_list":{"0":"post-114943","1":"post","2":"type-post","3":"status-publish","4":"format-standard","5":"has-post-thumbnail","7":"category-grenoble","8":"tag-actu","9":"tag-actualites","10":"tag-auvergne-rhone-alpes","11":"tag-culture-loisirs","12":"tag-edition-grenoble-agglomeration","13":"tag-eu","14":"tag-europe","15":"tag-exposition-arts-plastiques","16":"tag-fr","17":"tag-france","18":"tag-grenoble","19":"tag-grenoble-bassin","20":"tag-news","21":"tag-republique-francaise"},"share_on_mastodon":{"url":"https:\/\/pubeurope.com\/@fr\/114541571838500663","error":""},"_links":{"self":[{"href":"https:\/\/www.europesays.com\/fr\/wp-json\/wp\/v2\/posts\/114943","targetHints":{"allow":["GET"]}}],"collection":[{"href":"https:\/\/www.europesays.com\/fr\/wp-json\/wp\/v2\/posts"}],"about":[{"href":"https:\/\/www.europesays.com\/fr\/wp-json\/wp\/v2\/types\/post"}],"author":[{"embeddable":true,"href":"https:\/\/www.europesays.com\/fr\/wp-json\/wp\/v2\/users\/2"}],"replies":[{"embeddable":true,"href":"https:\/\/www.europesays.com\/fr\/wp-json\/wp\/v2\/comments?post=114943"}],"version-history":[{"count":0,"href":"https:\/\/www.europesays.com\/fr\/wp-json\/wp\/v2\/posts\/114943\/revisions"}],"wp:featuredmedia":[{"embeddable":true,"href":"https:\/\/www.europesays.com\/fr\/wp-json\/wp\/v2\/media\/114944"}],"wp:attachment":[{"href":"https:\/\/www.europesays.com\/fr\/wp-json\/wp\/v2\/media?parent=114943"}],"wp:term":[{"taxonomy":"category","embeddable":true,"href":"https:\/\/www.europesays.com\/fr\/wp-json\/wp\/v2\/categories?post=114943"},{"taxonomy":"post_tag","embeddable":true,"href":"https:\/\/www.europesays.com\/fr\/wp-json\/wp\/v2\/tags?post=114943"}],"curies":[{"name":"wp","href":"https:\/\/api.w.org\/{rel}","templated":true}]}}