{"id":114945,"date":"2025-05-20T18:27:36","date_gmt":"2025-05-20T18:27:36","guid":{"rendered":"https:\/\/www.europesays.com\/fr\/114945\/"},"modified":"2025-05-20T18:27:36","modified_gmt":"2025-05-20T18:27:36","slug":"vingt-huit-millions-deuros-de-travaux-pour-sauver-ce-bijou-signe-odorico","status":"publish","type":"post","link":"https:\/\/www.europesays.com\/fr\/114945\/","title":{"rendered":"Vingt-huit\u00a0millions d\u2019euros de travaux pour sauver ce bijou sign\u00e9 Odorico"},"content":{"rendered":"<p>Elle a beau avoir presque cent ans, elle attire toujours de tr\u00e8s nombreux nageurs. Il faut voir le monde qu\u2019y s\u2019y presse chaque midi\u00a0! A Rennes, la piscine Saint-Georges est avant tout un bassin de nage. Mais elle est aussi une v\u00e9ritable \u0153uvre d\u2019art. Inaugur\u00e9 en\u00a01926 et fa\u00e7onn\u00e9 par l\u2019architecte Emmanuel Le Ray, le bassin de 33 m\u00e8tres de long est un monument rare. D\u2019abord parce qu\u2019elle est l\u2019une <a href=\"https:\/\/www.20minutes.fr\/rennes\/4010298-20221116-rennes-piscine-classee-va-couter-bras-renover\" class=\"color-ultramarine c-link\" target=\"_blank\" rel=\"noopener\">des rares piscines de type Art d\u00e9co encore en activit\u00e9 en France<\/a>. Mais aussi parce qu\u2019elle a eu le privil\u00e8ge d\u2019\u00eatre d\u00e9cor\u00e9 par le mosa\u00efste Isidore Odorico. L\u00e0 o\u00f9 elle brille moins, c\u2019est pour ses performances \u00e9cologiques.<\/p>\n<p>Face au vieillissement du b\u00e2timent, et notamment <a href=\"https:\/\/www.20minutes.fr\/rennes\/4006107-20221019-rennes-piscine-saint-georges-fermee-urgence-apres-chute-eclats-beton\" class=\"color-ultramarine c-link\" target=\"_blank\" rel=\"noopener\">des ouvrages en b\u00e9ton arm\u00e9s qui souffrent du poids des ann\u00e9es<\/a>, la ville de Rennes a d\u00fb agir. Lundi soir, le conseil municipal a act\u00e9 un important chantier de r\u00e9novation \u00e9valu\u00e9 \u00e0 28\u00a0millions d\u2019euros. \u00ab\u00a0Les travaux permettront de r\u00e9pondre aux enjeux environnementaux fix\u00e9s par la ville en r\u00e9duisant l\u2019empreinte \u00e9cologique de l\u2019\u00e9quipement tout en respectant les exigences patrimoniales et architecturales d\u2019un b\u00e2timent class\u00e9 au titre des Monuments historiques\u00a0\u00bb, assure la municipalit\u00e9. Les travaux de restauration patrimoniale mais aussi technique seront men\u00e9s de janvier\u00a02028 \u00e0 juin\u00a02030 et devraient permettre de baisser la consommation \u00e9nerg\u00e9tique de 20\u00a0% et la consommation d\u2019eau de 10\u00a0%.<\/p>\n<p><img decoding=\"async\" alt=\"Le futur visage de la piscine Saint-Georges de Rennes respectera l'aspect original de l'\u00e9difice inaugur\u00e9 il y a presque cent ans. \" class=\"c-img\" loading=\"lazy\" fetchpriority=\"auto\" width=\"718\"  src=\"https:\/\/www.europesays.com\/fr\/wp-content\/uploads\/2025\/05\/1747765656_251_718x0.jpeg; charset=utf-8\" \/>Le futur visage de la piscine Saint-Georges de Rennes respectera l&rsquo;aspect original de l&rsquo;\u00e9difice inaugur\u00e9 il y a presque cent ans. \u2002-\u00a0Ville de Rennes<\/p>\n<p><a href=\"https:\/\/www.20minutes.fr\/rennes\/1959539-20161110-rennes-piscine-saint-georges-enfin-classee-monument-historique\" class=\"color-ultramarine c-link\" target=\"_blank\" rel=\"noopener\">Class\u00e9 aux Monuments historiques en\u00a02016<\/a>, le b\u00e2timent sera en grande partie maintenu dans son aspect original \u00ab\u00a0en conservant l\u2019ensemble des marqueurs du style Art d\u00e9co au plus proche de leur \u00e9tat d\u2019origine\u00a0\u00bb assure la municipalit\u00e9. A noter que le jardin situ\u00e9 au nord ouest sera r\u00e9am\u00e9nag\u00e9 et la fontaine remise en \u00e9tat.<\/p>\n","protected":false},"excerpt":{"rendered":"Elle a beau avoir presque cent ans, elle attire toujours de tr\u00e8s nombreux nageurs. Il faut voir le&hellip;\n","protected":false},"author":2,"featured_media":114946,"comment_status":"","ping_status":"","sticky":false,"template":"","format":"standard","meta":{"footnotes":""},"categories":[2821],"tags":[1111,11,1350,829,1777,674,1011,27,848,18389,23511,12,2551,5922,1306,584,25],"class_list":{"0":"post-114945","1":"post","2":"type-post","3":"status-publish","4":"format-standard","5":"has-post-thumbnail","7":"category-rennes","8":"tag-actu","9":"tag-actualites","10":"tag-architecture","11":"tag-bretagne","12":"tag-eu","13":"tag-europe","14":"tag-fr","15":"tag-france","16":"tag-ille-et-vilaine","17":"tag-monument","18":"tag-monument-historique","19":"tag-news","20":"tag-patrimoine","21":"tag-piscine","22":"tag-regions","23":"tag-rennes","24":"tag-republique-francaise"},"share_on_mastodon":{"url":"https:\/\/pubeurope.com\/@fr\/114541575805855801","error":""},"_links":{"self":[{"href":"https:\/\/www.europesays.com\/fr\/wp-json\/wp\/v2\/posts\/114945","targetHints":{"allow":["GET"]}}],"collection":[{"href":"https:\/\/www.europesays.com\/fr\/wp-json\/wp\/v2\/posts"}],"about":[{"href":"https:\/\/www.europesays.com\/fr\/wp-json\/wp\/v2\/types\/post"}],"author":[{"embeddable":true,"href":"https:\/\/www.europesays.com\/fr\/wp-json\/wp\/v2\/users\/2"}],"replies":[{"embeddable":true,"href":"https:\/\/www.europesays.com\/fr\/wp-json\/wp\/v2\/comments?post=114945"}],"version-history":[{"count":0,"href":"https:\/\/www.europesays.com\/fr\/wp-json\/wp\/v2\/posts\/114945\/revisions"}],"wp:featuredmedia":[{"embeddable":true,"href":"https:\/\/www.europesays.com\/fr\/wp-json\/wp\/v2\/media\/114946"}],"wp:attachment":[{"href":"https:\/\/www.europesays.com\/fr\/wp-json\/wp\/v2\/media?parent=114945"}],"wp:term":[{"taxonomy":"category","embeddable":true,"href":"https:\/\/www.europesays.com\/fr\/wp-json\/wp\/v2\/categories?post=114945"},{"taxonomy":"post_tag","embeddable":true,"href":"https:\/\/www.europesays.com\/fr\/wp-json\/wp\/v2\/tags?post=114945"}],"curies":[{"name":"wp","href":"https:\/\/api.w.org\/{rel}","templated":true}]}}