{"id":114947,"date":"2025-05-20T18:28:11","date_gmt":"2025-05-20T18:28:11","guid":{"rendered":"https:\/\/www.europesays.com\/fr\/114947\/"},"modified":"2025-05-20T18:28:11","modified_gmt":"2025-05-20T18:28:11","slug":"vingt-huit-millions-deuros-de-travaux-pour-sauver-ce-bijou-signe-odorico-2","status":"publish","type":"post","link":"https:\/\/www.europesays.com\/fr\/114947\/","title":{"rendered":"Vingt-huit millions d\u2019euros de travaux pour sauver ce bijou sign\u00e9 Odorico"},"content":{"rendered":"<p><strong>Monument &#8211; La piscine municipale Saint-Georges fait partie des rares \u00e9difices Art d\u00e9co toujours ouverts en France. Elle va toutefois devoir \u00eatre s\u00e9rieusement r\u00e9nov\u00e9e<\/strong><\/p>\n<p>Elle a beau avoir presque cent ans, elle attire toujours de tr\u00e8s nombreux nageurs. Il faut voir le monde qu\u2019y s\u2019y presse chaque midi\u00a0! A Rennes, la piscine Saint-Georges est avant tout un bassin de nage. Mais elle est aussi une v\u00e9ritable \u0153uvre d\u2019art. Inaugur\u00e9 en\u00a01926 et fa\u00e7onn\u00e9 par l\u2019architecte Emmanuel Le Ray, le bassin de 33 m\u00e8tres de long est un monument rare. D\u2019abord parce qu\u2019elle est l\u2019une <a href=\"https:\/\/www.20minutes.fr\/rennes\/4010298-20221116-rennes-piscine-classee-va-couter-bras-renover?at_medium=RSS%20feed&amp;at_campaign=ynews&amp;utm_source=yahoo&amp;utm_medium=rss&amp;utm_campaign=news_feed&amp;utm_content=in_article_link\" rel=\"nofollow noopener\" target=\"_blank\" data-ylk=\"slk:des rares piscines de type Art d\u00e9co encore en activit\u00e9 en France;elm:context_link;itc:0;sec:content-canvas\" class=\"link \">des rares piscines de type Art d\u00e9co encore en activit\u00e9 en France<\/a>. Mais aussi parce qu\u2019elle a eu le privil\u00e8ge d\u2019\u00eatre d\u00e9cor\u00e9 par le mosa\u00efste Isidore Odorico. L\u00e0 o\u00f9 elle brille moins, c\u2019est pour ses performances \u00e9cologiques.<\/p>\n<p>Face au vieillissement du b\u00e2timent, et notamment <a href=\"https:\/\/www.20minutes.fr\/rennes\/4006107-20221019-rennes-piscine-saint-georges-fermee-urgence-apres-chute-eclats-beton?at_medium=RSS%20feed&amp;at_campaign=ynews&amp;utm_source=yahoo&amp;utm_medium=rss&amp;utm_campaign=news_feed&amp;utm_content=in_article_link\" rel=\"nofollow noopener\" target=\"_blank\" data-ylk=\"slk:des ouvrages en b\u00e9ton arm\u00e9s qui souffrent du poids des ann\u00e9es;elm:context_link;itc:0;sec:content-canvas\" class=\"link \">des ouvrages en b\u00e9ton arm\u00e9s qui souffrent du poids des ann\u00e9es<\/a>, la ville de Rennes a d\u00fb agir. Lundi soir, le conseil municipal a act\u00e9 un important chantier de r\u00e9novation \u00e9valu\u00e9 \u00e0 28\u00a0millions d\u2019euros. \u00ab\u00a0Les travaux permettront de r\u00e9pondre aux enjeux environnementaux fix\u00e9s par la ville en r\u00e9duisant l\u2019empreinte \u00e9cologique de l\u2019\u00e9quipement tout en respectant les exigences patrimoniales et architecturales d\u2019un b\u00e2timent class\u00e9 au titre des Monuments historiques\u00a0\u00bb, assure la municipalit\u00e9. Les travaux de restauration patrimoniale mais aussi technique seront men\u00e9s de janvier\u00a02028 \u00e0 juin\u00a02030 et devraient permettre de baisser la consommation \u00e9nerg\u00e9tique de 20\u00a0% et la consommation d\u2019eau de 10\u00a0%.<\/p>\n<p><img decoding=\"async\" class=\"caas-img caas-lazy has-preview\" alt=\"[object Object]\" src=\"https:\/\/www.europesays.com\/fr\/wp-content\/uploads\/2025\/05\/74a8a952e1f36ce430556e5fad43e8e3.jpeg\"\/><\/p>\n<p>[object Object]<\/p>\n<p>Class\u00e9 aux Monuments historiques en\u00a02016, le b\u00e2timent sera en grande partie maintenu dans son aspect original \u00ab\u00a0en conservant l\u2019ensemble (&#8230;)<\/p>\n<p><a href=\"https:\/\/www.20minutes.fr\/rennes\/4154562-20250520-rennes-vingt-huit-millions-euros-travaux-sauver-bijou-signe-odorico?at_medium=RSS%20feed&amp;at_campaign=ynews&amp;utm_source=yahoo&amp;utm_medium=rss&amp;utm_campaign=news_feed&amp;utm_content=read_more_link&quot;\" rel=\"nofollow noopener\" target=\"_blank\" data-ylk=\"slk:Lire la suite sur 20minutes;elm:context_link;itc:0;sec:content-canvas\" class=\"link \">Lire la suite sur 20minutes<\/a><\/p>\n<p>\u00c0 lire aussi :<br \/><a href=\"https:\/\/www.20minutes.fr\/societe\/4153298-20250515-rennes-peut-toujours-faire-mieux-saluee-proprete-ville-si-clean?at_medium=RSS%20feed&amp;at_campaign=ynews&amp;utm_source=yahoo&amp;utm_medium=rss&amp;utm_campaign=news_feed&amp;utm_content=related_content_link\" rel=\"nofollow noopener\" target=\"_blank\" data-ylk=\"slk:Rennes\u00a0: \u00ab\u00a0On peut toujours faire mieux\u00a0\u00bb\u2026 Salu\u00e9e pour sa propret\u00e9, la ville est-elle si clean\u00a0?;elm:context_link;itc:0;sec:content-canvas\" class=\"link \">Rennes\u00a0: \u00ab\u00a0On peut toujours faire mieux\u00a0\u00bb\u2026 Salu\u00e9e pour sa propret\u00e9, la ville est-elle si clean\u00a0?<\/a><br \/><a href=\"https:\/\/www.20minutes.fr\/societe\/4152007-20250506-rennes-pourquoi-metropole-choisit-offrir-plein-voitures-electriques?at_medium=RSS%20feed&amp;at_campaign=ynews&amp;utm_source=yahoo&amp;utm_medium=rss&amp;utm_campaign=news_feed&amp;utm_content=related_content_link\" rel=\"nofollow noopener\" target=\"_blank\" data-ylk=\"slk:Rennes\u00a0: Pourquoi la m\u00e9tropole choisit d\u2019offrir le plein des voitures \u00e9lectriques;elm:context_link;itc:0;sec:content-canvas\" class=\"link \">Rennes\u00a0: Pourquoi la m\u00e9tropole choisit d\u2019offrir le plein des voitures \u00e9lectriques<\/a><\/p>\n","protected":false},"excerpt":{"rendered":"Monument &#8211; La piscine municipale Saint-Georges fait partie des rares \u00e9difices Art d\u00e9co toujours ouverts en France. Elle&hellip;\n","protected":false},"author":2,"featured_media":114948,"comment_status":"","ping_status":"","sticky":false,"template":"","format":"standard","meta":{"footnotes":""},"categories":[2821],"tags":[1111,11,10056,829,23512,1777,674,1011,27,23513,12,584,25,5288],"class_list":{"0":"post-114947","1":"post","2":"type-post","3":"status-publish","4":"format-standard","5":"has-post-thumbnail","7":"category-rennes","8":"tag-actu","9":"tag-actualites","10":"tag-art-deco","11":"tag-bretagne","12":"tag-emmanuel-le-ray","13":"tag-eu","14":"tag-europe","15":"tag-fr","16":"tag-france","17":"tag-isidore-odorico","18":"tag-news","19":"tag-rennes","20":"tag-republique-francaise","21":"tag-saint-georges"},"share_on_mastodon":{"url":"https:\/\/pubeurope.com\/@fr\/114541579754581761","error":""},"_links":{"self":[{"href":"https:\/\/www.europesays.com\/fr\/wp-json\/wp\/v2\/posts\/114947","targetHints":{"allow":["GET"]}}],"collection":[{"href":"https:\/\/www.europesays.com\/fr\/wp-json\/wp\/v2\/posts"}],"about":[{"href":"https:\/\/www.europesays.com\/fr\/wp-json\/wp\/v2\/types\/post"}],"author":[{"embeddable":true,"href":"https:\/\/www.europesays.com\/fr\/wp-json\/wp\/v2\/users\/2"}],"replies":[{"embeddable":true,"href":"https:\/\/www.europesays.com\/fr\/wp-json\/wp\/v2\/comments?post=114947"}],"version-history":[{"count":0,"href":"https:\/\/www.europesays.com\/fr\/wp-json\/wp\/v2\/posts\/114947\/revisions"}],"wp:featuredmedia":[{"embeddable":true,"href":"https:\/\/www.europesays.com\/fr\/wp-json\/wp\/v2\/media\/114948"}],"wp:attachment":[{"href":"https:\/\/www.europesays.com\/fr\/wp-json\/wp\/v2\/media?parent=114947"}],"wp:term":[{"taxonomy":"category","embeddable":true,"href":"https:\/\/www.europesays.com\/fr\/wp-json\/wp\/v2\/categories?post=114947"},{"taxonomy":"post_tag","embeddable":true,"href":"https:\/\/www.europesays.com\/fr\/wp-json\/wp\/v2\/tags?post=114947"}],"curies":[{"name":"wp","href":"https:\/\/api.w.org\/{rel}","templated":true}]}}