{"id":114963,"date":"2025-05-20T18:36:17","date_gmt":"2025-05-20T18:36:17","guid":{"rendered":"https:\/\/www.europesays.com\/fr\/114963\/"},"modified":"2025-05-20T18:36:17","modified_gmt":"2025-05-20T18:36:17","slug":"ce-soir-la-jetais-chez-moi-un-des-accuses-du-meurtre-de-lionel-nie-en-bloc","status":"publish","type":"post","link":"https:\/\/www.europesays.com\/fr\/114963\/","title":{"rendered":"\u00ab Ce soir-l\u00e0, j\u2019\u00e9tais chez moi \u00bb\u2026 Un des accus\u00e9s du meurtre de Lionel nie en bloc"},"content":{"rendered":"<p><img decoding=\"async\" class=\"caas-img caas-lazy has-preview\" src=\"https:\/\/www.europesays.com\/fr\/wp-content\/uploads\/2025\/05\/6b43de38ef3f8a5e6a96ca48381468d4.jpeg\"\/><\/p>\n<p><strong>assises &#8211; Ce mardi \u00e0 la cour d\u2019Assises de la Gironde, la parole a \u00e9t\u00e9 donn\u00e9e aux accus\u00e9s, jug\u00e9s jusqu\u2019\u00e0 vendredi pour le meurtre de Lionel, le 2 janvier 2021 dans le quartier des Aubiers, sur fond de rivalit\u00e9s entre bandes. Ils nient en bloc<\/strong><\/p>\n<p><strong>A la Cour d\u2019assises de la Gironde,<\/strong><\/p>\n<p>Il se l\u00e8ve dans le box \u00e0 l\u2019appel de son nom, aux c\u00f4t\u00e9s de quatre de ses coaccus\u00e9s qui comparaissent d\u00e9tenus. Yassine, 25 ans aujourd\u2019hui et 21 ans \u00e0 l\u2019\u00e9poque des faits, garde les mains dans le dos. Il porte un polo vert clair. La pr\u00e9sidente Marie-No\u00eblle Billaud lui rappelle les faits qui lui sont reproch\u00e9s : <a href=\"https:\/\/www.20minutes.fr\/justice\/4152600-20250512-bordeaux-proces-meurtre-lionel-ado-16-ans-histoires-abattu-fond-rivalite-entre-quartiers?at_medium=RSS%20feed&amp;at_campaign=ynews&amp;utm_source=yahoo&amp;utm_medium=rss&amp;utm_campaign=news_feed&amp;utm_content=in_article_link\" rel=\"nofollow noopener\" target=\"_blank\" data-ylk=\"slk:le meurtre de Lionel;elm:context_link;itc:0;sec:content-canvas\" class=\"link \">le meurtre de Lionel <\/a>en bande organis\u00e9e et la tentative de meurtre sur trois mineurs le 2 janvier 2021, dans le quartier des Aubiers \u00e0 <a href=\"https:\/\/www.20minutes.fr\/bordeaux\/?at_medium=RSS%20feed&amp;at_campaign=ynews&amp;utm_source=yahoo&amp;utm_medium=rss&amp;utm_campaign=news_feed&amp;utm_content=in_article_link\" rel=\"nofollow noopener\" target=\"_blank\" data-ylk=\"slk:Bordeaux,;elm:context_link;itc:0;sec:content-canvas\" class=\"link \">Bordeaux, <\/a>et l\u2019association de malfaiteurs en vue de la pr\u00e9paration d\u2019un <a href=\"https:\/\/www.20minutes.fr\/dossier\/crime?at_medium=RSS%20feed&amp;at_campaign=ynews&amp;utm_source=yahoo&amp;utm_medium=rss&amp;utm_campaign=news_feed&amp;utm_content=in_article_link\" rel=\"nofollow noopener\" target=\"_blank\" data-ylk=\"slk:crime;elm:context_link;itc:0;sec:content-canvas\" class=\"link \">crime<\/a>. \u00ab Je suis innocent de tous ces crimes ; ce soir-l\u00e0, j\u2019\u00e9tais chez moi \u00bb, lance-t-il succinctement apr\u00e8s avoir adress\u00e9 des condol\u00e9ances \u00e0 la famille et aux amis de Lionel.<\/p>\n<p>Comme pendant la proc\u00e9dure, durant laquelle il a \u00e9t\u00e9 entendu \u00e0 cinq reprises, Yassine nie l\u2019int\u00e9gralit\u00e9 des faits. Le 2 janvier, alors qu\u2019un peu avant 23 heures a lieu la descente d\u2019une Clio noire dans le quartier des Aubiers suivie d\u2019une fusillade mortelle, lui passe la soir\u00e9e chez sa m\u00e8re, dit-il. Pourtant, elle l\u2019appelle \u00e0 deux reprises. Mais selon les explications qu\u2019il fournit, elle se serait inqui\u00e9t\u00e9e de ne pas le voir dans l\u2019appartement alors qu\u2019il \u00e9tait simplement descendu fumer en bas de son immeuble. Il aurait aussi eu ce soir-l\u00e0 un \u00e9change Tinder avec une certaine Manon, 45 minutes apr\u00e8s les faits. Et s\u2019il ne lui a pas r\u00e9pondu juste apr\u00e8s 22h40, c\u2019\u00e9tait pour \u00ab la faire poireauter \u00bb, selon ses termes.<\/p>\n<p>Des gants \u00ab pour faire le m\u00e9nage \u00bb<\/p>\n<p>Quand il s\u2019agit(&#8230;)<\/p>\n<p><a href=\"https:\/\/www.20minutes.fr\/justice\/4154526-20250520-fusillade-bordeaux-soir-chez-accuses-meurtre-lionel-nie-bloc?at_medium=RSS%20feed&amp;at_campaign=ynews&amp;utm_source=yahoo&amp;utm_medium=rss&amp;utm_campaign=news_feed&amp;utm_content=read_more_link\" rel=\"nofollow noopener\" target=\"_blank\" data-ylk=\"slk:Lire la suite sur 20minutes;elm:context_link;itc:0;sec:content-canvas\" class=\"link \">Lire la suite sur 20minutes<\/a><\/p>\n<p>\u00c0 lire aussi :<br \/><a href=\"https:\/\/www.20minutes.fr\/justice\/4152600-20250512-bordeaux-proces-meurtre-lionel-ado-16-ans-histoires-abattu-fond-rivalite-entre-quartiers?at_medium=RSS%20feed&amp;at_campaign=ynews&amp;utm_source=yahoo&amp;utm_medium=rss&amp;utm_campaign=news_feed&amp;utm_content=related_content_link\" rel=\"nofollow noopener\" target=\"_blank\" data-ylk=\"slk:Bordeaux : Proc\u00e8s du meurtre de Lionel, un ado de 16 ans \u00ab sans histoires \u00bb, abattu sur fond de rivalit\u00e9 entre quartiers;elm:context_link;itc:0;sec:content-canvas\" class=\"link \">Bordeaux : Proc\u00e8s du meurtre de Lionel, un ado de 16 ans \u00ab sans histoires \u00bb, abattu sur fond de rivalit\u00e9 entre quartiers<\/a><br \/><a href=\"https:\/\/www.20minutes.fr\/justice\/4153955-20250516-bordeaux-fait-tirer-dessus-comme-lapins-meilleur-ami-lionel-raconte-fusillade-mortelle?at_medium=RSS%20feed&amp;at_campaign=ynews&amp;utm_source=yahoo&amp;utm_medium=rss&amp;utm_campaign=news_feed&amp;utm_content=related_content_link\" rel=\"nofollow noopener\" target=\"_blank\" data-ylk=\"slk:Bordeaux : \u00ab On s\u2019est fait tirer dessus comme des lapins \u00bb\u2026 Le meilleur ami de Lionel raconte la fusillade mortelle;elm:context_link;itc:0;sec:content-canvas\" class=\"link \">Bordeaux : \u00ab On s\u2019est fait tirer dessus comme des lapins \u00bb\u2026 Le meilleur ami de Lionel raconte la fusillade mortelle<\/a><\/p>\n","protected":false},"excerpt":{"rendered":"assises &#8211; Ce mardi \u00e0 la cour d\u2019Assises de la Gironde, la parole a \u00e9t\u00e9 donn\u00e9e aux accus\u00e9s,&hellip;\n","protected":false},"author":2,"featured_media":114964,"comment_status":"","ping_status":"","sticky":false,"template":"","format":"standard","meta":{"footnotes":""},"categories":[2817],"tags":[1111,11,23515,1997,1777,674,1011,27,20872,18250,20871,12,2219,25,5118],"class_list":{"0":"post-114963","1":"post","2":"type-post","3":"status-publish","4":"format-standard","5":"has-post-thumbnail","7":"category-bordeaux","8":"tag-actu","9":"tag-actualites","10":"tag-aubiers","11":"tag-bordeaux","12":"tag-eu","13":"tag-europe","14":"tag-fr","15":"tag-france","16":"tag-la-gironde","17":"tag-le-quartier","18":"tag-lionel","19":"tag-news","20":"tag-nouvelle-aquitaine","21":"tag-republique-francaise","22":"tag-tentative-de-meurtre"},"share_on_mastodon":{"url":"https:\/\/pubeurope.com\/@fr\/114541611251108625","error":""},"_links":{"self":[{"href":"https:\/\/www.europesays.com\/fr\/wp-json\/wp\/v2\/posts\/114963","targetHints":{"allow":["GET"]}}],"collection":[{"href":"https:\/\/www.europesays.com\/fr\/wp-json\/wp\/v2\/posts"}],"about":[{"href":"https:\/\/www.europesays.com\/fr\/wp-json\/wp\/v2\/types\/post"}],"author":[{"embeddable":true,"href":"https:\/\/www.europesays.com\/fr\/wp-json\/wp\/v2\/users\/2"}],"replies":[{"embeddable":true,"href":"https:\/\/www.europesays.com\/fr\/wp-json\/wp\/v2\/comments?post=114963"}],"version-history":[{"count":0,"href":"https:\/\/www.europesays.com\/fr\/wp-json\/wp\/v2\/posts\/114963\/revisions"}],"wp:featuredmedia":[{"embeddable":true,"href":"https:\/\/www.europesays.com\/fr\/wp-json\/wp\/v2\/media\/114964"}],"wp:attachment":[{"href":"https:\/\/www.europesays.com\/fr\/wp-json\/wp\/v2\/media?parent=114963"}],"wp:term":[{"taxonomy":"category","embeddable":true,"href":"https:\/\/www.europesays.com\/fr\/wp-json\/wp\/v2\/categories?post=114963"},{"taxonomy":"post_tag","embeddable":true,"href":"https:\/\/www.europesays.com\/fr\/wp-json\/wp\/v2\/tags?post=114963"}],"curies":[{"name":"wp","href":"https:\/\/api.w.org\/{rel}","templated":true}]}}