{"id":114965,"date":"2025-05-20T18:37:08","date_gmt":"2025-05-20T18:37:08","guid":{"rendered":"https:\/\/www.europesays.com\/fr\/114965\/"},"modified":"2025-05-20T18:37:08","modified_gmt":"2025-05-20T18:37:08","slug":"lartiste-de-toulouse-james-colomina-installe-des-sculptures-dans-les-rues-de-tokyo-ce-quelles-denoncent","status":"publish","type":"post","link":"https:\/\/www.europesays.com\/fr\/114965\/","title":{"rendered":"L&rsquo;artiste de Toulouse James Colomina installe des sculptures dans les rues de Tokyo : ce qu&rsquo;elles d\u00e9noncent"},"content":{"rendered":"<p>            Par<br \/>\n        <strong><br \/>\n            <a href=\"https:\/\/actu.fr\/auteur\/redaction-toulouse\" title=\"Consulter tous les articles de R\u00e9daction de Toulouse\" rel=\"nofollow noopener\" target=\"_blank\">R\u00e9daction de Toulouse<\/a><br \/>\n        <\/strong><\/p>\n<p>        Publi\u00e9 le<\/p>\n<p>            20 mai 2025 \u00e0 20h08        <\/p>\n<p>Un homme en r\u00e9sine rouge enferm\u00e9 dans une mallette, l\u2019artiste fran\u00e7ais de street art<a href=\"https:\/\/actu.fr\/occitanie\/toulouse_31555\/bien-connu-a-toulouse-l-artiste-james-colomina-devoile-sa-nouvelle-sculpture-rouge-dans-un-lieu-inattendu_62178121.html\" rel=\"nofollow noopener\" target=\"_blank\"> James Colomina<\/a>, a install\u00e9 mardi \u00e0 <strong>Tokyo<\/strong> des sculptures \u00e9ph\u00e9m\u00e8res repr\u00e9sentant l\u2019ali\u00e9nation des \u00ab\u2009soldats de l\u2019\u00e9conomie japonaise\u2009\u00bb, pour <strong>d\u00e9noncer la soci\u00e9t\u00e9 capitaliste<\/strong>.<\/p>\n<p>Install\u00e9es sans autorisation<\/p>\n<p class=\" wall-content\">\u00ab\u2009Le projet tourne autour des <strong>salarymen<\/strong>, ces figures embl\u00e9matiques du Japon contemporain, avec un questionnement sur leur condition. Pour moi, ce sont les samoura\u00efs modernes qui sont fondus dans le capitalisme\u2009\u00bb, a expliqu\u00e9 \u00e0 l\u2019AFP Colomina qui a install\u00e9 ses \u0153uvres en r\u00e9sine rouge au petit matin sans autorisation des autorit\u00e9s nippons.<\/p>\n<p class=\" wall-content\">Sur le c\u00e9l\u00e8bre <strong>carrefour de Shibuya<\/strong> o\u00f9 se croisent des milliers de passants \u00e0 chaque feu tricolore, l\u2019artiste a pos\u00e9 sur le trottoir <strong>un homme enferm\u00e9 dans une mallette<\/strong>, avec les bras et les jambes qui sortent, et accroch\u00e9 deux fausses cam\u00e9ras qui sont tourn\u00e9es vers de r\u00e9elles cam\u00e9ras de surveillance.<\/p>\n<p class=\" wall-content\">\u00ab\u2009Ces hommes perdent leur identit\u00e9. Leurs armes sont leurs mallettes et leurs costumes. Ils sont dans un moule, des soldats de l\u2019\u00e9conomie, qui sacrifient leur individualit\u00e9 au profit d\u2019un syst\u00e8me\u2009\u00bb, a expliqu\u00e9 le Toulousain.<\/p>\n<p>Nouvelles \u0153uvres \u00e0 venir<\/p>\n<p class=\" wall-content\"><strong>Colomina<\/strong>, qui se d\u00e9finit comme un \u00ab\u2009artiste qui s\u2019exprime sur des probl\u00e8mes de soci\u00e9t\u00e9\u2009\u00bb, pr\u00e9voit aussi dans les prochains jours de faire une autre performance en suspendant des sculptures \u00ab\u2009hyperr\u00e9alistes, \u00e0 taille humaine\u2009\u00bb.<\/p>\n<p>Vid\u00e9os : en ce moment sur Actu<\/p>\n<p class=\" wall-content\">\u00ab\u2009Des figures en costume de bureau, pendues, la corde au cou, le corps inerte, les bras le long du corps, la t\u00eate basse. <strong>Ce sont des images fortes, silencieuses<\/strong>, qui parlent de solitude, d\u2019ali\u00e9nation, de d\u00e9shumanisation\u2009\u00bb, a-t-il expliqu\u00e9.<\/p>\n<p>Des \u0153uvres dans le monde entier<\/p>\n<p class=\" wall-content\">Le quinquag\u00e9naire d\u00e9nonce r\u00e9guli\u00e8rement des faits d\u2019actualit\u00e9, comme lorsqu\u2019il a install\u00e9 sur des terrains de jeux pour enfants \u00e0 Paris, New York ou encore Londres, <a href=\"https:\/\/actu.fr\/occitanie\/toulouse_31555\/l-artiste-james-colomina-de-toulouse-installe-une-sculpture-de-vladimir-poutine-a-bruxelles_57655965.html\" rel=\"nofollow noopener\" target=\"_blank\">une sculpture du pr\u00e9sident russe Vladimir Poutine assis \u00e0 califourchon sur un char miniature<\/a>, apr\u00e8s le d\u00e9clenchement de la guerre en Ukraine.<\/p>\n<p class=\" wall-content\">En mai 2024, il avait expos\u00e9 un ouvrage repr\u00e9sentant un homme assis au bord d\u2019un toit, ayant attrap\u00e9 gr\u00e2ce \u00e0 sa canne \u00e0 p\u00eache un anneau du logo olympique, avec l\u2019objectif \u00ab\u2009mettre en avant les athl\u00e8tes qui participent aux Jeux olympiques de Paris 2024 sous une banni\u00e8re neutre\u2009\u00bb.<\/p>\n<p>Apr\u00e8s l\u2019abb\u00e9 Pierre<\/p>\n<p class=\" wall-content\">Il avait \u00e9galement install\u00e9 d\u00e9but f\u00e9vrier\u00a02024 \u00e0 Barcelone <a href=\"https:\/\/actu.fr\/occitanie\/toulouse_31555\/l-artiste-james-colomina-originaire-de-toulouse-devoile-une-nouvelle-oeuvre-a-barcelone_60687202.html\" rel=\"nofollow noopener\" target=\"_blank\">une \u0153uvre repr\u00e9sentant deux enfants portant l\u2019un une kippa<\/a>, l\u2019autre un keffieh, devant un symbole de paix en forme de c\u0153ur.<\/p>\n<p class=\" wall-content\">Enfin en novembre dernier, il avait d\u00e9voil\u00e9 \u00e0 <strong>Toulouse<\/strong>, dans le sud-ouest de la France, <a href=\"https:\/\/actu.fr\/occitanie\/toulouse_31555\/toulouse-james-colomina-installe-une-oeuvre-choc-dans-une-eglise-pour-denoncer-les-derives-de-l-abbe-pierre_61815156.html\" rel=\"nofollow noopener\" target=\"_blank\">une sculpture d\u00e9non\u00e7ant les violences sexuelles dont l\u2019Abb\u00e9 Pierre<\/a>, mort en 2007, est accus\u00e9. Bri\u00e8vement expos\u00e9e dans une \u00e9glise d\u00e9sacralis\u00e9e, l\u2019\u0153uvre repr\u00e9sentait l\u2019homme d\u2019\u00c9glise sur un chariot mortuaire m\u00e9tallique, un drap recouvrant son corps et laissant deviner une \u00e9rection.<\/p>\n<p class=\" wall-content\"><strong>Avec AFP<\/strong><\/p>\n<p class=\" wall-content\">Suivez toute l\u2019actualit\u00e9 de vos villes et m\u00e9dias favoris en vous inscrivant \u00e0 <a href=\"https:\/\/moncompte.actu.fr\" title=\"D\u00e9couvez Mon Actu\" rel=\"nofollow noopener\" data-trk=\"{&quot;cta&quot;:{&quot;action&quot;:&quot;https:\\\/\\\/moncompte.actu.fr&quot;,&quot;category&quot;:&quot;mon compte&quot;,&quot;from&quot;:&quot;article footer&quot;,&quot;name&quot;:&quot;Mon actu&quot;,&quot;type&quot;:&quot;cta&quot;}}\" target=\"_blank\">Mon Actu<\/a>.<\/p>\n","protected":false},"excerpt":{"rendered":"Par R\u00e9daction de Toulouse Publi\u00e9 le 20 mai 2025 \u00e0 20h08 Un homme en r\u00e9sine rouge enferm\u00e9 dans&hellip;\n","protected":false},"author":2,"featured_media":114966,"comment_status":"","ping_status":"","sticky":false,"template":"","format":"standard","meta":{"footnotes":""},"categories":[2816],"tags":[1111,11,1777,674,1011,27,12,2680,25,104,7189,2312],"class_list":{"0":"post-114965","1":"post","2":"type-post","3":"status-publish","4":"format-standard","5":"has-post-thumbnail","7":"category-toulouse","8":"tag-actu","9":"tag-actualites","10":"tag-eu","11":"tag-europe","12":"tag-fr","13":"tag-france","14":"tag-news","15":"tag-occitanie","16":"tag-republique-francaise","17":"tag-societe","18":"tag-street-art","19":"tag-toulouse"},"share_on_mastodon":{"url":"https:\/\/pubeurope.com\/@fr\/114541615230342363","error":""},"_links":{"self":[{"href":"https:\/\/www.europesays.com\/fr\/wp-json\/wp\/v2\/posts\/114965","targetHints":{"allow":["GET"]}}],"collection":[{"href":"https:\/\/www.europesays.com\/fr\/wp-json\/wp\/v2\/posts"}],"about":[{"href":"https:\/\/www.europesays.com\/fr\/wp-json\/wp\/v2\/types\/post"}],"author":[{"embeddable":true,"href":"https:\/\/www.europesays.com\/fr\/wp-json\/wp\/v2\/users\/2"}],"replies":[{"embeddable":true,"href":"https:\/\/www.europesays.com\/fr\/wp-json\/wp\/v2\/comments?post=114965"}],"version-history":[{"count":0,"href":"https:\/\/www.europesays.com\/fr\/wp-json\/wp\/v2\/posts\/114965\/revisions"}],"wp:featuredmedia":[{"embeddable":true,"href":"https:\/\/www.europesays.com\/fr\/wp-json\/wp\/v2\/media\/114966"}],"wp:attachment":[{"href":"https:\/\/www.europesays.com\/fr\/wp-json\/wp\/v2\/media?parent=114965"}],"wp:term":[{"taxonomy":"category","embeddable":true,"href":"https:\/\/www.europesays.com\/fr\/wp-json\/wp\/v2\/categories?post=114965"},{"taxonomy":"post_tag","embeddable":true,"href":"https:\/\/www.europesays.com\/fr\/wp-json\/wp\/v2\/tags?post=114965"}],"curies":[{"name":"wp","href":"https:\/\/api.w.org\/{rel}","templated":true}]}}