{"id":1149661,"date":"2026-08-26T09:10:15","date_gmt":"2026-08-26T09:10:15","guid":{"rendered":"https:\/\/www.europesays.com\/fr\/1149661\/"},"modified":"2026-08-26T09:10:15","modified_gmt":"2026-08-26T09:10:15","slug":"saint-chamond-couvre-feu-et-interdiction-de-regroupement-denonces-par-le-prefet-vers-de-nouveaux-arretes","status":"publish","type":"post","link":"https:\/\/www.europesays.com\/fr\/1149661\/","title":{"rendered":"Saint-Chamond. Couvre-feu et interdiction de regroupement d\u00e9nonc\u00e9s par le pr\u00e9fet\u00a0: vers de nouveaux arr\u00eat\u00e9s\u00a0?"},"content":{"rendered":"<p>Cet \u00e9t\u00e9, le pr\u00e9fet de la Loire, Fran\u00e7ois-Xavier Bieuville, avait saisi le tribunal administratif de Lyon face aux arr\u00eat\u00e9s municipaux visant \u00e0 instaurer un couvre-feu pour les moins de 16 ans et \u00e0 interdire les regroupements pris par la Ville de Saint-Chamond, mais aussi les voisines de Villars, La Talaudi\u00e8re et Saint-Priest-en-Jarez.<\/p>\n<p>Le repr\u00e9sentant de l\u2019\u00c9tat dans la Loire estimait que ces arr\u00eat\u00e9s \u00e9taient de nature \u00e0 porter une atteinte grave et disproportionn\u00e9e aux libert\u00e9s publiques ou individuelles. En attendant que le tribunal ne se prononce sur le fond du dossier, le juge des r\u00e9f\u00e9r\u00e9s avait ordonn\u00e9 <a href=\"https:\/\/www.leprogres.fr\/faits-divers-justice\/2026\/08\/05\/couvre-feu-et-interdiction-de-regroupement-les-arretes-pris-par-quatre-maires-suspendus-par-le-juge\" target=\"_blank\" rel=\"nofollow noopener\">la suspension imm\u00e9diate<\/a> de leur ex\u00e9cution.<\/p>\n<p>  \u00ab\u00a0On va travailler main dans la main avec le pr\u00e9fet\u00a0\u00bb<\/p>\n<p>De quoi mettre en col\u00e8re les maires des communes concern\u00e9es, \u00e0 commencer par Axel Dugua. Selon le maire de Villars, Jordan Da Silva, les quatre communes \u00e9tudiaient m\u00eame en commun les voies de recours judiciaires possibles.<\/p>\n<p>L\u2019ambiance semble s\u2019\u00eatre un peu am\u00e9lior\u00e9e avec la pr\u00e9fecture. Ce lundi 24\u00a0ao\u00fbt, les quatre maires, ainsi que ceux de Firminy et Saint-Genest-Lerpt, ont \u00e9t\u00e9 re\u00e7us par le pr\u00e9fet et son directeur de cabinet pour \u00e9changer sur la situation. Selon Axel Dugua, la rencontre s\u2019est plut\u00f4t bien pass\u00e9e. \u00ab\u00a0Nous sommes tous d\u2019accord sur le constat de fond. Il faut maintenant se mettre d\u2019accord sur la forme. On va travailler main dans la main avec le pr\u00e9fet\u00a0\u00bb, nous a-t-il confi\u00e9.<\/p>\n<p>De nouveaux arr\u00eat\u00e9s pourraient \u00eatre r\u00e9dig\u00e9s. On devrait en savoir davantage dans les semaines \u00e0 venir.<\/p>\n","protected":false},"excerpt":{"rendered":"Cet \u00e9t\u00e9, le pr\u00e9fet de la Loire, Fran\u00e7ois-Xavier Bieuville, avait saisi le tribunal administratif de Lyon face aux&hellip;\n","protected":false},"author":2,"featured_media":1149662,"comment_status":"","ping_status":"","sticky":false,"template":"","format":"standard","meta":{"footnotes":"","_share_on_mastodon":"0"},"categories":[9653],"tags":[1111,11,2430,271,272,7539,1777,674,274,1011,27,12,25,9669,9670,4001],"class_list":["post-1149661","post","type-post","status-publish","format-standard","has-post-thumbnail","category-saint-etienne","tag-actu","tag-actualites","tag-auvergne-rhone-alpes","tag-crime","tag-delit-et-contravention","tag-edition-loire-sud","tag-eu","tag-europe","tag-faits-divers-justice","tag-fr","tag-france","tag-news","tag-republique-francaise","tag-saint-chamond","tag-saint-chamond-ville","tag-saint-etienne"],"share_on_mastodon":{"url":"https:\/\/pubeurope.com\/@fr\/117161035611240241","error":""},"_links":{"self":[{"href":"https:\/\/www.europesays.com\/fr\/wp-json\/wp\/v2\/posts\/1149661","targetHints":{"allow":["GET"]}}],"collection":[{"href":"https:\/\/www.europesays.com\/fr\/wp-json\/wp\/v2\/posts"}],"about":[{"href":"https:\/\/www.europesays.com\/fr\/wp-json\/wp\/v2\/types\/post"}],"author":[{"embeddable":true,"href":"https:\/\/www.europesays.com\/fr\/wp-json\/wp\/v2\/users\/2"}],"replies":[{"embeddable":true,"href":"https:\/\/www.europesays.com\/fr\/wp-json\/wp\/v2\/comments?post=1149661"}],"version-history":[{"count":0,"href":"https:\/\/www.europesays.com\/fr\/wp-json\/wp\/v2\/posts\/1149661\/revisions"}],"wp:featuredmedia":[{"embeddable":true,"href":"https:\/\/www.europesays.com\/fr\/wp-json\/wp\/v2\/media\/1149662"}],"wp:attachment":[{"href":"https:\/\/www.europesays.com\/fr\/wp-json\/wp\/v2\/media?parent=1149661"}],"wp:term":[{"taxonomy":"category","embeddable":true,"href":"https:\/\/www.europesays.com\/fr\/wp-json\/wp\/v2\/categories?post=1149661"},{"taxonomy":"post_tag","embeddable":true,"href":"https:\/\/www.europesays.com\/fr\/wp-json\/wp\/v2\/tags?post=1149661"}],"curies":[{"name":"wp","href":"https:\/\/api.w.org\/{rel}","templated":true}]}}