{"id":11497,"date":"2025-04-09T01:08:13","date_gmt":"2025-04-09T01:08:13","guid":{"rendered":"https:\/\/www.europesays.com\/fr\/11497\/"},"modified":"2025-04-09T01:08:13","modified_gmt":"2025-04-09T01:08:13","slug":"lacteur-manuel-masalva-de-la-serie-narcos-dans-le-coma-a-cause-dune-infection-bacterienne","status":"publish","type":"post","link":"https:\/\/www.europesays.com\/fr\/11497\/","title":{"rendered":"L\u2019acteur Manuel Masalva de la s\u00e9rie \u00ab Narcos \u00bb dans le coma \u00e0 cause d\u2019une infection bact\u00e9rienne"},"content":{"rendered":"<p><img decoding=\"async\" class=\"caas-img has-preview\" alt=\"Dans la saison 3 de \u00ab Narcos : Mexico \u00bb, Manuel Masalva (\u00e0 droite) joue aux c\u00f4t\u00e9s de Bad Bunny, Alfonso Dosal et Bobby Soto (de gauche \u00e0 droite).\" bad-src=\"https:\/\/www.europesays.com\/fr\/wp-content\/uploads\/2025\/04\/7d7b0d0d68448b27a933ef3e0d562e7d.jpeg\" src=\"https:\/\/www.europesays.com\/fr\/wp-content\/uploads\/2025\/04\/7d7b0d0d68448b27a933ef3e0d562e7d.jpeg\"\/><\/p>\n<p>Netflix Dans la saison 3 de \u00ab Narcos : Mexico \u00bb, Manuel Masalva (\u00e0 droite) joue aux c\u00f4t\u00e9s de Bad Bunny, Alfonso Dosal et Bobby Soto (de gauche \u00e0 droite).<\/p>\n<p>PEOPLE &#8211; Son pronostic vital est engag\u00e9. L\u2019acteur mexicain Manuel Masalva a \u00e9t\u00e9 plong\u00e9 dans un coma artificiel. Lors d\u2019un voyage aux <a data-i13n=\"cpos:1;pos:1\" href=\"https:\/\/fr.news.yahoo.com\/mot-gigil-entr%C3%A9-dictionnaire-oxford-174309608.html\" data-ylk=\"slk:Philippines;cpos:1;pos:1;elm:context_link;itc:0;sec:content-canvas;outcm:mb_qualified_link;_E:mb_qualified_link;ct:story;\" class=\"link  yahoo-link\" target=\"_blank\" rel=\"noopener\">Philippines<\/a>, il a contract\u00e9 une <a data-i13n=\"cpos:2;pos:1\" href=\"https:\/\/fr.style.yahoo.com\/botulisme-indre-loire-aliments-conserves-114305922.html\" data-ylk=\"slk:infection bact\u00e9rienne;cpos:2;pos:1;elm:context_link;itc:0;sec:content-canvas;outcm:mb_qualified_link;_E:mb_qualified_link;ct:story;\" class=\"link  yahoo-link\" target=\"_blank\" rel=\"noopener\">infection bact\u00e9rienne<\/a> dangereuse. Mais ce n\u2019est que quelques jours plus tard, lorsqu\u2019il s\u2019est trouv\u00e9 \u00e0 <a data-i13n=\"cpos:3;pos:1\" href=\"https:\/\/fr.news.yahoo.com\/chocolat-duba%C3%AF-rupture-stock-partout-173017758.html\" data-ylk=\"slk:Duba\u00ef;cpos:3;pos:1;elm:context_link;itc:0;sec:content-canvas;outcm:mb_qualified_link;_E:mb_qualified_link;ct:story;\" class=\"link  yahoo-link\" target=\"_blank\" rel=\"noopener\">Duba\u00ef<\/a>, que le diagnostic a \u00e9t\u00e9 pos\u00e9. Il est depuis hospitalis\u00e9.<\/p>\n<p>Le 26 mars, Manuel Masalva a subi une op\u00e9ration chirurgicale d\u2019urgence apr\u00e8s la d\u00e9couverte de la bact\u00e9rie par les m\u00e9decins, comme l\u2019a r\u00e9v\u00e9l\u00e9 le <a data-i13n=\"cpos:4;pos:1\" href=\"https:\/\/www.latimes.com\/delos\/story\/2025-04-04\/narcos-mexico-actor-manuel-masalva-coma-bacterial-infection-dubai\" rel=\"nofollow noopener\" target=\"_blank\" data-ylk=\"slk:Los Angeles Times;cpos:4;pos:1;elm:context_link;itc:0;sec:content-canvas\" class=\"link \">Los Angeles Times<\/a> le 4 avril. Le lendemain, l\u2019infection a atteint ses poumons et le personnel m\u00e9dical de l\u2019h\u00f4pital de Duba\u00ef a d\u00e9cid\u00e9 de le placer dans le coma artificiel.<\/p>\n<p><a data-i13n=\"cpos:5;pos:1\" href=\"https:\/\/fr.news.yahoo.com\/laura-felpin-r%C3%A9v%C3%A8le-%C3%AAtre-atteinte-131318769.html\" data-ylk=\"slk:Laura Felpin r\u00e9v\u00e8le \u00eatre atteinte d\u2019un cancer de la thyro\u00efde;cpos:5;pos:1;elm:context_link;itc:0;sec:content-canvas;outcm:mb_qualified_link;_E:mb_qualified_link;ct:story;\" class=\"link  yahoo-link\" target=\"_blank\" rel=\"noopener\"> Laura Felpin r\u00e9v\u00e8le \u00eatre atteinte d\u2019un cancer de la thyro\u00efde <\/a><\/p>\n<p>D\u00e9sormais sous antibiotiques, l\u2019acteur est dans un \u00e9tat stable mais critique. Son manager Jaime Jaramilli Espinosa a apport\u00e9 des nouvelles rassurantes puisque \u00ab son respirateur a \u00e9t\u00e9 abaiss\u00e9 \u00e0 80 %, ce qui signifie que ses poumons ont r\u00e9agi \u00bb au traitement.<\/p>\n<p>Un appel aux dons pour payer l\u2019h\u00f4pital<\/p>\n<p>La famille de Manuel Masalva s\u2019est mobilis\u00e9e en lan\u00e7ant un appel aux dons en ligne afin qu\u2019elle puisse financer les soins. Mario Moran, un autre com\u00e9dien mexicain qu\u2019il a rencontr\u00e9 sur le tournage de la t\u00e9l\u00e9novela La Rosa de Guadalupe, et qui est devenu un de ses plus proches amis, a publi\u00e9 une vid\u00e9o sur son compte Instagram. \u00ab Les frais m\u00e9dicaux sont \u00e9normes (&#8230;). Toute aide, aussi petite soit-elle, peut faire la diff\u00e9rence dans ce moment difficile. Si vous \u00eates en mesure de nous aider, je vous remercie de tout c\u0153ur \u00bb, a-t-il expliqu\u00e9 le 4 avril.<\/p>\n<p>Actuellement, la cagnotte a d\u00e9pass\u00e9 son objectif initial en r\u00e9coltant 1 052 265 pesos mexicains, ce qui correspond environ \u00e0 46 000 euros. Deux jours apr\u00e8s sa vid\u00e9o, Mario Moran a partag\u00e9 un court texte dans lequel il remercie \u00ab du fond du c\u0153ur pour chaque don, chaque message et pour le partage \u00bb.<\/p>\n<p>Manuel Masalva est connu pour son r\u00f4le de Ram\u00f3n Arellano F\u00e9lix dans la s\u00e9rie Narcos : Mexico, o\u00f9 il a jou\u00e9 aux c\u00f4t\u00e9s de Diego Luna (Andor), Michael Pe\u00f1a (Ant-Man) et le rappeur Bad Bunny. Il joue \u00e9galement dans une s\u00e9rie-biopic sur la rock star mexicaine Alejandra Guzm\u00e1n. L\u2019an dernier,<a data-i13n=\"cpos:6;pos:1\" href=\"https:\/\/deadline.com\/2024\/03\/gringo-hunters-cast-production-begins-1235855468\/\" rel=\"nofollow noopener\" target=\"_blank\" data-ylk=\"slk:Deadline;cpos:6;pos:1;elm:context_link;itc:0;sec:content-canvas\" class=\"link \"> Deadline<\/a>\u00a0avait d\u00e9voil\u00e9 qu\u2019il sera aussi \u00e0 l\u2019affiche de The Gringo Hunters sur Netflix, une s\u00e9rie dans laquelle des policiers mexicains traquent des fugitifs am\u00e9ricains.<\/p>\n<p><strong>\u00c0 voir \u00e9galement sur <\/strong><strong>Le HuffPost<\/strong><strong> :<\/strong><\/p>\n<p>\u00a0\u00a0<\/p>\n<p><a data-i13n=\"cpos:7;pos:1\" href=\"https:\/\/fr.news.yahoo.com\/mort-d-amadou-bagayoko-mariam-201358504.html\" data-ylk=\"slk:Mort d\u2019Amadou Bagayoko : Mariam Doumbia livre ses premiers mots apr\u00e8s la disparition de son mari;cpos:7;pos:1;elm:context_link;itc:0;sec:content-canvas;outcm:mb_qualified_link;_E:mb_qualified_link;ct:story;\" class=\"link  yahoo-link\" target=\"_blank\" rel=\"noopener\"> Mort d\u2019Amadou Bagayoko : Mariam Doumbia livre ses premiers mots apr\u00e8s la disparition de son mari <\/a><\/p>\n<p><a data-i13n=\"cpos:8;pos:1\" href=\"https:\/\/fr.news.yahoo.com\/virgilia-hess-atteinte-d-cancer-143138296.html\" data-ylk=\"slk:Virgilia Hess, atteinte d\u2019un cancer du sein, raconte sa nouvelle \u00ab gal\u00e8re de boobs \u00bb;cpos:8;pos:1;elm:context_link;itc:0;sec:content-canvas;outcm:mb_qualified_link;_E:mb_qualified_link;ct:story;\" class=\"link  yahoo-link\" target=\"_blank\" rel=\"noopener\"> Virgilia Hess, atteinte d\u2019un cancer du sein, raconte sa nouvelle \u00ab gal\u00e8re de boobs \u00bb <\/a><\/p>\n","protected":false},"excerpt":{"rendered":"Netflix Dans la saison 3 de \u00ab Narcos : Mexico \u00bb, Manuel Masalva (\u00e0 droite) joue aux c\u00f4t\u00e9s&hellip;\n","protected":false},"author":2,"featured_media":11498,"comment_status":"","ping_status":"","sticky":false,"template":"","format":"standard","meta":{"footnotes":""},"categories":[1359],"tags":[5464,58,59,1011,27,5465,5466,5462,5463,127,973],"class_list":{"0":"post-11497","1":"post","2":"type-post","3":"status-publish","4":"format-standard","5":"has-post-thumbnail","7":"category-people","8":"tag-coma-artificiel","9":"tag-divertissement","10":"tag-entertainment","11":"tag-fr","12":"tag-france","13":"tag-gauche-a-droite","14":"tag-la-rosa-de-guadalupe","15":"tag-manuel-masalva","16":"tag-mario-moran","17":"tag-netflix","18":"tag-people"},"share_on_mastodon":{"url":"https:\/\/pubeurope.com\/@fr\/114305335509687254","error":""},"_links":{"self":[{"href":"https:\/\/www.europesays.com\/fr\/wp-json\/wp\/v2\/posts\/11497","targetHints":{"allow":["GET"]}}],"collection":[{"href":"https:\/\/www.europesays.com\/fr\/wp-json\/wp\/v2\/posts"}],"about":[{"href":"https:\/\/www.europesays.com\/fr\/wp-json\/wp\/v2\/types\/post"}],"author":[{"embeddable":true,"href":"https:\/\/www.europesays.com\/fr\/wp-json\/wp\/v2\/users\/2"}],"replies":[{"embeddable":true,"href":"https:\/\/www.europesays.com\/fr\/wp-json\/wp\/v2\/comments?post=11497"}],"version-history":[{"count":0,"href":"https:\/\/www.europesays.com\/fr\/wp-json\/wp\/v2\/posts\/11497\/revisions"}],"wp:featuredmedia":[{"embeddable":true,"href":"https:\/\/www.europesays.com\/fr\/wp-json\/wp\/v2\/media\/11498"}],"wp:attachment":[{"href":"https:\/\/www.europesays.com\/fr\/wp-json\/wp\/v2\/media?parent=11497"}],"wp:term":[{"taxonomy":"category","embeddable":true,"href":"https:\/\/www.europesays.com\/fr\/wp-json\/wp\/v2\/categories?post=11497"},{"taxonomy":"post_tag","embeddable":true,"href":"https:\/\/www.europesays.com\/fr\/wp-json\/wp\/v2\/tags?post=11497"}],"curies":[{"name":"wp","href":"https:\/\/api.w.org\/{rel}","templated":true}]}}