{"id":1149736,"date":"2026-08-26T09:59:20","date_gmt":"2026-08-26T09:59:20","guid":{"rendered":"https:\/\/www.europesays.com\/fr\/1149736\/"},"modified":"2026-08-26T09:59:20","modified_gmt":"2026-08-26T09:59:20","slug":"lue-sinquiete-de-la-concentration-de-deux-geants-du-papier-pour-magazines-et-livres","status":"publish","type":"post","link":"https:\/\/www.europesays.com\/fr\/1149736\/","title":{"rendered":"L&rsquo;UE s&rsquo;inqui\u00e8te de la concentration de deux g\u00e9ants du papier pour magazines et livres"},"content":{"rendered":"<p class=\"ap-StoryElement ap-StoryElement--mb ap-StoryText\">Le regroupement du finlandais UPM et du sud-africain Sappi ferait d&rsquo;eux le leader du march\u00e9 dans l&rsquo;espace \u00e9conomique europ\u00e9en (EEE). Mais ce projet risque d&rsquo;augmenter les prix, de diminuer la qualit\u00e9 et de restreindre les choix des clients, s&rsquo;inqui\u00e8te la Commission europ\u00e9enne, qui avait ouvert une enqu\u00eate approfondie le 28 avril dernier.<\/p>\n<p class=\"ap-StoryElement ap-StoryElement--mb ap-StoryText\">UPM et Sappi peuvent \u00e0 pr\u00e9sent r\u00e9pondre \u00e0 la communication des griefs de la Commission, consulter le dossier et demander \u00e0 \u00eatre entendus. L&rsquo;envoi des griefs ne pr\u00e9juge pas de l&rsquo;issue de l&rsquo;enqu\u00eate. La Commission, gardienne de la concurrence dans l&rsquo;UE, a jusqu&rsquo;au 11 novembre prochain pour prendre une d\u00e9cision finale.<\/p>\n","protected":false},"excerpt":{"rendered":"Le regroupement du finlandais UPM et du sud-africain Sappi ferait d&rsquo;eux le leader du march\u00e9 dans l&rsquo;espace \u00e9conomique&hellip;\n","protected":false},"author":2,"featured_media":2837,"comment_status":"","ping_status":"","sticky":false,"template":"","format":"standard","meta":{"footnotes":"","_share_on_mastodon":"0"},"categories":[1586],"tags":[11,9999,2390,350,313,1777,674,1779,1011,27,12,25,1778,364],"class_list":["post-1149736","post","type-post","status-publish","format-standard","has-post-thumbnail","category-europe","tag-actualites","tag-belgium","tag-comeuro","tag-concurrence","tag-entreprises","tag-eu","tag-europe","tag-european-union","tag-fr","tag-france","tag-news","tag-republique-francaise","tag-ue","tag-union-europeenne"],"share_on_mastodon":{"url":"https:\/\/pubeurope.com\/@fr\/117161227914411471","error":""},"_links":{"self":[{"href":"https:\/\/www.europesays.com\/fr\/wp-json\/wp\/v2\/posts\/1149736","targetHints":{"allow":["GET"]}}],"collection":[{"href":"https:\/\/www.europesays.com\/fr\/wp-json\/wp\/v2\/posts"}],"about":[{"href":"https:\/\/www.europesays.com\/fr\/wp-json\/wp\/v2\/types\/post"}],"author":[{"embeddable":true,"href":"https:\/\/www.europesays.com\/fr\/wp-json\/wp\/v2\/users\/2"}],"replies":[{"embeddable":true,"href":"https:\/\/www.europesays.com\/fr\/wp-json\/wp\/v2\/comments?post=1149736"}],"version-history":[{"count":0,"href":"https:\/\/www.europesays.com\/fr\/wp-json\/wp\/v2\/posts\/1149736\/revisions"}],"wp:featuredmedia":[{"embeddable":true,"href":"https:\/\/www.europesays.com\/fr\/wp-json\/wp\/v2\/media\/2837"}],"wp:attachment":[{"href":"https:\/\/www.europesays.com\/fr\/wp-json\/wp\/v2\/media?parent=1149736"}],"wp:term":[{"taxonomy":"category","embeddable":true,"href":"https:\/\/www.europesays.com\/fr\/wp-json\/wp\/v2\/categories?post=1149736"},{"taxonomy":"post_tag","embeddable":true,"href":"https:\/\/www.europesays.com\/fr\/wp-json\/wp\/v2\/tags?post=1149736"}],"curies":[{"name":"wp","href":"https:\/\/api.w.org\/{rel}","templated":true}]}}