{"id":114975,"date":"2025-05-20T18:42:09","date_gmt":"2025-05-20T18:42:09","guid":{"rendered":"https:\/\/www.europesays.com\/fr\/114975\/"},"modified":"2025-05-20T18:42:09","modified_gmt":"2025-05-20T18:42:09","slug":"six-nouvelles-interpellations-a-bastia","status":"publish","type":"post","link":"https:\/\/www.europesays.com\/fr\/114975\/","title":{"rendered":"six nouvelles interpellations \u00e0 Bastia"},"content":{"rendered":"<p>Il s&rsquo;agit de la deuxi\u00e8me vague d&rsquo;interpellations dans ce dossier. Six personnes ont \u00e9t\u00e9 arr\u00eat\u00e9es par les policiers, ce mardi 20 mai, en r\u00e9gion bastiaise, au matin, dans le cadre d&rsquo;une enqu\u00eate sur un trafic de stup\u00e9fiants entre la Corse et le continent.<\/p>\n<p>Les investigations s&rsquo;inscrivent dans le cadre d&rsquo;une information judiciaire ouverte en mai 2024 des chefs d&rsquo;association de malfaiteurs et de trafic de produits stup\u00e9fiants entre Marseille et la Corse. Les gardes \u00e0 vue peuvent durer 96 heures.<\/p>\n<p>Dans ce m\u00eame dossier, trois personnes avaient \u00e9t\u00e9 plac\u00e9es en d\u00e9tention provisoire, en f\u00e9vrier\u00a0: Yousri Riahi, Jessica Mah\u00e9 et Marie-Jeanne Tomasi. Un quatri\u00e8me individu, Abdelhak Riahi, fr\u00e8re de l&rsquo;une des personnes incarc\u00e9r\u00e9es, avait \u00e9t\u00e9 plac\u00e9 sous contr\u00f4le judiciaire.<\/p>\n<p>Deux kilos de coca\u00efne et 300 grammes de cannabis d\u00e9j\u00e0 saisis en f\u00e9vrier<\/p>\n<p>Des perquisitions men\u00e9es dans la foul\u00e9e des interpellations avaient permis aux enqu\u00eateurs de la direction interd\u00e9partementale de la police nationale (DIPN) de Haute-Corse de saisir une quantit\u00e9 importante de stup\u00e9fiants dans un immeuble du quartier de Montesoro, \u00e0 Bastia.<\/p>\n<p>Deux kilos de coca\u00efne et 300 grammes de cannabis avaient \u00e9t\u00e9 saisis ainsi que cinq v\u00e9hicules ayant probablement servi dans le cadre de ce trafic, trois voitures et deux motos.<\/p>\n","protected":false},"excerpt":{"rendered":"Il s&rsquo;agit de la deuxi\u00e8me vague d&rsquo;interpellations dans ce dossier. Six personnes ont \u00e9t\u00e9 arr\u00eat\u00e9es par les policiers,&hellip;\n","protected":false},"author":2,"featured_media":114976,"comment_status":"","ping_status":"","sticky":false,"template":"","format":"standard","meta":{"footnotes":""},"categories":[2814],"tags":[17,1111,11,1102,2517,1052,2834,1777,674,274,1011,27,884,12,1113,882,25,18847,1097],"class_list":{"0":"post-114975","1":"post","2":"type-post","3":"status-publish","4":"format-standard","5":"has-post-thumbnail","7":"category-marseille","8":"tag-17","9":"tag-actu","10":"tag-actualites","11":"tag-breakingnews","12":"tag-corse","13":"tag-drogue","14":"tag-entre","15":"tag-eu","16":"tag-europe","17":"tag-faits-divers-justice","18":"tag-fr","19":"tag-france","20":"tag-marseille","21":"tag-news","22":"tag-nouvelles","23":"tag-provence-alpes-cote-dazur","24":"tag-republique-francaise","25":"tag-six","26":"tag-trafic"},"share_on_mastodon":{"url":"https:\/\/pubeurope.com\/@fr\/114541634982883119","error":""},"_links":{"self":[{"href":"https:\/\/www.europesays.com\/fr\/wp-json\/wp\/v2\/posts\/114975","targetHints":{"allow":["GET"]}}],"collection":[{"href":"https:\/\/www.europesays.com\/fr\/wp-json\/wp\/v2\/posts"}],"about":[{"href":"https:\/\/www.europesays.com\/fr\/wp-json\/wp\/v2\/types\/post"}],"author":[{"embeddable":true,"href":"https:\/\/www.europesays.com\/fr\/wp-json\/wp\/v2\/users\/2"}],"replies":[{"embeddable":true,"href":"https:\/\/www.europesays.com\/fr\/wp-json\/wp\/v2\/comments?post=114975"}],"version-history":[{"count":0,"href":"https:\/\/www.europesays.com\/fr\/wp-json\/wp\/v2\/posts\/114975\/revisions"}],"wp:featuredmedia":[{"embeddable":true,"href":"https:\/\/www.europesays.com\/fr\/wp-json\/wp\/v2\/media\/114976"}],"wp:attachment":[{"href":"https:\/\/www.europesays.com\/fr\/wp-json\/wp\/v2\/media?parent=114975"}],"wp:term":[{"taxonomy":"category","embeddable":true,"href":"https:\/\/www.europesays.com\/fr\/wp-json\/wp\/v2\/categories?post=114975"},{"taxonomy":"post_tag","embeddable":true,"href":"https:\/\/www.europesays.com\/fr\/wp-json\/wp\/v2\/tags?post=114975"}],"curies":[{"name":"wp","href":"https:\/\/api.w.org\/{rel}","templated":true}]}}