{"id":1149772,"date":"2026-08-26T10:26:26","date_gmt":"2026-08-26T10:26:26","guid":{"rendered":"https:\/\/www.europesays.com\/fr\/1149772\/"},"modified":"2026-08-26T10:26:26","modified_gmt":"2026-08-26T10:26:26","slug":"le-directeur-de-la-cia-john-ratcliffe-sest-rendu-mardi-a-moscou-pour-echanger-entre-services-secrets-sans-rencontrer-vladimir-poutine-selon-le-kremlin","status":"publish","type":"post","link":"https:\/\/www.europesays.com\/fr\/1149772\/","title":{"rendered":"Le directeur de la CIA John Ratcliffe s\u2019est rendu mardi \u00e0 Moscou pour \u00e9changer \u00abentre services secrets\u00bb, sans rencontrer Vladimir Poutine, selon le Kremlin"},"content":{"rendered":"<p>\n    \u00abIl y a eu des contacts entre les services secrets, mais aucune rencontre avec le pr\u00e9sident russe n\u2019a eu lieu\u00bb, a d\u00e9clar\u00e9 ce mercredi le porte-parole du Kremlin Dmitri Peskov.<\/p>\n<p class=\"fig-paragraph\">Le directeur de la CIA John Ratcliffe\u00a0<a href=\"http:\/\/www.lefigaro.fr\/international\/un-avion-militaire-americain-vole-vers-moscou-depuis-la-lettonie-selon-le-site-flightradar24-20260825\" data-fig-type=\"NewsFlash\" data-gtm-custom-categorie=\"navigation\" data-gtm-custom-action=\"crossclick\" data-gtm-custom-label=\"Contextuel\" data-gtm-event=\"customEventSPE\" data-fig-domain=\"LEFIGARO\" rel=\"nofollow noopener\" target=\"_blank\">s\u2019est rendu mardi \u00e0 Moscou pour \u00e9changer \u00abentre services secrets\u00bb<\/a>, sans rencontrer le pr\u00e9sident\u00a0<a href=\"http:\/\/www.lefigaro.fr\/international\/poutine-met-le-parti-presidentiel-en-ordre-de-bataille-pour-les-legislatives-de-septembre-20260822\" data-fig-type=\"Article\" data-gtm-custom-categorie=\"navigation\" data-gtm-custom-action=\"crossclick\" data-gtm-custom-label=\"Contextuel\" data-gtm-event=\"customEventSPE\" data-fig-domain=\"LEFIGARO\" rel=\"nofollow noopener\" target=\"_blank\">Vladimir Poutine<\/a>, a affirm\u00e9 mercredi le porte-parole du Kremlin, Dmitri Peskov. \u00abIl y a eu des contacts entre les services secrets, mais aucune rencontre avec le pr\u00e9sident russe n\u2019a eu lieu\u00bb, a d\u00e9clar\u00e9 Dmitri Peskov aux journalistes, dont l\u2019AFP, qualifiant ces contacts de \u00abpositifs\u00bb tout en refusant de commenter sur quels dossiers les discussions avaient port\u00e9.<\/p>\n<p class=\"fig-paragraph\">Dmitri Peskov a jug\u00e9 qu\u2019\u00abil est encore trop t\u00f4t pour dire dans quelle mesure cela aura une incidence sur le processus visant \u00e0 sortir les relations (russo-am\u00e9ricaines) de la crise\u00bb. Aucun autre contact futur n\u2019est pr\u00e9vu pour l\u2019heure, a-t-il affirm\u00e9.\u00a0<a href=\"http:\/\/www.lefigaro.fr\/flash-eco\/pour-frapper-l-iran-washington-sanctionne-60-entites-dont-une-raffinerie-francaise-de-biocarburants-20260825\" data-fig-type=\"NewsFlash\" data-gtm-custom-categorie=\"navigation\" data-gtm-custom-action=\"crossclick\" data-gtm-custom-label=\"Contextuel\" data-gtm-event=\"customEventSPE\" data-fig-domain=\"LEFIGARO\" rel=\"nofollow noopener\" target=\"_blank\">Washington<\/a>\u00a0n\u2019a pas communiqu\u00e9 \u00e0 ce stade sur cette visite de John Ratcliffe \u00e0 Moscou, la premi\u00e8re connue depuis sa prise de fonction en 2025.<\/p>\n<p>                                            <a class=\"fig-a11y-skip\" href=\"#fig-a11y-skip-main-inarticle\" is=\"fig-a11y-skip\" data-trigger-mode=\"visible-once\"><br \/>\n    Passer la publicit\u00e9<br \/>\n<\/a>            <\/p>\n<p>                                            Le dernier voyage connu d\u2019un directeur de la CIA en Russie remontait \u00e0 novembre 2021<\/p>\n<p class=\"fig-paragraph\">Un avion militaire am\u00e9ricain avait d\u00e9coll\u00e9 mardi dans la matin\u00e9e de la capitale lettone Riga pour rejoindre la capitale russe, avant de faire le trajet inverse dans la soir\u00e9e, selon les donn\u00e9es du site de suivi des vols Flightradar24. Le dernier voyage connu d\u2019un directeur de la CIA en Russie remontait \u00e0 novembre 2021, avant le d\u00e9but de la guerre en Ukraine en f\u00e9vrier 2022.<\/p>\n<p class=\"fig-paragraph\">William Burns, qui occupait alors ces fonctions, avait alors rencontr\u00e9 des membres du gouvernement russe dans un contexte international d\u00e9j\u00e0 tendu, dans le cadre d\u2019un dialogue strat\u00e9gique entre Moscou et Washington qui n\u2019avait pas abouti.<\/p>\n<p class=\"fig-paragraph\">Selon la cha\u00eene de t\u00e9l\u00e9vision am\u00e9ricaine CNN, William Burns avait \u00e9t\u00e9 d\u00e9p\u00each\u00e9 \u00e0 Moscou pour \u00abmettre en garde\u00bb la Russie contre le renforcement de ses troupes pr\u00e8s de la fronti\u00e8re ukrainienne, \u00e0 quelques mois du d\u00e9but de l\u2019offensive militaire russe.<\/p>\n","protected":false},"excerpt":{"rendered":"\u00abIl y a eu des contacts entre les services secrets, mais aucune rencontre avec le pr\u00e9sident russe n\u2019a&hellip;\n","protected":false},"author":2,"featured_media":1149773,"comment_status":"","ping_status":"","sticky":false,"template":"","format":"standard","meta":{"footnotes":"","_share_on_mastodon":"0"},"categories":[5],"tags":[11,5884,1011,27,14,4998,1916,12,135,28],"class_list":["post-1149772","post","type-post","status-publish","format-standard","has-post-thumbnail","category-international","tag-actualites","tag-cia","tag-fr","tag-france","tag-international","tag-kremlin","tag-moscou","tag-news","tag-vladimir-poutine","tag-world"],"share_on_mastodon":{"url":"https:\/\/pubeurope.com\/@fr\/117161334525642926","error":""},"_links":{"self":[{"href":"https:\/\/www.europesays.com\/fr\/wp-json\/wp\/v2\/posts\/1149772","targetHints":{"allow":["GET"]}}],"collection":[{"href":"https:\/\/www.europesays.com\/fr\/wp-json\/wp\/v2\/posts"}],"about":[{"href":"https:\/\/www.europesays.com\/fr\/wp-json\/wp\/v2\/types\/post"}],"author":[{"embeddable":true,"href":"https:\/\/www.europesays.com\/fr\/wp-json\/wp\/v2\/users\/2"}],"replies":[{"embeddable":true,"href":"https:\/\/www.europesays.com\/fr\/wp-json\/wp\/v2\/comments?post=1149772"}],"version-history":[{"count":0,"href":"https:\/\/www.europesays.com\/fr\/wp-json\/wp\/v2\/posts\/1149772\/revisions"}],"wp:featuredmedia":[{"embeddable":true,"href":"https:\/\/www.europesays.com\/fr\/wp-json\/wp\/v2\/media\/1149773"}],"wp:attachment":[{"href":"https:\/\/www.europesays.com\/fr\/wp-json\/wp\/v2\/media?parent=1149772"}],"wp:term":[{"taxonomy":"category","embeddable":true,"href":"https:\/\/www.europesays.com\/fr\/wp-json\/wp\/v2\/categories?post=1149772"},{"taxonomy":"post_tag","embeddable":true,"href":"https:\/\/www.europesays.com\/fr\/wp-json\/wp\/v2\/tags?post=1149772"}],"curies":[{"name":"wp","href":"https:\/\/api.w.org\/{rel}","templated":true}]}}