{"id":1149802,"date":"2026-08-26T10:44:18","date_gmt":"2026-08-26T10:44:18","guid":{"rendered":"https:\/\/www.europesays.com\/fr\/1149802\/"},"modified":"2026-08-26T10:44:18","modified_gmt":"2026-08-26T10:44:18","slug":"pres-de-rennes-deux-spectacles-gratuits-pour-clore-la-saison-un-ete-a-chato","status":"publish","type":"post","link":"https:\/\/www.europesays.com\/fr\/1149802\/","title":{"rendered":"Pr\u00e8s de Rennes, deux spectacles gratuits pour clore la saison \u00ab Un \u00e9t\u00e9 \u00e0 Ch\u00e2to \u00bb"},"content":{"rendered":"<p>                    Par<br \/>\n        <strong><br \/>\n            <a href=\"https:\/\/actu.fr\/auteur\/redaction-jv\" title=\"Consulter tous les articles de R\u00e9daction Vitr\u00e9\" rel=\"nofollow noopener\" target=\"_blank\">R\u00e9daction Vitr\u00e9<\/a><br \/>\n                    <\/strong><\/p>\n<p>        Publi\u00e9 le<\/p>\n<p>            26 ao\u00fbt 2026 \u00e0 12h09        <\/p>\n<p>Chaque \u00e9t\u00e9, <a href=\"https:\/\/actu.fr\/le-journal-de-vitre\/\" rel=\"nofollow noopener\" target=\"_blank\">Ch\u00e2teaugiron<\/a> (Ille-et-Vilaine) s\u2019anime gr\u00e2ce aux spectacles vivants propos\u00e9s dans le cadre de \u00ab\u2009Un \u00e9t\u00e9 \u00e0 Ch\u00e2to\u2009\u00bb.<\/p>\n<p class=\" wall-content\">Pour conclure la saison estivale, deux spectacles gratuits et destin\u00e9s \u00e0 un public familial sont pr\u00e9vus les mercredi 26\u00a0ao\u00fbt et samedi 29\u00a0ao\u00fbt 2026 sur la commune nouvelle de Ch\u00e2teaugiron.<\/p>\n<p>Mercredi 26\u00a0ao\u00fbt \u00e0 17\u2009h<\/p>\n<p class=\" wall-content\"><b>La Cit\u00e9 d\u2019Ys \u2013 Cie \u00d4oka\u00ef.<\/b> Ce conte musical et illustr\u00e9 invite \u00e0 d\u00e9couvrir le destin tragique de la l\u00e9gendaire cit\u00e9 d\u2019Ys. Construite en pleine mer par le roi Gradlon et prot\u00e9g\u00e9e par la magie des korrigans, cette ville, consid\u00e9r\u00e9e comme la plus belle du monde, semble indestructible\u2026 jusqu\u2019\u00e0 l\u2019arriv\u00e9e d\u2019un myst\u00e9rieux \u00e9tranger qui s\u00e9duit la princesse Dahut.<\/p>\n<p class=\" wall-content\">Ce<b> spectacle familial<\/b> m\u00eale l\u2019imaginaire et la magie propres \u00e0 la Bretagne.<\/p>\n<p>Samedi 29\u00a0ao\u00fbt \u00e0 21\u2009h<\/p>\n<p class=\" wall-content\"><b>Le Chant des Coquelicots \u2013 Cie FredAndCo<\/b>. Ce spectacle en plein air se d\u00e9roule autour du pr\u00e9au de Saint-Aubin-du-Pavail, o\u00f9 <b>110 coquelicots g\u00e9ants s\u2019illuminent<\/b> \u00e0 la nuit tomb\u00e9e. Ces installations lumineuses, accompagn\u00e9es par deux musiciens, pulsent doucement comme des c\u0153urs battants. Une exp\u00e9rience m\u00ealant lumi\u00e8re, musique et po\u00e9sie pour c\u00e9l\u00e9brer l\u2019harmonie.<\/p>\n<p class=\" wall-content\">Cette performance lumino-po\u00e9tique propose un moment unique, empreint de douceur, pour conclure la saison estivale.<\/p>\n<p>Vid\u00e9os : en ce moment sur Actu<br \/>\n    <img   decoding=\"async\" loading=\"lazy\" class=\"size-large\" src=\"https:\/\/www.europesays.com\/fr\/wp-content\/uploads\/2026\/08\/ae77d774ee7a69287d774ee7a7687dv-960x640.jpg\" alt=\"Un \u00e9t\u00e9 \u00e0 Ch\u00e2to\" width=\"960\" height=\"640\"\/><br \/>\n    Un \u00e9t\u00e9 \u00e0 Ch\u00e2to. \u00a9Ville de Ch\u00e2teaugiron<\/p>\n<p>La Cit\u00e9 d\u2019Ys, par la compagnie \u00d4oka\u00ef, a lieu mercredi 26\u00a0ao\u00fbt, \u00e0 17, \u00e0 la m\u00e9diath\u00e8que L\u2019Odyss\u00e9e, \u00e0 Oss\u00e9.\u00a0Tarif\u2009: gratuit, sur r\u00e9servation (Billetweb\/Chateaugiron).\u00a0Dur\u00e9e\u2009: 50 min.\u00a0Public\u2009: \u00e0 partir de 6\u00a0ans.Le Chant des Coquelicots, par la compagnie FredAndCo, a lieu samedi 29\u00a0ao\u00fbt, \u00e0 21\u2009h, sous le pr\u00e9au de Saint-Aubin-du-Pavail.\u00a0Tarif\u2009: gratuit, entr\u00e9e libre.\u00a0Dur\u00e9e\u2009: 1\u2009h. Public\u2009: tout public.<\/p>\n<p class=\" wall-content\">Personnalisez votre actualit\u00e9 en ajoutant vos villes et m\u00e9dias en favori avec <a href=\"https:\/\/moncompte.actu.fr\" title=\"D\u00e9couvez Mon Actu\" rel=\"nofollow noopener\" data-trk=\"{&quot;cta&quot;:{&quot;action&quot;:&quot;https:\\\/\\\/moncompte.actu.fr&quot;,&quot;category&quot;:&quot;mon compte&quot;,&quot;from&quot;:&quot;article footer&quot;,&quot;name&quot;:&quot;Mon actu&quot;,&quot;type&quot;:&quot;cta&quot;}}\" target=\"_blank\">Mon Actu<\/a>.<\/p>\n","protected":false},"excerpt":{"rendered":"Par R\u00e9daction Vitr\u00e9 Publi\u00e9 le 26 ao\u00fbt 2026 \u00e0 12h09 Chaque \u00e9t\u00e9, Ch\u00e2teaugiron (Ille-et-Vilaine) s\u2019anime gr\u00e2ce aux spectacles&hellip;\n","protected":false},"author":2,"featured_media":1149803,"comment_status":"","ping_status":"","sticky":false,"template":"","format":"standard","meta":{"footnotes":"","_share_on_mastodon":"0"},"categories":[2821],"tags":[1111,11,829,1777,674,1011,27,1652,12,584,25,853],"class_list":["post-1149802","post","type-post","status-publish","format-standard","has-post-thumbnail","category-rennes","tag-actu","tag-actualites","tag-bretagne","tag-eu","tag-europe","tag-fr","tag-france","tag-loisirs-culture","tag-news","tag-rennes","tag-republique-francaise","tag-spectacles"],"share_on_mastodon":{"url":"https:\/\/pubeurope.com\/@fr\/117161406791756716","error":""},"_links":{"self":[{"href":"https:\/\/www.europesays.com\/fr\/wp-json\/wp\/v2\/posts\/1149802","targetHints":{"allow":["GET"]}}],"collection":[{"href":"https:\/\/www.europesays.com\/fr\/wp-json\/wp\/v2\/posts"}],"about":[{"href":"https:\/\/www.europesays.com\/fr\/wp-json\/wp\/v2\/types\/post"}],"author":[{"embeddable":true,"href":"https:\/\/www.europesays.com\/fr\/wp-json\/wp\/v2\/users\/2"}],"replies":[{"embeddable":true,"href":"https:\/\/www.europesays.com\/fr\/wp-json\/wp\/v2\/comments?post=1149802"}],"version-history":[{"count":0,"href":"https:\/\/www.europesays.com\/fr\/wp-json\/wp\/v2\/posts\/1149802\/revisions"}],"wp:featuredmedia":[{"embeddable":true,"href":"https:\/\/www.europesays.com\/fr\/wp-json\/wp\/v2\/media\/1149803"}],"wp:attachment":[{"href":"https:\/\/www.europesays.com\/fr\/wp-json\/wp\/v2\/media?parent=1149802"}],"wp:term":[{"taxonomy":"category","embeddable":true,"href":"https:\/\/www.europesays.com\/fr\/wp-json\/wp\/v2\/categories?post=1149802"},{"taxonomy":"post_tag","embeddable":true,"href":"https:\/\/www.europesays.com\/fr\/wp-json\/wp\/v2\/tags?post=1149802"}],"curies":[{"name":"wp","href":"https:\/\/api.w.org\/{rel}","templated":true}]}}