{"id":114985,"date":"2025-05-20T18:47:10","date_gmt":"2025-05-20T18:47:10","guid":{"rendered":"https:\/\/www.europesays.com\/fr\/114985\/"},"modified":"2025-05-20T18:47:10","modified_gmt":"2025-05-20T18:47:10","slug":"4-millions-de-megots-jetes-par-terre-chaque-jour-a-paris-comment-la-capitale-veut-en-finir-avec-ce-fleau","status":"publish","type":"post","link":"https:\/\/www.europesays.com\/fr\/114985\/","title":{"rendered":"4\u00a0millions de m\u00e9gots jet\u00e9s par terre chaque jour \u00e0 Paris\u00a0: comment la capitale veut en finir avec ce fl\u00e9au"},"content":{"rendered":"<p class=\"paragraph text_align_left\">Julie prend le temps de ramasser la d\u00e9jection de son chien. Mais elle l\u2019admet, il peut lui arriver de ne pas jeter tous ses m\u00e9gots de cigarettes dans une poubelle. \u00ab Je ne me verrais pas laisser les crottes de mon chien, en revanche je jette les trois quarts de mes cigarettes dans des poubelles ou des cendriers, reconna\u00eet cette habitante du Xe, qui emporte pourtant toujours un cendrier de poche lorsqu\u2019elle se rend aux sports d\u2019hiver. \u00c0 Paris, dans une rue sale, on a moins de scrupules\u2026 \u00bb<\/p>\n<p class=\"paragraph text_align_left\">Comment inciter Julie \u00e0 moins polluer les rues de Paris ? Selon les calculs de la Ville, celles-ci sont le r\u00e9ceptacle de 4 \u00e0 5 millions de m\u00e9gots chaque jour. Alors ce mardi, la municipalit\u00e9 a annonc\u00e9 le lancement d\u2019un plan \u00ab m\u00e9gots \u00bb pour tenter de diminuer ces gestes inciviques, rappelant \u00ab qu\u2019un seul contient 4 000 substances chimiques et peut polluer jusqu\u2019\u00e0 500 litres d\u2019eau \u00bb.<\/p>\n","protected":false},"excerpt":{"rendered":"Julie prend le temps de ramasser la d\u00e9jection de son chien. Mais elle l\u2019admet, il peut lui arriver&hellip;\n","protected":false},"author":2,"featured_media":114986,"comment_status":"","ping_status":"","sticky":false,"template":"","format":"standard","meta":{"footnotes":""},"categories":[1888],"tags":[1111,1928,11,1927,1777,674,1011,27,1944,12,1926,626,1925,25],"class_list":{"0":"post-114985","1":"post","2":"type-post","3":"status-publish","4":"format-standard","5":"has-post-thumbnail","7":"category-paris","8":"tag-actu","9":"tag-actu-paris","10":"tag-actualites","11":"tag-actualites-paris","12":"tag-eu","13":"tag-europe","14":"tag-fr","15":"tag-france","16":"tag-ma-ville","17":"tag-news","18":"tag-news-paris","19":"tag-paris","20":"tag-paris-news","21":"tag-republique-francaise"},"share_on_mastodon":{"url":"https:\/\/pubeurope.com\/@fr\/114541654366459883","error":""},"_links":{"self":[{"href":"https:\/\/www.europesays.com\/fr\/wp-json\/wp\/v2\/posts\/114985","targetHints":{"allow":["GET"]}}],"collection":[{"href":"https:\/\/www.europesays.com\/fr\/wp-json\/wp\/v2\/posts"}],"about":[{"href":"https:\/\/www.europesays.com\/fr\/wp-json\/wp\/v2\/types\/post"}],"author":[{"embeddable":true,"href":"https:\/\/www.europesays.com\/fr\/wp-json\/wp\/v2\/users\/2"}],"replies":[{"embeddable":true,"href":"https:\/\/www.europesays.com\/fr\/wp-json\/wp\/v2\/comments?post=114985"}],"version-history":[{"count":0,"href":"https:\/\/www.europesays.com\/fr\/wp-json\/wp\/v2\/posts\/114985\/revisions"}],"wp:featuredmedia":[{"embeddable":true,"href":"https:\/\/www.europesays.com\/fr\/wp-json\/wp\/v2\/media\/114986"}],"wp:attachment":[{"href":"https:\/\/www.europesays.com\/fr\/wp-json\/wp\/v2\/media?parent=114985"}],"wp:term":[{"taxonomy":"category","embeddable":true,"href":"https:\/\/www.europesays.com\/fr\/wp-json\/wp\/v2\/categories?post=114985"},{"taxonomy":"post_tag","embeddable":true,"href":"https:\/\/www.europesays.com\/fr\/wp-json\/wp\/v2\/tags?post=114985"}],"curies":[{"name":"wp","href":"https:\/\/api.w.org\/{rel}","templated":true}]}}