{"id":114989,"date":"2025-05-20T18:49:09","date_gmt":"2025-05-20T18:49:09","guid":{"rendered":"https:\/\/www.europesays.com\/fr\/114989\/"},"modified":"2025-05-20T18:49:09","modified_gmt":"2025-05-20T18:49:09","slug":"a-paris-les-escaliers-lgbt-peints-en-blanc-par-des-malfaiteurs-homophobes-ont-retrouve-leurs-couleurs","status":"publish","type":"post","link":"https:\/\/www.europesays.com\/fr\/114989\/","title":{"rendered":"\u00c0 Paris, les \u00ab\u00a0escaliers LGBT\u00a0\u00bb, peints en blanc par des malfaiteurs homophobes, ont retrouv\u00e9 leurs couleurs"},"content":{"rendered":"<p class=\"paragraph text_align_left\">Un coup de peinture pour tourner la page ? Ce mardi, les escaliers situ\u00e9s au bout de l\u2019impasse Boutron \u00e0 Paris (Xe), repeints en blanc une semaine plus t\u00f4t par un quatuor de jeunes hommes homophobes, ont d\u00e9j\u00e0 repris des couleurs. La mairie d\u2019arrondissement a missionn\u00e9 une entreprise, ce mardi matin, pour les repeindre aux couleurs de l\u2019arc-en-ciel, leurs couleurs d\u2019origine, clin d\u2019\u0153il \u00e0 la communaut\u00e9 LGBTQIA +. <\/p>\n<p class=\"paragraph text_align_left\">Les malfaiteurs \u00ab \u00e9taient en train de tourner un clip lorsqu\u2019ils <a href=\"https:\/\/www.leparisien.fr\/paris-75\/paris-des-escaliers-aux-couleurs-arc-en-ciel-repeints-en-blanc-durant-la-nuit-un-acte-homophobe-11-05-2025-RYO65CQU5JBPBH66ZYMWCETSOY.php\" target=\"_blank\" rel=\"noreferrer nofollow noopener\">ont d\u00e9grad\u00e9 les escaliers<\/a> \u00bb, croit savoir une voisine. La municipalit\u00e9, qui a depuis d\u00e9pos\u00e9 plainte pour d\u00e9gradation ainsi que la maire socialiste du Xe arrondissement Alexandra Cordebard qui avait d\u00e9pos\u00e9 plainte en son nom pour homophobie, a voulu recolorer les marches rapidement.<\/p>\n<p>\u00ab Un peu de couleur dans ce monde gris \u00bb<\/p>\n<p class=\"paragraph text_align_left\">D\u2019apr\u00e8s la mairie du Xe arrondissement, le fait qu\u2019il y ait eu une d\u00e9gradation homophobe \u00ab rendait l\u2019intervention plus urgente \u00bb. \u00ab \u00c7a donne un peu de couleur dans ce monde gris \u00bb, philosophe l\u2019un des agents en charge du nouveau coup de peinture ce mardi. \u00ab Ca \u00e9gaie le quartier et le rend plus joyeux \u00bb, abonde une passante, qui se demande si cet accident ne risque pas de se reproduire.<\/p>\n<blockquote class=\"twitter-tweet\">\n<p lang=\"fr\" dir=\"ltr\">\ud83c\udfa8\ud83c\udff3\ufe0f\u200d\ud83c\udf08Les escaliers de l\u2019impasse Boutron, r\u00e9cemment d\u00e9grad\u00e9s, sont en train d\u2019\u00eatre repeints pour retrouver leurs jolies couleurs arc-en-ciel. Nous ne laisserons rien passer et continuerons \u00e0 lutter contre toutes les violences et d\u00e9gradations LGBTphobes. <a href=\"https:\/\/t.co\/O5SjWDiJVJ\" rel=\"nofollow\">pic.twitter.com\/O5SjWDiJVJ<\/a><\/p>\n<p>\u2014 Alexandra Cordebard (@ACORDEBARD) <a href=\"https:\/\/twitter.com\/ACORDEBARD\/status\/1924755709910012277?ref_src=twsrc%5Etfw\" rel=\"nofollow noopener\" target=\"_blank\">May 20, 2025<\/a><\/p><\/blockquote>\n<p class=\"paragraph text_align_left\">\u00ab Nous ne laisserons rien passer et continuerons \u00e0 lutter contre toutes les violences et d\u00e9gradations LGBTphobes, promet sur X Alexandra Cordebard. Les LGBTphobies n\u2019ont pas, et n\u2019auront jamais, leur place dans notre ville. \u00bb De son c\u00f4t\u00e9, l\u2019adjoint \u00e0 la mairie de Paris en charge de la transformation de l\u2019espace public et des transports, David Belliard (EELV), s\u2019est f\u00e9licit\u00e9 sur Bluesky : \u00ab Vive la diversit\u00e9 et la pluralit\u00e9 de nos amours ! Merci aux services de la Ville. \u00bb<\/p>\n<p><script async src=\"https:\/\/platform.twitter.com\/widgets.js\" charset=\"utf-8\"><\/script><\/p>\n","protected":false},"excerpt":{"rendered":"Un coup de peinture pour tourner la page ? Ce mardi, les escaliers situ\u00e9s au bout de l\u2019impasse&hellip;\n","protected":false},"author":2,"featured_media":114990,"comment_status":"","ping_status":"","sticky":false,"template":"","format":"standard","meta":{"footnotes":""},"categories":[1888],"tags":[11,1777,674,1011,27,1944,12,626,25],"class_list":{"0":"post-114989","1":"post","2":"type-post","3":"status-publish","4":"format-standard","5":"has-post-thumbnail","7":"category-paris","8":"tag-actualites","9":"tag-eu","10":"tag-europe","11":"tag-fr","12":"tag-france","13":"tag-ma-ville","14":"tag-news","15":"tag-paris","16":"tag-republique-francaise"},"share_on_mastodon":{"url":"https:\/\/pubeurope.com\/@fr\/114541662457702480","error":""},"_links":{"self":[{"href":"https:\/\/www.europesays.com\/fr\/wp-json\/wp\/v2\/posts\/114989","targetHints":{"allow":["GET"]}}],"collection":[{"href":"https:\/\/www.europesays.com\/fr\/wp-json\/wp\/v2\/posts"}],"about":[{"href":"https:\/\/www.europesays.com\/fr\/wp-json\/wp\/v2\/types\/post"}],"author":[{"embeddable":true,"href":"https:\/\/www.europesays.com\/fr\/wp-json\/wp\/v2\/users\/2"}],"replies":[{"embeddable":true,"href":"https:\/\/www.europesays.com\/fr\/wp-json\/wp\/v2\/comments?post=114989"}],"version-history":[{"count":0,"href":"https:\/\/www.europesays.com\/fr\/wp-json\/wp\/v2\/posts\/114989\/revisions"}],"wp:featuredmedia":[{"embeddable":true,"href":"https:\/\/www.europesays.com\/fr\/wp-json\/wp\/v2\/media\/114990"}],"wp:attachment":[{"href":"https:\/\/www.europesays.com\/fr\/wp-json\/wp\/v2\/media?parent=114989"}],"wp:term":[{"taxonomy":"category","embeddable":true,"href":"https:\/\/www.europesays.com\/fr\/wp-json\/wp\/v2\/categories?post=114989"},{"taxonomy":"post_tag","embeddable":true,"href":"https:\/\/www.europesays.com\/fr\/wp-json\/wp\/v2\/tags?post=114989"}],"curies":[{"name":"wp","href":"https:\/\/api.w.org\/{rel}","templated":true}]}}