{"id":1149920,"date":"2026-08-26T12:05:51","date_gmt":"2026-08-26T12:05:51","guid":{"rendered":"https:\/\/www.europesays.com\/fr\/1149920\/"},"modified":"2026-08-26T12:05:51","modified_gmt":"2026-08-26T12:05:51","slug":"de-violents-orages-et-de-la-grele-en-bretagne-a-quoi-sattendre-a-rennes-voici-les-previsions-de-ce-mercredi","status":"publish","type":"post","link":"https:\/\/www.europesays.com\/fr\/1149920\/","title":{"rendered":"De violents orages et de la gr\u00eale en Bretagne : \u00e0 quoi s&rsquo;attendre \u00e0 Rennes ? Voici les pr\u00e9visions de ce mercredi"},"content":{"rendered":"<p>                    Par<br \/>\n        <strong><br \/>\n            <a href=\"https:\/\/actu.fr\/auteur\/clemence-pays02-actu-fr\" title=\"Consulter tous les articles de Cl\u00e9mence Pays\" rel=\"nofollow noopener\" target=\"_blank\">Cl\u00e9mence Pays<\/a><br \/>\n                    <\/strong><\/p>\n<p>        Publi\u00e9 le<\/p>\n<p>            26 ao\u00fbt 2026 \u00e0 10h45        <\/p>\n<p><a href=\"https:\/\/actu.fr\/meteo\/les-orages-se-poursuivent-ce-mercredi-douze-departements-en-vigilance-orange-et-une-vingtaine-en-jaune-les-previsions_64704233.html\" rel=\"nofollow noopener\" target=\"_blank\">La moiti\u00e9 ouest de la France est en vigilance orages<\/a>, ce mercredi 26\u00a0ao\u00fbt 2026. Et <strong>la Bretagne n\u2019y \u00e9chappe<\/strong> <strong>pas<\/strong> puisque la r\u00e9gion pourrait conna\u00eetre <a href=\"https:\/\/actu.fr\/bretagne\/saint-malo_35288\/orages-annonces-en-bretagne-il-pourrait-sagir-de-la-degradation-orageuse-la-plus-violente-de-lannee_64705731.html\" rel=\"nofollow noopener\" target=\"_blank\">\u00ab\u2009la d\u00e9gradation orageuse la plus violence de l\u2019ann\u00e9e\u2009\u00bb, comme le rapportent nos confr\u00e8res du Pays Malouin<\/a>.<\/p>\n<p class=\" wall-content\"><a href=\"https:\/\/actu.fr\/tag\/meteo-france\" rel=\"nofollow noopener\" target=\"_blank\">M\u00e9t\u00e9o France<\/a> place <strong>l\u2019Ille-et-Vilaine en vigilance jaune de 14h \u00e0 20h,<\/strong> puis en <strong>vigilance orange pour le reste de la soir\u00e9e<\/strong> et de la nuit. Alors, \u00e0 quoi s\u2019attendre dans la capitale bretonne\u2009? J\u00e9r\u00f4me Dr\u00e9ano, m\u00e9t\u00e9orologue pour <a href=\"https:\/\/www.meteo.bzh\/\" rel=\"nofollow noopener\" target=\"_blank\">M\u00e9t\u00e9o Bretagne<\/a>, donne ses<strong> pr\u00e9visions pour Rennes.<\/strong><\/p>\n<p>Deux salves orageuses<\/p>\n<p class=\" wall-content\">\u00ab\u2009Le risque orageux <strong>d\u00e9marre cet apr\u00e8s-midi<\/strong> jusque dans la nuit prochaine\u2009\u00bb, recontextualise le m\u00e9t\u00e9orologue.<\/p>\n<blockquote class=\"ac-article-quote wall-content\">\n<p>\u00ab\u00a0Toute la Bretagne peut \u00eatre concern\u00e9e par les orages qui vont remonter du sud vers le nord.\u00a0\u00bb<\/p>\n<p>    <strong>J\u00e9r\u00f4me Dr\u00e9ano<\/strong><br \/>\n        M\u00e9t\u00e9orologue pour M\u00e9t\u00e9o Bretagne    <\/p><\/blockquote>\n<p class=\" wall-content\"><strong>Une premi\u00e8re salve<\/strong> va arriver \u00ab\u2009en milieu d\u2019apr\u00e8s-midi\u2009\u00bb, annonce J\u00e9r\u00f4me Dr\u00e9ano. De possibles \u00ab\u2009orages pourront apporter de bonnes intensit\u00e9s de pluie\u2009\u00bb.<\/p>\n<p class=\" wall-content\">La seconde salve, qui vaut le passage du<strong> d\u00e9partement en vigilance orange<\/strong>, interviendra donc en soir\u00e9e.<\/p>\n<p>Rennes pourrait \u00eatre concern\u00e9e<\/p>\n<p class=\" wall-content\">L\u2019Ille-et-Vilaine fait ainsi l\u2019objet d\u2019une surveillance particuli\u00e8re \u00ab\u2009pour un risque d\u2019orages plus violents dans la soir\u00e9e et en d\u00e9but de nuit\u2009\u00bb.<\/p>\n<p class=\" wall-content\">Ces orages peuvent donner des chutes de <strong>gr\u00eale,<\/strong> de fortes<strong> rafales \u00e0 70-<\/strong><strong>80<\/strong><strong>\u00a0km\/h<\/strong>\u00a0et une forte intensit\u00e9 de <strong>pluie.<\/strong><\/p>\n<p class=\" wall-content\">\u00c0 l\u2019heure o\u00f9 nous \u00e9crivons ces lignes, c\u2019est surtout<strong> l\u2019est du d\u00e9partement qui est concern\u00e9.<\/strong> Attention toutefois pour les Rennaises et Rennais \u00e0 rester vigilants. Ces orages violents pourraient tout de m\u00eame<strong> \u00ab<\/strong><strong>\u2009d\u00e9border sur le bassin rennais\u2009\u00bb.<\/strong><\/p>\n<blockquote class=\"ac-article-quote wall-content\">\n<p>Les orages devraient d&rsquo;abord se g\u00e9n\u00e9rer sur la Loire-Atlantique, puis remonter vers le nord et le nord-est de l&rsquo;Ille-et-Vilaine. \u00c0 priori, la moiti\u00e9 est du d\u00e9partement sera concern\u00e9e \u00e0 partir de 22-23h jusqu&rsquo;\u00e0 2h.<\/p>\n<p>    <strong>J\u00e9r\u00f4me Dr\u00e9ano<\/strong><br \/>\n        M\u00e9t\u00e9orologue pour M\u00e9t\u00e9o Bretagne    <\/p><\/blockquote>\n<p>De la pluie \u00e0 Rennes\u2009?<\/p>\n<p class=\" wall-content\">C\u00f4t\u00e9 pr\u00e9cipitations, les pr\u00e9visions restent l\u00e0 aussi difficiles \u00e0 \u00e9tablir avec exactitude.<\/p>\n<p class=\" wall-content\">\u00c0 Rennes, \u00ab\u2009cela va d\u00e9pendre des orages. Soit on passe \u00e0 c\u00f4t\u00e9 et il n\u2019y aura pas grand-chose\u2009; soit on a des orages violents et <strong>les pr\u00e9cipitations peuvent aller de 20 \u00e0 30\u00a0mm<\/strong>\u2009\u00bb, explique J\u00e9r\u00f4me Dr\u00e9ano.<\/p>\n<p class=\" wall-content\">L\u00e0 encore, la prudence est de mise. Avec les \u00e9pisodes de canicule et la s\u00e9cheresse, les<strong> sols sont plus que secs<\/strong>. En cas de fortes pr\u00e9cipitations, <strong>l\u2019eau pourrait alors s\u2019accumuler<\/strong> et avoir du mal \u00e0 p\u00e9n\u00e9trer dans le sol, pouvant causer de <strong>petites inondations<\/strong>, dans les caves par exemple.<\/p>\n<p class=\" wall-content\">Jeudi, le <strong>risque orageux sera encore pr\u00e9sent<\/strong>, \u00ab\u2009mais moins fort et plus localis\u00e9\u2009\u00bb. Le risque va persister dans la nuit de jeudi \u00e0 vendredi plut\u00f4t \u00e0 l\u2019est de la r\u00e9gion, dans le <a href=\"https:\/\/actu.fr\/morbihan\/\" rel=\"nofollow noopener\" target=\"_blank\">Morbihan<\/a> et l\u2019Ille-et-Vilaine.<\/p>\n<p class=\" wall-content\">\n<p>\u00ab\u2009Adopter les bons r\u00e9flexes\u2009\u00bb<\/p>\n<p class=\" wall-content\">La pr\u00e9fecture d\u2019Ille-et-Vilaine met en garde les Bretilliens face \u00e0 \u00ab\u2009une intensification du ph\u00e9nom\u00e8ne orageux\u2009\u00bb dans l\u2019apr\u00e8s-midi, \u00ab\u2009avec de<strong> possibles averses de gr\u00eale de taille moyenne \u00e0 grosse\u2009<\/strong>\u00bb, en plus de la pluie et du vent.<\/p>\n<p class=\" wall-content\">\n<p class=\" wall-content\">Elle invite \u00e9galement chacun \u00e0 \u00ab\u2009adopter les bons r\u00e9flexes\u2009\u00bb\u2009:<\/p>\n<ul class=\" wall-content\">\n<li>limiter ses d\u00e9placements durant l\u2019\u00e9pisode orageux\u2009;<\/li>\n<li>reporter ou annuler les \u00e9v\u00e9nements en ext\u00e9rieur\u2009;<\/li>\n<li>ranger ou fixer les objets sensibles au vent\u2009;<\/li>\n<li>attention aux chutes possibles d\u2019objets\u2009;<\/li>\n<li>s\u2019\u00e9loigner des arbres et cours d\u2019eau\u2009;<\/li>\n<li>en cas d\u2019inondation, ne jamais traverser \u00e0 pied ou en v\u00e9hicule.<\/li>\n<\/ul>\n<p class=\" wall-content\">Personnalisez votre actualit\u00e9 en ajoutant vos villes et m\u00e9dias en favori avec <a href=\"https:\/\/moncompte.actu.fr\" title=\"D\u00e9couvez Mon Actu\" rel=\"nofollow noopener\" data-trk=\"{&quot;cta&quot;:{&quot;action&quot;:&quot;https:\\\/\\\/moncompte.actu.fr&quot;,&quot;category&quot;:&quot;mon compte&quot;,&quot;from&quot;:&quot;article footer&quot;,&quot;name&quot;:&quot;Mon actu&quot;,&quot;type&quot;:&quot;cta&quot;}}\" target=\"_blank\">Mon Actu<\/a>.<\/p>\n","protected":false},"excerpt":{"rendered":"Par Cl\u00e9mence Pays Publi\u00e9 le 26 ao\u00fbt 2026 \u00e0 10h45 La moiti\u00e9 ouest de la France est en&hellip;\n","protected":false},"author":2,"featured_media":1023777,"comment_status":"","ping_status":"","sticky":false,"template":"","format":"standard","meta":{"footnotes":"","_share_on_mastodon":"0"},"categories":[2821],"tags":[1111,11,829,1777,674,1011,27,2487,2357,12,584,25,7919],"class_list":["post-1149920","post","type-post","status-publish","format-standard","has-post-thumbnail","category-rennes","tag-actu","tag-actualites","tag-bretagne","tag-eu","tag-europe","tag-fr","tag-france","tag-meteo","tag-meteo-france","tag-news","tag-rennes","tag-republique-francaise","tag-vent"],"share_on_mastodon":{"url":"https:\/\/pubeurope.com\/@fr\/117161723613194522","error":""},"_links":{"self":[{"href":"https:\/\/www.europesays.com\/fr\/wp-json\/wp\/v2\/posts\/1149920","targetHints":{"allow":["GET"]}}],"collection":[{"href":"https:\/\/www.europesays.com\/fr\/wp-json\/wp\/v2\/posts"}],"about":[{"href":"https:\/\/www.europesays.com\/fr\/wp-json\/wp\/v2\/types\/post"}],"author":[{"embeddable":true,"href":"https:\/\/www.europesays.com\/fr\/wp-json\/wp\/v2\/users\/2"}],"replies":[{"embeddable":true,"href":"https:\/\/www.europesays.com\/fr\/wp-json\/wp\/v2\/comments?post=1149920"}],"version-history":[{"count":0,"href":"https:\/\/www.europesays.com\/fr\/wp-json\/wp\/v2\/posts\/1149920\/revisions"}],"wp:featuredmedia":[{"embeddable":true,"href":"https:\/\/www.europesays.com\/fr\/wp-json\/wp\/v2\/media\/1023777"}],"wp:attachment":[{"href":"https:\/\/www.europesays.com\/fr\/wp-json\/wp\/v2\/media?parent=1149920"}],"wp:term":[{"taxonomy":"category","embeddable":true,"href":"https:\/\/www.europesays.com\/fr\/wp-json\/wp\/v2\/categories?post=1149920"},{"taxonomy":"post_tag","embeddable":true,"href":"https:\/\/www.europesays.com\/fr\/wp-json\/wp\/v2\/tags?post=1149920"}],"curies":[{"name":"wp","href":"https:\/\/api.w.org\/{rel}","templated":true}]}}