{"id":1149929,"date":"2026-08-26T12:12:16","date_gmt":"2026-08-26T12:12:16","guid":{"rendered":"https:\/\/www.europesays.com\/fr\/1149929\/"},"modified":"2026-08-26T12:12:16","modified_gmt":"2026-08-26T12:12:16","slug":"casting-a-nantes-et-angers-des-figurants-recherches-pour-un-film-dantonin-fourlon","status":"publish","type":"post","link":"https:\/\/www.europesays.com\/fr\/1149929\/","title":{"rendered":"Casting \u00e0 Nantes et Angers : des figurants recherch\u00e9s pour un film d&rsquo;Antonin Fourlon"},"content":{"rendered":"<p>                    Par<br \/>\n        <strong><br \/>\n            <a href=\"https:\/\/actu.fr\/auteur\/farah-sadallah\" title=\"Consulter tous les articles de Farah Sadallah\" rel=\"nofollow noopener\" target=\"_blank\">Farah Sadallah<\/a><br \/>\n                    <\/strong><\/p>\n<p>        Publi\u00e9 le<\/p>\n<p>            26 ao\u00fbt 2026 \u00e0 14h05        <\/p>\n<p>Connu pour ses films, Chasse gard\u00e9e 1 et 2 ou encore Avec ou sans enfants\u2009?, le r\u00e9alisateur <b>Antonin Fourlon <\/b>lance la production de son prochain film P\u00e8re et Papa. <a href=\"https:\/\/www.solutions-tournages-paysdelaloire.fr\/actus\/casting-silhouettes-figuration-bebes-enfant-long-metrage-loire-atlantique-maine-et-loire\/\" rel=\"nofollow noopener\" target=\"_blank\">Selon le site d\u00e9di\u00e9 aux castings des Pays de la Loire<\/a>, l\u2019\u00e9quipe recherche <b>des silhouettes et des figurants filles et gar\u00e7ons<\/b>, pour un tournage pr\u00e9vu <b>entre mi-octobre et mi-d\u00e9cembre<\/b>, \u00e0 Nantes (Loire-Atlantique), mais aussi dans le <a href=\"https:\/\/actu.fr\/le-courrier-du-pays-de-retz\/\" rel=\"nofollow noopener\" target=\"_blank\">Pays de Retz<\/a> et \u00e0 <a href=\"https:\/\/actu.fr\/pays-de-la-loire\/angers_49007\" rel=\"nofollow noopener\" target=\"_blank\">Angers<\/a> (<a href=\"https:\/\/actu.fr\/pays-de-la-loire\/maine-et-loire_49\" rel=\"nofollow noopener\" target=\"_blank\">Maine-et-Loire<\/a>).<\/p>\n<p class=\" wall-content\">Le film raconte l\u2019histoire du <b>p\u00e8re Matthieu<\/b>. Apr\u00e8s quinze ans de mission en Afrique, le pr\u00eatre catholique \u00ab\u2009brillant, mais maladroit\u2009\u00bb, rentre dans sa Loire-Atlantique natale pour devenir \u00e9v\u00eaque de Nantes \u00e0 la suite de son formateur eccl\u00e9siastique, Monseigneur Pelage.<\/p>\n<p class=\" wall-content\"><a href=\"https:\/\/www.instagram.com\/p\/DcfuynGu0Ux\/embed\" title=\"Ouvrir le lien sur Instagram\" rel=\"nofollow noopener\" target=\"_blank\">Visualiser le contenu sur Instagram<\/a><\/p>\n<p>Des sc\u00e8nes qui se passent \u00e0 la messe<\/p>\n<p class=\" wall-content\"><a href=\"https:\/\/www.solutions-tournages-paysdelaloire.fr\/actus\/casting-silhouettes-figuration-bebes-enfant-long-metrage-loire-atlantique-maine-et-loire\/\" rel=\"nofollow noopener\" target=\"_blank\">Selon l\u2019annonce<\/a>, la production recherche <b>plusieurs b\u00e9b\u00e9s de parents caucasiens<\/b>, n\u00e9s en juillet\u00a02026 (3\u00a0mois minimum au moment du tournage). Les jumeaux sont les bienvenus pour incarner des nouveau-n\u00e9s \u00e0 la maternit\u00e9. Pour une sc\u00e8ne de bapt\u00eame, le r\u00e9alisateur recherche aussi <b>plusieurs b\u00e9b\u00e9s calmes de moins de 18\u00a0mois.<\/b><\/p>\n<p class=\" wall-content\">Pour incarner des enfants qui assistent \u00e0 une messe, l\u2019\u00e9quipe de tournage aura besoin d\u2019<b>une fratrie mixte de quatre enfants, entre 5 et 13\u00a0ans,<\/b> qui se ressemblent, et <b>des enfants de 3 \u00e0 13\u00a0ans<\/b>. Ces derniers pourront aussi incarner des servants de messe.<\/p>\n<p>Avant le mardi 15\u00a0septembre 2026<\/p>\n<p class=\" wall-content\">Pour candidater, il suffit d\u2019envoyer un mail \u00e0<b> <a href=\"https:\/\/actu.fr\/cdn-cgi\/l\/email-protection\" class=\"__cf_email__\" data-cfemail=\"0f6c6e7c7b666168216a61217d6a7b754f68626e6663216c6062\" rel=\"nofollow noopener\" target=\"_blank\">[email\u00a0protected]<\/a> <\/b>avant le mardi 15\u00a0septembre 2026 avec les informations suivantes\u2009:<\/p>\n<ul class=\" wall-content\">\n<li>Nom, pr\u00e9nom, \u00e2ge, date de naissance et taille de l\u2019enfant<\/li>\n<li>Adresse de r\u00e9sidence et coordonn\u00e9es des parents ou repr\u00e9sentants l\u00e9gaux\u2009: t\u00e9l\u00e9phone et ville de domicile<\/li>\n<li>2 photos en couleur r\u00e9centes non retouch\u00e9es<\/li>\n<\/ul>\n<p class=\" wall-content\">Les silhouettes et figurants seront <b>r\u00e9mun\u00e9r\u00e9s au tarif conventionnel en vigueur<\/b> encadr\u00e9 par la Direction r\u00e9gionale de l\u2019\u00e9conomie, de l\u2019emploi, du travail et des solidarit\u00e9s (DRIEETS).<\/p>\n<p class=\" wall-content\">Personnalisez votre actualit\u00e9 en ajoutant vos villes et m\u00e9dias en favori avec <a href=\"https:\/\/moncompte.actu.fr\" title=\"D\u00e9couvez Mon Actu\" rel=\"nofollow noopener\" data-trk=\"{&quot;cta&quot;:{&quot;action&quot;:&quot;https:\\\/\\\/moncompte.actu.fr&quot;,&quot;category&quot;:&quot;mon compte&quot;,&quot;from&quot;:&quot;article footer&quot;,&quot;name&quot;:&quot;Mon actu&quot;,&quot;type&quot;:&quot;cta&quot;}}\" target=\"_blank\">Mon Actu<\/a>.<\/p>\n<p>                    <script async src=\"\/\/www.instagram.com\/embed.js\"><\/script><\/p>\n","protected":false},"excerpt":{"rendered":"Par Farah Sadallah Publi\u00e9 le 26 ao\u00fbt 2026 \u00e0 14h05 Connu pour ses films, Chasse gard\u00e9e 1 et&hellip;\n","protected":false},"author":2,"featured_media":1149930,"comment_status":"","ping_status":"","sticky":false,"template":"","format":"standard","meta":{"footnotes":"","_share_on_mastodon":"0"},"categories":[2818],"tags":[1111,11,11668,1777,674,1011,27,1652,766,12,2636,25],"class_list":["post-1149929","post","type-post","status-publish","format-standard","has-post-thumbnail","category-nantes","tag-actu","tag-actualites","tag-casting","tag-eu","tag-europe","tag-fr","tag-france","tag-loisirs-culture","tag-nantes","tag-news","tag-pays-de-la-loire","tag-republique-francaise"],"share_on_mastodon":{"url":"https:\/\/pubeurope.com\/@fr\/117161751224313438","error":""},"_links":{"self":[{"href":"https:\/\/www.europesays.com\/fr\/wp-json\/wp\/v2\/posts\/1149929","targetHints":{"allow":["GET"]}}],"collection":[{"href":"https:\/\/www.europesays.com\/fr\/wp-json\/wp\/v2\/posts"}],"about":[{"href":"https:\/\/www.europesays.com\/fr\/wp-json\/wp\/v2\/types\/post"}],"author":[{"embeddable":true,"href":"https:\/\/www.europesays.com\/fr\/wp-json\/wp\/v2\/users\/2"}],"replies":[{"embeddable":true,"href":"https:\/\/www.europesays.com\/fr\/wp-json\/wp\/v2\/comments?post=1149929"}],"version-history":[{"count":0,"href":"https:\/\/www.europesays.com\/fr\/wp-json\/wp\/v2\/posts\/1149929\/revisions"}],"wp:featuredmedia":[{"embeddable":true,"href":"https:\/\/www.europesays.com\/fr\/wp-json\/wp\/v2\/media\/1149930"}],"wp:attachment":[{"href":"https:\/\/www.europesays.com\/fr\/wp-json\/wp\/v2\/media?parent=1149929"}],"wp:term":[{"taxonomy":"category","embeddable":true,"href":"https:\/\/www.europesays.com\/fr\/wp-json\/wp\/v2\/categories?post=1149929"},{"taxonomy":"post_tag","embeddable":true,"href":"https:\/\/www.europesays.com\/fr\/wp-json\/wp\/v2\/tags?post=1149929"}],"curies":[{"name":"wp","href":"https:\/\/api.w.org\/{rel}","templated":true}]}}