{"id":114995,"date":"2025-05-20T18:52:11","date_gmt":"2025-05-20T18:52:11","guid":{"rendered":"https:\/\/www.europesays.com\/fr\/114995\/"},"modified":"2025-05-20T18:52:11","modified_gmt":"2025-05-20T18:52:11","slug":"guerre-en-ukraine-des-negociations-sous-la-houlette-du-vatican-la-perspective-est-elle-credible","status":"publish","type":"post","link":"https:\/\/www.europesays.com\/fr\/114995\/","title":{"rendered":"Guerre en Ukraine : des n\u00e9gociations sous la houlette du Vatican, la perspective est-elle cr\u00e9dible ?"},"content":{"rendered":"<p>Le pape L\u00e9on XIV a propos\u00e9 d&rsquo;accueillir des pourparlers entre l&rsquo;Ukraine et la Russie au Vatican, selon Washington.Une offre inscrite dans une longue tradition diplomatique du Saint-Si\u00e8ge, mais qui semble \u00e0 ce stade bien difficile \u00e0 mettre en place.Kiev et ses partenaires europ\u00e9ens ont salu\u00e9 cette proposition, mais il est peu probable que la Russie accepte d&rsquo;envoyer une d\u00e9l\u00e9gation au Vatican.<a href=\"https:\/\/www.tf1info.fr\/actualite\/leon-xiv-l-americain-robert-francis-prevost-elu-nouveau-pape-13911\/\" rel=\"noopener\" class=\"jsx-3118104007 Link jsx-1428418400 jsx-554215408\" target=\"_blank\"><\/p>\n<p style=\"font-weight:400\" class=\"jsx-1837267516\">Suivez la couverture compl\u00e8te<\/p>\n<p style=\"font-weight:800\" class=\"jsx-1837267516\">L\u00e9on XIV : l&rsquo;Am\u00e9ricain Robert Francis Prevost \u00e9lu nouveau pape<\/p>\n<p><\/a><\/p>\n<p data-module=\"article-paragraph\" class=\"jsx-362436225 Paragraph\">\u00c0 peine \u00e9lu par le conclave, il serait d\u00e9j\u00e0 pr\u00eat \u00e0 organiser des n\u00e9gociations majeures sous la houlette du Vatican. Le pape L\u00e9on XIV serait <a href=\"https:\/\/www.tf1info.fr\/international\/en-direct-guerre-en-ukraine-le-coup-de-fil-entre-trump-et-poutine-permettra-t-il-d-aller-vers-un-cessez-le-feu-2371624.html\" target=\"_blank\" rel=\"noopener\">\u00ab\u00a0tr\u00e8s int\u00e9ress\u00e9 par l&rsquo;organisation de n\u00e9gociations\u00a0\u00bb entre l&rsquo;Ukraine et la Russie (nouvelle fen\u00eatre)<\/a> au Saint-Si\u00e8ge, a assur\u00e9 lundi 19 mai le pr\u00e9sident Donald Trump, juste apr\u00e8s un appel avec son homologue russe Vladimir Poutine. Kiev et plusieurs de ses alli\u00e9s europ\u00e9ens se sont d\u00e9j\u00e0 dits partants, mais difficile d&rsquo;imaginer pour l&rsquo;heure que l&rsquo;initiative voit r\u00e9ellement le jour.\u00a0<\/p>\n<p data-module=\"article-paragraph\" class=\"jsx-362436225 Paragraph Paragraph__End\">Le Saint-Si\u00e8ge n&rsquo;a pas confirm\u00e9 officiellement cette invitation, mais le secr\u00e9taire d&rsquo;\u00c9tat du Vatican, Pietro Parolin, a affirm\u00e9 que le souverain pontife se montrait ouvert \u00e0 une \u00ab\u00a0rencontre directe\u00a0\u00bb entre d\u00e9l\u00e9gations ukrainiennes et russes au Vatican, selon la presse italienne. \u00ab\u00a0Le Saint-Si\u00e8ge est disponible pour que les ennemis se rencontrent et se regardent dans les yeux\u00a0\u00bb, avait d\u00e9j\u00e0 assur\u00e9 la semaine derni\u00e8re le <a href=\"https:\/\/www.tf1info.fr\/international\/robert-francis-prevost-qui-est-le-nouveau-pape-americain-choisi-par-les-cardinaux-electeurs-2369703.html\" target=\"_blank\" rel=\"noopener\">premier pape am\u00e9ricain de l&rsquo;histoire (nouvelle fen\u00eatre)<\/a>, \u00e9lu le 8 mai dernier.\u00a0<\/p>\n<p>Une longue tradition de \u00ab\u00a0m\u00e9diation\u00a0\u00bb<\/p>\n<p data-module=\"article-paragraph\" class=\"jsx-362436225 Paragraph\">Une initiative dans la droite lign\u00e9e de la <a href=\"https:\/\/www.tf1info.fr\/international\/video-tf1-leon-xiv-un-pape-americain-qui-va-proteger-les-migrants-l-analyse-de-la-vaticaniste-caroline-pigozzi-2369732.html\" target=\"_blank\" rel=\"noopener\">tradition g\u00e9opolitique pacifiste (nouvelle fen\u00eatre)<\/a> de la papaut\u00e9, une \u00ab\u00a0puissance sans \u00c9tat\u00a0\u00bb et neutre depuis l&rsquo;annexion des \u00c9tats pontificaux et de Rome par le Royaume d&rsquo;Italie en 1870, rembobine Yves Chiron, historien sp\u00e9cialiste de l&rsquo;\u00c9glise. \u00ab\u00a0Les papes ont pu mener ce qu&rsquo;on a appel\u00e9 une diplomatie des bons offices, depuis le pontificat de L\u00e9on XIII \u00e0 la fin du XIXe si\u00e8cle : une m\u00e9diation entre deux nations en conflit, et parfois m\u00eame un arbitrage lorsque les deux pays sont catholiques\u00a0\u00bb, rel\u00e8ve l&rsquo;auteur de Fran\u00e7oisphobie (\u00e9ditions Cerf, 2020). Sous le pontificat de ce m\u00eame L\u00e9on XIII, 16 \u00ab\u00a0bons offices\u00a0\u00bb ont ainsi \u00e9t\u00e9 organis\u00e9s. \u00ab\u00a0Par sa proposition, L\u00e9on XIV est donc bien dans la ligne du pape dont il porte le nom\u00a0\u00bb, constate l&rsquo;expert.\u00a0<\/p>\n<p data-module=\"article-paragraph\" class=\"jsx-362436225 Paragraph Paragraph__End\">Ces derni\u00e8res d\u00e9cennies, le Saint-Si\u00e8ge n&rsquo;a pas accueilli \u00e0 proprement parler de n\u00e9gociations directes entre des puissances sur son propre sol. Mais les papes \u00ab\u00a0sont intervenus en recevant au Vatican tel ou tel protagoniste, et surtout par l\u2019action des nonces apostoliques dans les pays concern\u00e9s ou par l&rsquo;envoi d\u2019un cardinal charg\u00e9 d\u2019une mission <a href=\"https:\/\/www.tf1info.fr\/international\/italie-visite-d-emmanuel-macron-a-rome-aujourd-hui-la-communaute-de-sant-egidio-ou-la-diplomatie-de-l-ombre-du-vatican-2236336.html\" target=\"_blank\" rel=\"noopener\">au nom du Saint-Si\u00e8ge (nouvelle fen\u00eatre)<\/a>\u00ab\u00a0, poursuit l&rsquo;historien. Un trait\u00e9 a m\u00eame \u00e9t\u00e9 sign\u00e9 au Vatican en 1984 entre le Chili et l&rsquo;Argentine, \u00e9vitant que des tensions territoriales tournent \u00e0 la guerre ouverte.<\/p>\n<ul class=\"jsx-3657663356 ReadMoreArticle__List flex flex-column\">\n<li class=\"jsx-3657663356\"><a href=\"https:\/\/www.tf1info.fr\/international\/ukraine-droits-de-douane-comment-la-messe-inaugurale-du-pape-leon-xiv-a-tourne-au-sommet-diplomatique-informel-2371561.html\" rel=\"noopener\" class=\"jsx-4233824444 Link flex\" target=\"_blank\"><img decoding=\"async\" src=\"https:\/\/www.europesays.com\/fr\/wp-content\/uploads\/2025\/05\/volodymyr-zelensky-et-le-pape-leon-xiv-a-rome-b6ff3f-1@1x.jpeg\" alt=\"Le pr\u00e9sident ukrainien a serr\u00e9 la main du nouveau pape avant la messe inaugurale.\" loading=\"lazy\" importance=\"low\" fetchpriority=\"low\" class=\"\"\/>\n<p class=\"jsx-3657663356 ReadMoreArticle__Title\">Lire aussi<\/p>\n<p class=\"jsx-3657663356\">Ukraine, droits de douane&#8230; Comment la messe inaugurale du pape L\u00e9on XIV a tourn\u00e9 au sommet diplomatique informel<\/p>\n<p><\/a><\/li>\n<\/ul>\n<p data-module=\"article-paragraph\" class=\"jsx-362436225 Paragraph\">Et ces derni\u00e8res semaines, une br\u00e8ve entrevue entre le pr\u00e9sident ukrainien Volodymyr Zelensky et Donald Trump, en marge des fun\u00e9railles du pr\u00e9c\u00e9dent pape Fran\u00e7ois fin avril, a rappel\u00e9 <a href=\"https:\/\/www.tf1info.fr\/international\/guerre-en-ukraine-rencontre-trump-zelensky-en-marge-des-funerailles-du-pape-le-tempo-des-tractations-diplomatiques-s-accelere-2367345.html\" target=\"_blank\" rel=\"noopener\">ce r\u00f4le g\u00e9opolitique du Saint-Si\u00e8ge (nouvelle fen\u00eatre)<\/a>. L\u00e9on XIV serait d\u00e9sormais pr\u00eat \u00e0 accueillir des n\u00e9gociations russo-ukrainiennes, dans un format qu&rsquo;on imagine beaucoup plus encadr\u00e9.\u00a0<\/p>\n<p data-module=\"article-paragraph\" class=\"jsx-362436225 Paragraph Paragraph__End\">Depuis son \u00e9lection, le nouveau souverain pontife a d&rsquo;ailleurs plac\u00e9 le conflit en Ukraine au c\u0153ur de ses pr\u00e9occupations, affichant un soutien \u00e0 Kiev plus net que ne l&rsquo;avait fait son pr\u00e9d\u00e9cesseur. Le cardinal Prevost, de son vrai nom, a d\u00e9j\u00e0 <a href=\"https:\/\/www.tf1info.fr\/international\/en-direct-guerre-en-ukraine-en-attendant-un-coup-de-fil-entre-trump-et-poutine-les-combats-se-poursuivent-2371489.html\" target=\"_blank\" rel=\"noopener\">re\u00e7u en audience priv\u00e9e (nouvelle fen\u00eatre)<\/a> le pr\u00e9sident ukrainien Volodymyr Zelensky dimanche, apr\u00e8s avoir \u00e9voqu\u00e9 une Ukraine \u00ab\u00a0martyris\u00e9e\u00a0\u00bb et plaid\u00e9 pour une \u00ab\u00a0paix juste et durable\u00a0\u00bb. Fran\u00e7ois avait lui aussi appel\u00e9 sans rel\u00e2che \u00e0 la fin des combats dans le pays, mais certaines de ses formules avaient heurt\u00e9 Kiev, notamment lorsqu&rsquo;il avait enjoint \u00e0 hisser \u00ab\u00a0le drapeau blanc\u00a0\u00bb face \u00e0 Moscou.\u00a0<\/p>\n<p>Un pari perdu d&rsquo;avance ?<\/p>\n<p data-module=\"article-paragraph\" class=\"jsx-362436225 Paragraph\">Mais de l\u00e0 \u00e0 ce que des pourparlers avec des d\u00e9l\u00e9gations russes et ukrainiennes voient r\u00e9ellement le jour au Vatican, rien n&rsquo;est moins s\u00fbr. \u00ab\u00a0Si L\u00e9on XIV n\u2019a pas le m\u00eame regard que le pape Fran\u00e7ois sur l\u2019affaire ukrainienne, il n\u2019en reste pas moins que le pape ne peut pas \u00eatre juge et parti\u00a0\u00bb, estime le journaliste Bernard Lecomte, sp\u00e9cialiste du Vatican et auteur du livre France-Vatican, deux si\u00e8cles de guerre secr\u00e8te (Ed. Perrin, 2024).\u00a0<\/p>\n<p data-module=\"article-paragraph\" class=\"jsx-362436225 Paragraph\">Le souverain pontife est en effet le chef spirituel de l&rsquo;\u00c9glise grecque-catholique ukrainienne et ses quelque six millions de fid\u00e8les. \u00ab\u00a0Et il y a une esp\u00e8ce de d\u00e9testation r\u00e9dhibitoire de la part des dirigeants orthodoxes russes \u00e0 l&rsquo;\u00e9gard du pape\u00a0\u00bb, souligne-t-il. Cons\u00e9quence : la Russie risque de refuser l&rsquo;invitation. \u00ab\u00a0On ne voit pas comment il pourrait \u00eatre m\u00e9diateur dans ces conditions\u00a0\u00bb, insiste l&rsquo;expert.\u00a0<\/p>\n<p data-module=\"article-paragraph\" class=\"jsx-362436225 Paragraph Paragraph__End\">Pour lui, l&rsquo;initiative est tellement risqu\u00e9e qu&rsquo;il est surprenant que le Vatican s&rsquo;y lance de son propre chef. \u00c0 ses yeux, ce serait surtout Washington qui pousserait pour que ces pourparlers soient organis\u00e9s par le nouveau souverain pontife am\u00e9ricain, avec qui l&rsquo;administration Trump parvient \u00e0 \u00e9tablir le contact, bien plus qu&rsquo;avec son pr\u00e9d\u00e9cesseur. Elle pourrait m\u00eame chercher \u00e0 se d\u00e9charger de ce dossier encombrant pour elle, face \u00e0 des <a href=\"https:\/\/www.tf1info.fr\/international\/guerre-en-ukraine-que-se-sont-dits-donald-trump-et-vladimir-poutine-au-telephone-2371793.html\" target=\"_blank\" rel=\"noopener\">n\u00e9gociations qui s&rsquo;enlisent (nouvelle fen\u00eatre)<\/a>. \u00ab\u00a0Le pr\u00e9sident am\u00e9ricain semble en train de chercher un moyen de l\u00e2cher les choses, sans para\u00eetre avoir perdu l&rsquo;affaire. Si le pape organise des n\u00e9gociations et y \u00e9choue, il pourra dire : m\u00eame si lui n&rsquo;a pas r\u00e9ussi, c&rsquo;est que c&rsquo;\u00e9tait impossible\u00a0\u00bb, d\u00e9roule le sp\u00e9cialiste.<\/p>\n<ul class=\"jsx-3657663356 ReadMoreArticle__List flex flex-column\">\n<li class=\"jsx-3657663356\"><a href=\"https:\/\/www.tf1info.fr\/international\/guerre-en-ukraine-un-jeu-de-poupees-russes-pourquoi-l-appel-trump-poutine-n-a-rien-apporte-de-concret-2372005.html\" rel=\"noopener\" class=\"jsx-4233824444 Link flex\" target=\"_blank\"><img decoding=\"async\" src=\"https:\/\/www.europesays.com\/fr\/wp-content\/uploads\/2025\/05\/trump-poutine-appel-illustr-0197d7-1@1x.jpeg\" alt=\"Lire aussi\" loading=\"lazy\" importance=\"low\" fetchpriority=\"low\" class=\"\"\/>\n<p class=\"jsx-3657663356 ReadMoreArticle__Title\">Lire aussi<\/p>\n<p class=\"jsx-3657663356\">\u00ab\u00a0Un jeu de poup\u00e9es russes\u00a0\u00bb : pourquoi l&rsquo;appel Trump-Poutine n&rsquo;apporte rien de \u00ab\u00a0concret\u00a0\u00bb sur l&rsquo;Ukraine<\/p>\n<p><\/a><\/li>\n<\/ul>\n<p data-module=\"article-paragraph\" class=\"jsx-362436225 Paragraph Paragraph__End\">Certains appellent toutefois \u00e0 ne pas surestimer l&rsquo;influence que pourrait avoir Donald Trump sur ce nouveau pape. \u00ab\u00a0Il faut oublier, je crois, sa nationalit\u00e9 d&rsquo;origine : L\u00e9on XIV ne se soucie ni de plaire ni de d\u00e9plaire \u00e0 Trump\u00a0\u00bb, insiste Yves Chiron. Toujours est-il que lui aussi estime qu&rsquo;il n&rsquo;y aura \u00ab\u00a0sans doute pas de n\u00e9gociation au Vatican\u00a0\u00bb sur l&rsquo;Ukraine, faute d&rsquo;accord des Russes, qui ne consid\u00e8rent pas le Vatican comme \u00ab\u00a0une puissance neutre\u00a0\u00bb. Pour autant, \u00ab\u00a0le pape continuera \u00e0 agir et \u00e0 intervenir aupr\u00e8s des deux camps dans la mesure du possible\u00a0\u00bb, assure le sp\u00e9cialiste, qui rappelle que \u00ab\u00a0l&rsquo;action du Vatican, dans le domaine g\u00e9opolitique comme dans d&rsquo;autres, est toujours \u00e0 juger sur le long terme\u00a0\u00bb.<\/p>\n<p>Ma\u00eblane LOA\u00cbC<\/p>\n","protected":false},"excerpt":{"rendered":"Le pape L\u00e9on XIV a propos\u00e9 d&rsquo;accueillir des pourparlers entre l&rsquo;Ukraine et la Russie au Vatican, selon Washington.Une&hellip;\n","protected":false},"author":2,"featured_media":114996,"comment_status":"","ping_status":"","sticky":false,"template":"","format":"standard","meta":{"footnotes":""},"categories":[1590],"tags":[1111,11,1921,75,1777,674,1918,1922,23520,12,12672,4692,20114,132,220,1917,4193,133,1920,135,134],"class_list":{"0":"post-114995","1":"post","2":"type-post","3":"status-publish","4":"format-standard","5":"has-post-thumbnail","7":"category-ukraine","8":"tag-actu","9":"tag-actualites","10":"tag-article-video","11":"tag-donald-trump","12":"tag-eu","13":"tag-europe","14":"tag-guerre-en-ukraine-une-treve-en-negociation","15":"tag-info","16":"tag-leon-xiv-lamericain-robert-francis-prevost-elu-nouveau-pape","17":"tag-news","18":"tag-pape","19":"tag-pape-francois","20":"tag-pape-leon-xiv","21":"tag-russie","22":"tag-ukraine","23":"tag-ukraine-4-annee-de-guerre","24":"tag-vatican","25":"tag-video","26":"tag-video-international","27":"tag-vladimir-poutine","28":"tag-volodymyr-zelensky"},"share_on_mastodon":{"url":"https:\/\/pubeurope.com\/@fr\/114541674198437788","error":""},"_links":{"self":[{"href":"https:\/\/www.europesays.com\/fr\/wp-json\/wp\/v2\/posts\/114995","targetHints":{"allow":["GET"]}}],"collection":[{"href":"https:\/\/www.europesays.com\/fr\/wp-json\/wp\/v2\/posts"}],"about":[{"href":"https:\/\/www.europesays.com\/fr\/wp-json\/wp\/v2\/types\/post"}],"author":[{"embeddable":true,"href":"https:\/\/www.europesays.com\/fr\/wp-json\/wp\/v2\/users\/2"}],"replies":[{"embeddable":true,"href":"https:\/\/www.europesays.com\/fr\/wp-json\/wp\/v2\/comments?post=114995"}],"version-history":[{"count":0,"href":"https:\/\/www.europesays.com\/fr\/wp-json\/wp\/v2\/posts\/114995\/revisions"}],"wp:featuredmedia":[{"embeddable":true,"href":"https:\/\/www.europesays.com\/fr\/wp-json\/wp\/v2\/media\/114996"}],"wp:attachment":[{"href":"https:\/\/www.europesays.com\/fr\/wp-json\/wp\/v2\/media?parent=114995"}],"wp:term":[{"taxonomy":"category","embeddable":true,"href":"https:\/\/www.europesays.com\/fr\/wp-json\/wp\/v2\/categories?post=114995"},{"taxonomy":"post_tag","embeddable":true,"href":"https:\/\/www.europesays.com\/fr\/wp-json\/wp\/v2\/tags?post=114995"}],"curies":[{"name":"wp","href":"https:\/\/api.w.org\/{rel}","templated":true}]}}