{"id":115001,"date":"2025-05-20T18:55:08","date_gmt":"2025-05-20T18:55:08","guid":{"rendered":"https:\/\/www.europesays.com\/fr\/115001\/"},"modified":"2025-05-20T18:55:08","modified_gmt":"2025-05-20T18:55:08","slug":"pourquoi-la-france-est-moins-frappee-que-lallemagne","status":"publish","type":"post","link":"https:\/\/www.europesays.com\/fr\/115001\/","title":{"rendered":"pourquoi la France est moins frapp\u00e9e que l\u2019Allemagne"},"content":{"rendered":"<p><strong>D\u00c9CRYPTAGE &#8211;<\/strong> La nature des exportations des diff\u00e9rents pays europ\u00e9ens explique leur vuln\u00e9rabilit\u00e9 aux sanctions de Trump.<\/p>\n<p class=\"fig-paragraph\">C\u2019est ce qu\u2019on appelle l\u2019exception fran\u00e7aise. La guerre douani\u00e8re d\u00e9clench\u00e9e par\u00a0<a href=\"http:\/\/www.lefigaro.fr\/international\/ukraine-defense-donald-trump-met-les-europeens-au-pied-du-mur-20250520\" data-fig-type=\"Article\" data-gtm-custom-categorie=\"navigation\" data-gtm-custom-action=\"crossclick\" data-gtm-custom-label=\"Contextuel\" data-gtm-event=\"customEventSPE\" data-fig-domain=\"LEFIGARO\" target=\"_blank\" rel=\"noopener\">Donald Trump<\/a>\u00a0pour punir l\u2019Union europ\u00e9enne de son exc\u00e9dent commercial de pr\u00e8s de 200\u00a0milliards d\u2019euros (197\u00a0milliards en 2024, pour \u00eatre pr\u00e9cis) avec les \u00c9tats-Unis ne touche pas notre pays de la m\u00eame mani\u00e8re que nos partenaires europ\u00e9ens. \u00c0 la lecture d\u2019une \u00e9tude publi\u00e9e ce mardi par le service statistique minist\u00e9riel de la douane, on est m\u00eame tent\u00e9 de qualifier la France de victime collat\u00e9rale\u00a0<a href=\"http:\/\/www.lefigaro.fr\/conjoncture\/droits-de-douane-la-france-pourrait-elle-se-tourner-vers-d-autres-marches-pour-remplacer-les-etats-unis-20250512\" data-fig-type=\"NewsFlash\" data-gtm-custom-categorie=\"navigation\" data-gtm-custom-action=\"crossclick\" data-gtm-custom-label=\"Contextuel\" data-gtm-event=\"customEventSPE\" data-fig-domain=\"LEFIGARO\" target=\"_blank\" rel=\"noopener\">de la hausse des droits de douane additionnels de 25\u00a0%<\/a>\u00a0sur l\u2019acier et les automobiles, et de 10\u00a0% sur les autres biens. Car si l\u2019on adopte, ne serait-ce qu\u2019un instant, la grille de lecture du pr\u00e9sident am\u00e9ricain, le plus vieil alli\u00e9 du pays de George Washington ne devrait pas faire partie des \u00ab\u00a0bad guys\u00a0\u00bb (les m\u00e9chants, en bon fran\u00e7ais), puisque contrairement \u00e0 la moyenne de l\u2019UE, son solde commercial avec les \u00c9tats-Unis est d\u00e9ficitaire depuis 2021.<\/p>\n<p class=\"fig-body-link\">\n            \u00c0 lire aussi<br \/>\n        <a class=\"fig-body-link__link fig-premium-mark\" href=\"http:\/\/www.lefigaro.fr\/societes\/guerre-commerciale-quels-sont-les-gagnants-et-les-perdants-en-bourse-20250517\" data-fig-type=\"Article\" data-gtm-custom-categorie=\"navigation\" data-gtm-custom-action=\"crossclick\" data-gtm-custom-label=\"Contextuel\" data-gtm-event=\"customEventSPE\" data-fig-domain=\"LEFIGARO\" target=\"_blank\" rel=\"noopener\">Guerre commerciale\u00a0: quels sont les gagnants et les perdants en Bourse\u00a0?<br \/>\n    <\/a>\n<\/p>\n<p class=\"fig-paragraph\">En 2024, celui-ci \u00e9tait dans le rouge, de 4,2\u00a0milliards euros\u2026<\/p>\n<p class=\"fig-premium-paywall__infos\">\n        Cet article est r\u00e9serv\u00e9 aux abonn\u00e9s.        Il vous reste 78% \u00e0 d\u00e9couvrir.\n    <\/p>\n<p>                <img  data- alt=\"Le Figaro\" class=\"fig-img--complete fig-img\"\/><\/p>\n<p class=\"fig-premium-paywall__title\">Vente Flash<\/p>\n<p class=\"fig-premium-paywall__subtitle\">4,99\u20ac par mois pendant 12 mois. Sans engagement.<\/p>\n<p class=\"fig-premium-paywall__connect\">\n                D\u00e9j\u00e0 abonn\u00e9\u00a0?                <a class=\"fig-premium-paywall__connect-link\" href=\"https:\/\/connect.lefigaro.fr\/login?client=horizon_web&amp;type=main&amp;redirect_uri=https%3A%2F%2Fwww.lefigaro.fr%2Fconjoncture%2Fdroits-de-douane-americains-pourquoi-la-france-est-moins-frappee-que-l-allemagne-20250520\" data-js-gtm=\"{&quot;customCategorie&quot;: &quot;conversion&quot;, &quot;customAction&quot;: &quot;before_Landing_Connexion_paywall_auto&quot;, &quot;customLabel&quot;: &quot;bGVmaWdhcm8uZnJfXzFmMDM1ODFjLWQ0YzEtNmRlOC04MmU0LWI1ZTFjN2MxOGRkM19fQXJ0aWNsZQ==_Droits de douane am\u00e9ricains: pourquoi la France est moins frapp\u00e9e que l\u2019Allemagne_62&quot;, &quot;customIDSPE&quot;: &quot;bGVmaWdhcm8uZnJfXzFmMDM1ODFjLWQ0YzEtNmRlOC04MmU0LWI1ZTFjN2MxOGRkM19fQXJ0aWNsZQ==&quot;, &quot;event&quot;: &quot;customEventSPE&quot;}\" target=\"_blank\" rel=\"noopener\"><br \/>\n                    Connectez-vous<br \/>\n                <\/a>\n            <\/p>\n","protected":false},"excerpt":{"rendered":"D\u00c9CRYPTAGE &#8211; La nature des exportations des diff\u00e9rents pays europ\u00e9ens explique leur vuln\u00e9rabilit\u00e9 aux sanctions de Trump. C\u2019est&hellip;\n","protected":false},"author":2,"featured_media":115002,"comment_status":"","ping_status":"","sticky":false,"template":"","format":"standard","meta":{"footnotes":""},"categories":[1587],"tags":[339,11,672,340,1804,343,345,21193,350,130,344,352,1805,349,1803,33,341,313,1777,674,1801,346,1074,342,353,351,347,12,348,1802,354],"class_list":{"0":"post-115001","1":"post","2":"type-post","3":"status-publish","4":"format-standard","5":"has-post-thumbnail","7":"category-allemagne","8":"tag-actualite-economique","9":"tag-actualites","10":"tag-allemagne","11":"tag-bourse","12":"tag-bundesrepublik-deutschland","13":"tag-cac-40","14":"tag-chef-dentreprise","15":"tag-commerce-exterieur","16":"tag-concurrence","17":"tag-consommation","18":"tag-creation-dentreprise","19":"tag-crise","20":"tag-de","21":"tag-delocalisations","22":"tag-deutschland","23":"tag-economie","24":"tag-emploi","25":"tag-entreprises","26":"tag-eu","27":"tag-europe","28":"tag-germany","29":"tag-grands-patrons","30":"tag-guerre-commerciale","31":"tag-impots","32":"tag-licenciements","33":"tag-monopole","34":"tag-multinationales","35":"tag-news","36":"tag-privatisation","37":"tag-republique-federale-dallemagne","38":"tag-unio"},"share_on_mastodon":{"url":"https:\/\/pubeurope.com\/@fr\/114541685880962733","error":""},"_links":{"self":[{"href":"https:\/\/www.europesays.com\/fr\/wp-json\/wp\/v2\/posts\/115001","targetHints":{"allow":["GET"]}}],"collection":[{"href":"https:\/\/www.europesays.com\/fr\/wp-json\/wp\/v2\/posts"}],"about":[{"href":"https:\/\/www.europesays.com\/fr\/wp-json\/wp\/v2\/types\/post"}],"author":[{"embeddable":true,"href":"https:\/\/www.europesays.com\/fr\/wp-json\/wp\/v2\/users\/2"}],"replies":[{"embeddable":true,"href":"https:\/\/www.europesays.com\/fr\/wp-json\/wp\/v2\/comments?post=115001"}],"version-history":[{"count":0,"href":"https:\/\/www.europesays.com\/fr\/wp-json\/wp\/v2\/posts\/115001\/revisions"}],"wp:featuredmedia":[{"embeddable":true,"href":"https:\/\/www.europesays.com\/fr\/wp-json\/wp\/v2\/media\/115002"}],"wp:attachment":[{"href":"https:\/\/www.europesays.com\/fr\/wp-json\/wp\/v2\/media?parent=115001"}],"wp:term":[{"taxonomy":"category","embeddable":true,"href":"https:\/\/www.europesays.com\/fr\/wp-json\/wp\/v2\/categories?post=115001"},{"taxonomy":"post_tag","embeddable":true,"href":"https:\/\/www.europesays.com\/fr\/wp-json\/wp\/v2\/tags?post=115001"}],"curies":[{"name":"wp","href":"https:\/\/api.w.org\/{rel}","templated":true}]}}