{"id":115005,"date":"2025-05-20T18:57:10","date_gmt":"2025-05-20T18:57:10","guid":{"rendered":"https:\/\/www.europesays.com\/fr\/115005\/"},"modified":"2025-05-20T18:57:10","modified_gmt":"2025-05-20T18:57:10","slug":"lunion-europeenne-va-reexaminer-son-accord-dassociation-avec-israel","status":"publish","type":"post","link":"https:\/\/www.europesays.com\/fr\/115005\/","title":{"rendered":"l\u2019Union europ\u00e9enne va r\u00e9examiner son accord d\u2019association avec Isra\u00ebl"},"content":{"rendered":"<p class=\"latino-300b text-grey-800\">\n<p>  Par\u00a0<br \/>\nLe Nouvel Obs avec AFP          <\/p>\n<p class=\"latino-300r text-grey-600\">\n      Publi\u00e9 le<\/p>\n<p>    20 mai 2025 \u00e0 20h44<\/p>\n<p>      <img fetchpriority=\"high\" decoding=\"async\" class=\"mx-auto\" src=\"data:image\/svg+xml;base64,PHN2ZyB4bWxucz0iaHR0cDovL3d3dy53My5vcmcvMjAwMC9zdmciIGZpbGw9IiNlNGU0ZTQiIHZpZXdCb3g9IjAgMCA1MTAgMzQwIiB3aWR0aD0iNTEwIiBoZWlnaHQ9IjM0MCI+PHBhdGggZD0iTTAgMGg1MTB2MzQwSDB6Ii8+PC9zdmc+\"  loading=\"eager\" width=\"510\" height=\"340\" data-oncrawl-image-size=\"510x340\" alt=\"La cheffe de la diplomatie europ\u00e9enne Kaja Kallas au Conseil europ\u00e9en de Bruxelles, le 20\u00a0mai 2025.\"\/>      <\/p>\n<p class=\"latino-100m text-grey-600\">\n            La cheffe de la diplomatie europ\u00e9enne Kaja Kallas au Conseil europ\u00e9en de Bruxelles, le 20\u00a0mai 2025.\u00a0VIRGINIA MAYO\/AP\/SIPA        <\/p>\n<p>    Lire\u00a0plus\u00a0tard  <\/p>\n<p><a aria-label=\"Nous suivre sur Google News\" href=\"https:\/\/news.google.com\/publications\/CAAqBwgKMJe4nQkw3dFs?hl=fr&amp;gl=FR&amp;ceid=FR%3Afr\" target=\"_blank\" data-piano=\"Page_Article,Sous_date_publi,Nous_suivre_sur_google_news,1er_clic,action\" class=\"btn btn--small btn--secondary\" rel=\"nofollow noopener\"><\/p>\n<p>      Google Actualit\u00e9s<br \/>\n  <\/a><\/p>\n<p>  Partager<\/p>\n<p>        Facebook<\/p>\n<p>        Bluesky<\/p>\n<p>        E-mail<\/p>\n<p>        Copier le lien<\/p>\n<p>      Envoyer<\/p>\n<p>    Temps de lecture\u00a0:\u00a01\u00a0min.<\/p>\n<p class=\"node__paragraphe antonia-750r text-grey-800 pb-20 pb-md-30\">\nL\u2019union europ\u00e9enne va lancer un r\u00e9examen de son accord d\u2019association avec Isra\u00ebl \u00e0 la lumi\u00e8re des derniers \u00e9v\u00e9nements \u00e0 Gaza, a annonc\u00e9 ce mardi 20\u00a0mai la cheffe de la diplomatie europ\u00e9enne Kaja Kallas.<\/p>\n<p class=\"latino-500b text-grey-600 pb-15\">A lire aussi<\/p>\n<p><a href=\"https:\/\/www.nouvelobs.com\/monde\/20250514.OBS103906\/a-gaza-le-spectre-d-une-nouvelle-nakba.html\" data-article-key=\"20250514.OBS103906\" class=\"link--box flex-grow-1\" data-piano=\"Page_Article,Lire_aussi,,Lien1,navigation\" rel=\"nofollow noopener\" target=\"_blank\"><\/p>\n<p>                <img decoding=\"async\" src=\"data:image\/svg+xml;base64,PHN2ZyB4bWxucz0iaHR0cDovL3d3dy53My5vcmcvMjAwMC9zdmciIGZpbGw9IiNlNGU0ZTQiIHZpZXdCb3g9IjAgMCAxMjAgODAiIHdpZHRoPSIxMjAiIGhlaWdodD0iODAiPjxwYXRoIGQ9Ik0wIDBoMTIwdjgwSDB6Ii8+PC9zdmc+\"  width=\"120\" height=\"79\" loading=\"lazy\" alt=\"Des habitants de Gaza City fouillent les tas d\u2019ordures le 4\u00a0f\u00e9vrier 2025. Au loin, les d\u00e9combres des b\u00e2timents de la ville d\u00e9truits par les bombardements isra\u00e9liens.\"\/><\/p>\n<p class=\"latino-300r latino-lg-600m text-grey-800\">\n                      <strong class=\"latino-300b latino-lg-600m text-grey-500\">Analyse\u00a0<\/strong><br \/>\n                    A Gaza, le spectre d\u2019une nouvelle Nakba        <\/p>\n<p><\/a><\/p>\n<p>    Lire\u00a0plus\u00a0tard  <\/p>\n<p class=\"node__paragraphe antonia-750r text-grey-800 pb-20 pb-md-30\">\n\u00ab\u00a0Il existe une forte majorit\u00e9 en faveur du r\u00e9examen de l\u2019article 2 (sur le respect des droits humains) de notre accord d\u2019association avec Isra\u00ebl. Nous allons donc nous lancer dans cet exercice\u00a0\u00bb, a-t-elle d\u00e9clar\u00e9 \u00e0 l\u2019issue d\u2019une r\u00e9union des ministres des Affaires \u00e9trang\u00e8res de l\u2019UE \u00e0 Bruxelles.<\/p>\n<p class=\"node__paragraphe antonia-750r text-grey-800 pb-20 pb-md-30\">\nLa Commission europ\u00e9enne va entamer ce processus de r\u00e9vision, pour v\u00e9rifier si Isra\u00ebl respecte bien les droits humains et les principes d\u00e9mocratiques, conform\u00e9ment \u00e0 l\u2019article 2 de cet accord. \u00ab\u00a0Les relations entre les parties, ainsi que toutes les dispositions de l\u2019accord lui-m\u00eame, sont fond\u00e9es sur le respect des droits de l\u2019homme\u00a0\u00bb, indique cet article.<\/p>\n<p>Un accord cens\u00e9 faciliter \u00e9changes et dialogue<\/p>\n<p class=\"node__paragraphe antonia-750r text-grey-800 pb-20 pb-md-30\">\nDix-sept pays, dont la France, se sont prononc\u00e9s en faveur de cette r\u00e9vision, a annonc\u00e9 de son c\u00f4t\u00e9 le ministre fran\u00e7ais des Affaires \u00e9trang\u00e8res <a href=\"https:\/\/www.nouvelobs.com\/politique\/20240921.OBS93912\/proche-de-bayrou-et-prof-a-hec-qui-est-jean-noel-barrot-qui-arrive-au-quai-d-orsay.html\" rel=\"nofollow noopener\" target=\"_blank\">Jean-No\u00ebl Barrot<\/a>, devant l\u2019Assembl\u00e9e nationale \u00e0 Paris.<\/p>\n<p class=\"node__paragraphe antonia-750r text-grey-800 pb-20 pb-md-30\">\nLes Pays Bas et plusieurs autres pays europ\u00e9ens ont adress\u00e9 une lettre \u00e0 Kaja Kallas r\u00e9clamant cette r\u00e9vision de l\u2019accord d\u2019association UE-Isra\u00ebl, en vigueur depuis 2000 et cens\u00e9 faciliter le dialogue politique et les \u00e9changes commerciaux entre les deux parties.<\/p>\n<p class=\"node__paragraphe antonia-750r text-grey-800 pb-20 pb-md-30\">\nPlusieurs pays de l\u2019UE ont d\u00e9nonc\u00e9 l\u2019escalade en cours \u00e0 Gaza o\u00f9 la situation est catastrophique apr\u00e8s plus de <a href=\"https:\/\/www.nouvelobs.com\/monde\/20250520.OBS104125\/a-gaza-14-000-bebes-pourraient-mourir-dans-les-prochaines-48-heures-faute-d-aide-humanitaire.html\" rel=\"nofollow noopener\" target=\"_blank\">deux mois de blocage de l\u2019aide vitale pour la population<\/a>. Isra\u00ebl a autoris\u00e9 l\u2019entr\u00e9e lundi \u00e0 Gaza de moins de dix camions d\u2019aide de l\u2019ONU transportant entre autres de la nourriture pour b\u00e9b\u00e9s.<\/p>\n<p>\u00ab\u00a0Reprise compl\u00e8te de l\u2019aide\u00a0\u00bb<\/p>\n<p class=\"node__paragraphe antonia-750r text-grey-800 pb-20 pb-md-30\">\n\u00ab\u00a0J\u2019ai le sentiment personnel que la violation des droits humains ne fait aucun doute\u00a0\u00bb, a d\u00e9clar\u00e9 le chef de la diplomatie belge Maxime Pr\u00e9vot, ajoutant n\u00e9anmoins qu\u2019il ne voulait pas \u00ab\u00a0pr\u00e9empter la d\u00e9cision\u00a0\u00bb de la Commission europ\u00e9enne. Si celle-ci devait conclure \u00e0 un manquement d\u2019Isra\u00ebl dans le respect de l\u2019article 2 de l\u2019accord d\u2019association, une suspension de ce dernier pourrait \u00eatre alors d\u00e9cid\u00e9e, selon Maxime Pr\u00e9vot.<\/p>\n<p class=\"node__paragraphe antonia-750r text-grey-800 pb-20 pb-md-30\">\nVingt-deux pays, dont la France, l\u2019Allemagne, le Royaume-Uni, le Canada, le Japon et l\u2019Australie, ont exig\u00e9 lundi d\u2019Isra\u00ebl une \u00ab\u00a0reprise compl\u00e8te de l\u2019aide \u00e0 la bande de Gaza, imm\u00e9diatement\u00a0\u00bb, demandant qu\u2019<a href=\"https:\/\/www.nouvelobs.com\/monde\/20250519.OBS104091\/israel-autorise-neuf-camions-d-aide-humanitaire-a-gaza-alors-que-deux-millions-de-personnes-sont-affamees.html\" rel=\"nofollow noopener\" target=\"_blank\">elle soit organis\u00e9e par les Nations unies et les ONG<\/a>.<\/p>\n<p class=\"node__paragraphe antonia-750r text-grey-800 pb-20 pb-md-30\">\n\u00ab\u00a0Les pressions ext\u00e9rieures ne d\u00e9tourneront pas Isra\u00ebl de sa voie\u00a0\u00bb, ont indiqu\u00e9 mardi les autorit\u00e9s isra\u00e9liennes dans un communiqu\u00e9. <a href=\"https:\/\/www.nouvelobs.com\/monde\/20250520.OBS104122\/guerre-a-gaza-le-royaume-uni-suspend-ses-negociations-commerciales-avec-israel.html\" rel=\"nofollow noopener\" target=\"_blank\">Le Royaume-Uni a annonc\u00e9 de son c\u00f4t\u00e9 suspendre ses n\u00e9gociations<\/a> pour un accord de libre-\u00e9change avec Isra\u00ebl et convoquer l\u2019ambassadrice de ce pays au Royaume-Uni, Tzipi Hotovely, en r\u00e9ponse \u00e0 l\u2019intensification de l\u2019offensive isra\u00e9lienne \u00e0 Gaza.<\/p>\n<p class=\"latino-600m text-grey-800\">\n<p>  Par\u00a0<br \/>\nLe Nouvel Obs avec AFP    <\/p>\n","protected":false},"excerpt":{"rendered":"Par\u00a0 Le Nouvel Obs avec AFP Publi\u00e9 le 20 mai 2025 \u00e0 20h44 La cheffe de la diplomatie&hellip;\n","protected":false},"author":2,"featured_media":115006,"comment_status":"","ping_status":"","sticky":false,"template":"","format":"standard","meta":{"footnotes":""},"categories":[1586],"tags":[17,743,11,4077,3259,1777,674,1779,4538,1011,27,665,1146,74,12,23524,25,1778,4403,364],"class_list":{"0":"post-115005","1":"post","2":"type-post","3":"status-publish","4":"format-standard","5":"has-post-thumbnail","7":"category-europe","8":"tag-17","9":"tag-accord","10":"tag-actualites","11":"tag-association","12":"tag-conflit-israelo-palestinien","13":"tag-eu","14":"tag-europe","15":"tag-european-union","16":"tag-europeenne","17":"tag-fr","18":"tag-france","19":"tag-gaza","20":"tag-guerre","21":"tag-monde","22":"tag-news","23":"tag-reexaminer","24":"tag-republique-francaise","25":"tag-ue","26":"tag-union","27":"tag-union-europeenne"},"share_on_mastodon":{"url":"https:\/\/pubeurope.com\/@fr\/114541694019635998","error":""},"_links":{"self":[{"href":"https:\/\/www.europesays.com\/fr\/wp-json\/wp\/v2\/posts\/115005","targetHints":{"allow":["GET"]}}],"collection":[{"href":"https:\/\/www.europesays.com\/fr\/wp-json\/wp\/v2\/posts"}],"about":[{"href":"https:\/\/www.europesays.com\/fr\/wp-json\/wp\/v2\/types\/post"}],"author":[{"embeddable":true,"href":"https:\/\/www.europesays.com\/fr\/wp-json\/wp\/v2\/users\/2"}],"replies":[{"embeddable":true,"href":"https:\/\/www.europesays.com\/fr\/wp-json\/wp\/v2\/comments?post=115005"}],"version-history":[{"count":0,"href":"https:\/\/www.europesays.com\/fr\/wp-json\/wp\/v2\/posts\/115005\/revisions"}],"wp:featuredmedia":[{"embeddable":true,"href":"https:\/\/www.europesays.com\/fr\/wp-json\/wp\/v2\/media\/115006"}],"wp:attachment":[{"href":"https:\/\/www.europesays.com\/fr\/wp-json\/wp\/v2\/media?parent=115005"}],"wp:term":[{"taxonomy":"category","embeddable":true,"href":"https:\/\/www.europesays.com\/fr\/wp-json\/wp\/v2\/categories?post=115005"},{"taxonomy":"post_tag","embeddable":true,"href":"https:\/\/www.europesays.com\/fr\/wp-json\/wp\/v2\/tags?post=115005"}],"curies":[{"name":"wp","href":"https:\/\/api.w.org\/{rel}","templated":true}]}}