{"id":115007,"date":"2025-05-20T18:58:09","date_gmt":"2025-05-20T18:58:09","guid":{"rendered":"https:\/\/www.europesays.com\/fr\/115007\/"},"modified":"2025-05-20T18:58:09","modified_gmt":"2025-05-20T18:58:09","slug":"donald-trump-met-les-europeens-au-pied-du-mur","status":"publish","type":"post","link":"https:\/\/www.europesays.com\/fr\/115007\/","title":{"rendered":"Donald Trump met les Europ\u00e9ens au pied du mur"},"content":{"rendered":"<p><strong>R\u00c9CIT &#8211;<\/strong> Apr\u00e8s l\u2019appel t\u00e9l\u00e9phonique entre le pr\u00e9sident am\u00e9ricain et son homologue russe, les Vingt-Sept craignent un d\u00e9sengagement des \u00c9tats-Unis.<\/p>\n<p class=\"fig-paragraph\">\u00ab\u00a0C\u2019\u00e9tait une affaire europ\u00e9enne et \u00e7a aurait d\u00fb rester une affaire europ\u00e9enne.\u00a0\u00bb Apr\u00e8s son\u00a0<a href=\"http:\/\/www.lefigaro.fr\/international\/guerre-en-ukraine-poutine-s-engage-devant-trump-a-discuter-d-un-cessez-le-feu-20250519\" data-fig-type=\"Article\" data-gtm-custom-categorie=\"navigation\" data-gtm-custom-action=\"crossclick\" data-gtm-custom-label=\"Contextuel\" data-gtm-event=\"customEventSPE\" data-fig-domain=\"LEFIGARO\" target=\"_blank\" rel=\"noopener\">coup de fil de deux heures<\/a>\u00a0avec Vladimir Poutine, Donald Trump a livr\u00e9 lundi soir le fond de sa pens\u00e9e sur la guerre en Ukraine, mena\u00e7ant de se \u00ab\u00a0retirer tout simplement\u00a0\u00bb faute de parvenir \u00e0 la paix. Depuis le retour du milliardaire \u00e0 la Maison-Blanche, les Europ\u00e9ens redoutaient un abandon de l\u2019Ukraine par les \u00c9tats-Unis et, \u00e0 plus long terme, un\u00a0<a href=\"http:\/\/www.lefigaro.fr\/international\/on-ne-peut-pas-exclure-une-rupture-brutale-a-l-otan-les-europeens-se-preparent-a-un-desengagement-americain-20250402\" data-fig-type=\"Article\" data-gtm-custom-categorie=\"navigation\" data-gtm-custom-action=\"crossclick\" data-gtm-custom-label=\"Contextuel\" data-gtm-event=\"customEventSPE\" data-fig-domain=\"LEFIGARO\" target=\"_blank\" rel=\"noopener\">d\u00e9sengagement am\u00e9ricain de l\u2019Otan<\/a>. Sur ces deux fronts, ils se livrent \u00e0 une intense activit\u00e9 diplomatique pour donner des gages \u00e0 leur alli\u00e9 historique, mais risquent de se retrouver seuls face \u00e0 leurs responsabilit\u00e9s.<\/p>\n<p class=\"fig-paragraph\">Les ministres des Affaires \u00e9trang\u00e8res et de la D\u00e9fense des Vingt-Sept, r\u00e9unis \u00e0 Bruxelles mardi, s\u2019inqui\u00e9taient de l\u2019absence de pression am\u00e9ricaine sur le Kremlin pour obtenir un cessez-le-feu en Ukraine. \u00ab\u00a0Nous attendons de nos alli\u00e9s am\u00e9ricains qu\u2019ils ne tol\u00e8rent pas cette situation\u00a0\u00bb, a r\u00e9agi le ministre allemand des Affaires\u2026<\/p>\n<p class=\"fig-premium-paywall__infos\">\n        Cet article est r\u00e9serv\u00e9 aux abonn\u00e9s.        Il vous reste 87% \u00e0 d\u00e9couvrir.\n    <\/p>\n<p>                <img  data- alt=\"Le Figaro\" class=\"fig-img--complete fig-img\"\/><\/p>\n<p class=\"fig-premium-paywall__title\">Vente Flash<\/p>\n<p class=\"fig-premium-paywall__subtitle\">4,99\u20ac par mois pendant 12 mois. Sans engagement.<\/p>\n<p class=\"fig-premium-paywall__connect\">\n                D\u00e9j\u00e0 abonn\u00e9\u00a0?                <a class=\"fig-premium-paywall__connect-link\" href=\"https:\/\/connect.lefigaro.fr\/login?client=horizon_web&amp;type=main&amp;redirect_uri=https%3A%2F%2Fwww.lefigaro.fr%2Finternational%2Fukraine-defense-donald-trump-met-les-europeens-au-pied-du-mur-20250520\" data-js-gtm=\"{&quot;customCategorie&quot;: &quot;conversion&quot;, &quot;customAction&quot;: &quot;before_Landing_Connexion_paywall_auto&quot;, &quot;customLabel&quot;: &quot;bGVmaWdhcm8uZnJfXzFmMDM1NzMzLTk0NjEtNmI5OC05YzlhLTU5N2U2M2Y0MDhmN19fQXJ0aWNsZQ==_Ukraine, d\u00e9fense\u00a0: Donald Trump met les Europ\u00e9ens au pied du mur_329&quot;, &quot;customIDSPE&quot;: &quot;bGVmaWdhcm8uZnJfXzFmMDM1NzMzLTk0NjEtNmI5OC05YzlhLTU5N2U2M2Y0MDhmN19fQXJ0aWNsZQ==&quot;, &quot;event&quot;: &quot;customEventSPE&quot;}\" target=\"_blank\" rel=\"noopener\"><br \/>\n                    Connectez-vous<br \/>\n                <\/a>\n            <\/p>\n","protected":false},"excerpt":{"rendered":"R\u00c9CIT &#8211; Apr\u00e8s l\u2019appel t\u00e9l\u00e9phonique entre le pr\u00e9sident am\u00e9ricain et son homologue russe, les Vingt-Sept craignent un d\u00e9sengagement&hellip;\n","protected":false},"author":2,"featured_media":115008,"comment_status":"","ping_status":"","sticky":false,"template":"","format":"standard","meta":{"footnotes":""},"categories":[2],"tags":[259,11,260,771,674,1011,27,131,14,261,12,262,25],"class_list":{"0":"post-115007","1":"post","2":"type-post","3":"status-publish","4":"format-standard","5":"has-post-thumbnail","7":"category-actualites","8":"tag-actualite-internationale","9":"tag-actualites","10":"tag-affaires-etrangeres","11":"tag-defense-europeenne","12":"tag-europe","13":"tag-fr","14":"tag-france","15":"tag-guerre-en-ukraine","16":"tag-international","17":"tag-ministere-des-affaires-etrangeres","18":"tag-news","19":"tag-politique-etrangere","20":"tag-republique-francaise"},"share_on_mastodon":{"url":"https:\/\/pubeurope.com\/@fr\/114541697825302652","error":""},"_links":{"self":[{"href":"https:\/\/www.europesays.com\/fr\/wp-json\/wp\/v2\/posts\/115007","targetHints":{"allow":["GET"]}}],"collection":[{"href":"https:\/\/www.europesays.com\/fr\/wp-json\/wp\/v2\/posts"}],"about":[{"href":"https:\/\/www.europesays.com\/fr\/wp-json\/wp\/v2\/types\/post"}],"author":[{"embeddable":true,"href":"https:\/\/www.europesays.com\/fr\/wp-json\/wp\/v2\/users\/2"}],"replies":[{"embeddable":true,"href":"https:\/\/www.europesays.com\/fr\/wp-json\/wp\/v2\/comments?post=115007"}],"version-history":[{"count":0,"href":"https:\/\/www.europesays.com\/fr\/wp-json\/wp\/v2\/posts\/115007\/revisions"}],"wp:featuredmedia":[{"embeddable":true,"href":"https:\/\/www.europesays.com\/fr\/wp-json\/wp\/v2\/media\/115008"}],"wp:attachment":[{"href":"https:\/\/www.europesays.com\/fr\/wp-json\/wp\/v2\/media?parent=115007"}],"wp:term":[{"taxonomy":"category","embeddable":true,"href":"https:\/\/www.europesays.com\/fr\/wp-json\/wp\/v2\/categories?post=115007"},{"taxonomy":"post_tag","embeddable":true,"href":"https:\/\/www.europesays.com\/fr\/wp-json\/wp\/v2\/tags?post=115007"}],"curies":[{"name":"wp","href":"https:\/\/api.w.org\/{rel}","templated":true}]}}