{"id":1150117,"date":"2026-08-26T14:16:16","date_gmt":"2026-08-26T14:16:16","guid":{"rendered":"https:\/\/www.europesays.com\/fr\/1150117\/"},"modified":"2026-08-26T14:16:16","modified_gmt":"2026-08-26T14:16:16","slug":"julia-martin-sexcuse-aupres-des-bretons-dans-telematin-je-commence-a-prendre-mes-marques-sur-le-plateau-video","status":"publish","type":"post","link":"https:\/\/www.europesays.com\/fr\/1150117\/","title":{"rendered":"Julia Martin s\u2019excuse aupr\u00e8s des Bretons dans T\u00e9l\u00e9matin : \u201cJe commence \u00e0 prendre mes marques sur le plateau\u201d (VIDEO)"},"content":{"rendered":"<p>Comme \u00e0 chaque rentr\u00e9e, des changements sont op\u00e9r\u00e9s du c\u00f4t\u00e9 de T\u00e9l\u00e9matin. Pour cette rentr\u00e9e sur France 2, <a href=\"https:\/\/www.programme-tv.net\/news\/tv\/406974-maya-lauque-presente-telematin-en-solo-sur-france-2-l-emission-me-ressemblera-davantage\/\" data-api-deeplink=\"teleloisirs:\/\/news\/406974\" rel=\"nofollow noopener\" target=\"_blank\">Maya Lauqu\u00e9 est seule aux commandes de cette matinale<\/a>, longtemps pr\u00e9sent\u00e9e \u00e0 deux. Toutefois, elle n&rsquo;est pas seule tout au long de l&rsquo;\u00e9mission puisque les chroniqueurs viennent tour \u00e0 tour mettre en avant leur rubrique. Ce mercredi 26 ao\u00fbt, comme plusieurs fois au cours de la matin\u00e9e, Julia Martin a pr\u00e9sent\u00e9 le bulletin m\u00e9t\u00e9o.<\/p>\n<p>\u00c0 la fin de ses annonces concernant la pluie et le beau temps, Julia Martin a d\u00e9clar\u00e9 : \u00ab\u00a0Je voulais avoir un petit mot pour nos amis bretons\u00a0\u00bb. En effet, une t\u00e9l\u00e9spectatrice a d\u00e9clar\u00e9 sur Instagram : \u00ab\u00a0S&rsquo;il vous pla\u00eet, vous pouvez penser \u00e0 la Bretagne parce que vous \u00eates souvent devant\u00a0\u00bb. Une remarque que la pr\u00e9sentatrice prend tr\u00e8s au s\u00e9rieux, elle qui est dans l&rsquo;\u00e9quipe de T\u00e9l\u00e9matin depuis six ans.<\/p>\n<p>                        <b>Julia Martin accus\u00e9e de cacher la Bretagne, elle r\u00e9pond \u00e0 une t\u00e9l\u00e9spectatrice de <\/b><b>T\u00e9l\u00e9matin<\/b><b> : \u00ab\u00a0Je commence \u00e0 prendre mes marques\u00a0\u00bb<\/b><\/p>\n<p>\u00ab\u00a0Alors pardon, parce que je commence \u00e0 prendre mes marques un peu sur le plateau\u00a0\u00bb, d\u00e9clare-t-elle en r\u00e9f\u00e9rence au nouveau d\u00e9cor. Pour se faire pardonner, elle partage une photo de la jolie Bretagne prise quelques heures plus t\u00f4t. L&rsquo;occasion pour elle d&rsquo;en dire davantage sur les pr\u00e9visions \u00e0 venir \u00e0 l&rsquo;Ouest du pays.<\/p>\n<p>Amus\u00e9e, <a href=\"https:\/\/www.programme-tv.net\/biographie\/23415-lauque-maya\/\" data-link-people=\"a0588965-4d76-49eb-a445-a83577076546\" rel=\"nofollow noopener\" target=\"_blank\">Maya Lauqu\u00e9<\/a> r\u00e9sume : \u00ab\u00a0On continue \u00e0 travailler les placements pour qu&rsquo;on puisse voir correctement la Bretagne\u00a0\u00bb. Ce que Julia Martin confirme. \u00ab\u00a0Absolument, c&rsquo;est en cours\u00a0\u00bb, ajoute-t-elle.<\/p>\n<p><b>Quelle audience pour la premi\u00e8re de <\/b><b>T\u00e9l\u00e9matin<\/b><b> avec Maya Lauqu\u00e9 ?<\/b><\/p>\n<p>C&rsquo;est ce lundi 24 ao\u00fbt que l&rsquo;animatrice de France 2 a fait ses premiers pas, seule, dans T\u00e9l\u00e9matin, elle qui \u00e9tait habitu\u00e9e \u00e0 \u00eatre avec <a href=\"https:\/\/www.programme-tv.net\/biographie\/121140-thevenot-damien\/\" data-link-people=\"8745a11d-91c7-41b1-b3b3-85ad98890933\" rel=\"nofollow noopener\" target=\"_blank\">Damien Th\u00e9venot<\/a>. <a href=\"https:\/\/www.programme-tv.net\/news\/tv\/405214-en-larmes-damien-thevenot-fait-ses-adieux-a-telematin-apres-avoir-recu-des-messages-d-olivier-minne-et-michele-bernier-vous-faites-partie-de-ma-famille\/\" data-api-deeplink=\"teleloisirs:\/\/news\/405214\" rel=\"nofollow noopener\" target=\"_blank\">Ce dernier ayant quitt\u00e9 le navire, non sans \u00e9motion, pour se consacrer \u00e0 d&rsquo;autres projets<\/a>. Par cons\u00e9quent, <a href=\"https:\/\/www.programme-tv.net\/news\/tv\/407109-telematin-quelle-audience-pour-la-premiere-de-maya-lauque-seule-a-la-tete-de-l-emission\/\" data-api-deeplink=\"teleloisirs:\/\/news\/407109\" rel=\"nofollow noopener\" target=\"_blank\">combien de t\u00e9l\u00e9spectateurs \u00e9taient r\u00e9veill\u00e9s pour regarder Maya Lauqu\u00e9 ?<\/a><\/p>\n<p>Selon les donn\u00e9es enregistr\u00e9es par M\u00e9diam\u00e9trie, ce premier rendez-vous de la saison a \u00e9t\u00e9 suivi par 595 000 t\u00e9l\u00e9spectateurs, soit 25,1 % de part d&rsquo;audience. Un score plus \u00e9lev\u00e9 que celui r\u00e9alis\u00e9 par <a href=\"https:\/\/www.programme-tv.net\/biographie\/200-toussaint-bruce\/\" data-link-people=\"6aef09ef-51f3-4c47-89c7-1a6d3547ef00\" rel=\"nofollow noopener\" target=\"_blank\">Bruce Toussaint<\/a> puisque 409 000 t\u00e9l\u00e9spectateurs (15,5 % du public) \u00e9taient pr\u00e9sents pour Bonjour ! La matinale TF1.<\/p>\n<p>Quant \u00e0<a href=\"https:\/\/www.programme-tv.net\/news\/tv\/406936-exclu-telematin-la-suite-voici-tous-les-chroniqueurs-de-la-deuxieme-partie-de-lemission-avec-agathe-lecaron\/\" data-api-deeplink=\"teleloisirs:\/\/news\/406936\" rel=\"nofollow noopener\" target=\"_blank\"> la deuxi\u00e8me partie de T\u00e9l\u00e9matin, anim\u00e9e par Agathe Lecaron,<\/a> elle a rassembl\u00e9 399 000 t\u00e9l\u00e9spectateurs, soit 14,2 % de part d&rsquo;audience. Un bon d\u00e9but pour cette matinale remplie de nouveaut\u00e9s.<\/p>\n<p>            T\u00e9l\u00e9matin : pour cette rentr\u00e9e 2026, l&rsquo;\u00e9mission fait le plein de nouveaut\u00e9s !<\/p>\n<p>Pour son retour \u00e0 l&rsquo;antenne apr\u00e8s la pause estivale ce lundi 24 ao\u00fbt, T\u00e9l\u00e9matin a inaugur\u00e9 un tout nouveau plateau, qui se veut plus grand, plus lumineux. Mais <a href=\"https:\/\/www.programme-tv.net\/news\/tv\/406179-telematin-maya-lauque-seule-arrivee-d-agathe-lecaron-la-nouvelle-formule-de-la-matinale-arrive-bientot-voici-ce-qui-vous-attend\/\" data-api-deeplink=\"teleloisirs:\/\/news\/406179\" rel=\"nofollow noopener\" target=\"_blank\">le public aura tout de suite remarqu\u00e9 cet autre gros changement<\/a> : exit le duo d&rsquo;animateurs, cette ann\u00e9e, Maya Lauqu\u00e9 est seule aux manettes de la matinale d\u00e8s 6 h 30 ! D\u00e8s 9 h 15 en revanche, autre nouveaut\u00e9, avec une deuxi\u00e8me partie \u00e0 l&rsquo;\u00e9mission, intitul\u00e9e \u00ab\u00a0T\u00e9l\u00e9matin, la suite\u00a0\u00bb. C&rsquo;est Agathe Lecaron qui pr\u00e9sente cette partie, en compagnie d&rsquo;une \u00e9quipe de chroniqueurs, dont Thomas Isle et Emma Guessel. D&rsquo;autres visages les rejoindront, en fonction des jours de la semaine. En revanche, \u00ab\u00a0T\u00e9l\u00e9matin, la suite\u00a0\u00bb ne sera pas diffus\u00e9e le vendredi ! Ce jour, c&rsquo;est la nouvelle formule de <a href=\"https:\/\/www.programme-tv.net\/news\/tv\/403565-les-maternelles-s-arrete-sur-france-5-les-vraies-raisons-de-l-annulation-de-la-quotidienne\/\" data-api-deeplink=\"teleloisirs:\/\/news\/403565\" rel=\"nofollow noopener\" target=\"_blank\">La maison des maternelles <\/a>anim\u00e9e par <a href=\"https:\/\/www.programme-tv.net\/biographie\/267095-portolano-marie\/\" data-api-deeplink=\"teleloisirs:\/\/person\/267095\" rel=\"nofollow noopener\" target=\"_blank\">Marie Portolano<\/a> qui sera diffus\u00e9e.<\/p>\n","protected":false},"excerpt":{"rendered":"Comme \u00e0 chaque rentr\u00e9e, des changements sont op\u00e9r\u00e9s du c\u00f4t\u00e9 de T\u00e9l\u00e9matin. Pour cette rentr\u00e9e sur France 2,&hellip;\n","protected":false},"author":2,"featured_media":1150118,"comment_status":"","ping_status":"","sticky":false,"template":"","format":"standard","meta":{"footnotes":"","_share_on_mastodon":"0"},"categories":[1356],"tags":[244,58,59,1011,27,117553,15882,252,18486,1364,1630],"class_list":["post-1150117","post","type-post","status-publish","format-standard","has-post-thumbnail","category-television","tag-commentaire","tag-divertissement","tag-entertainment","tag-fr","tag-france","tag-julia-martin","tag-mu00e9tu00e9o","tag-television","tag-tu00e9lu00e9matin","tag-tv","tag-zapping"],"share_on_mastodon":{"url":"https:\/\/pubeurope.com\/@fr\/117162238769078579","error":""},"_links":{"self":[{"href":"https:\/\/www.europesays.com\/fr\/wp-json\/wp\/v2\/posts\/1150117","targetHints":{"allow":["GET"]}}],"collection":[{"href":"https:\/\/www.europesays.com\/fr\/wp-json\/wp\/v2\/posts"}],"about":[{"href":"https:\/\/www.europesays.com\/fr\/wp-json\/wp\/v2\/types\/post"}],"author":[{"embeddable":true,"href":"https:\/\/www.europesays.com\/fr\/wp-json\/wp\/v2\/users\/2"}],"replies":[{"embeddable":true,"href":"https:\/\/www.europesays.com\/fr\/wp-json\/wp\/v2\/comments?post=1150117"}],"version-history":[{"count":0,"href":"https:\/\/www.europesays.com\/fr\/wp-json\/wp\/v2\/posts\/1150117\/revisions"}],"wp:featuredmedia":[{"embeddable":true,"href":"https:\/\/www.europesays.com\/fr\/wp-json\/wp\/v2\/media\/1150118"}],"wp:attachment":[{"href":"https:\/\/www.europesays.com\/fr\/wp-json\/wp\/v2\/media?parent=1150117"}],"wp:term":[{"taxonomy":"category","embeddable":true,"href":"https:\/\/www.europesays.com\/fr\/wp-json\/wp\/v2\/categories?post=1150117"},{"taxonomy":"post_tag","embeddable":true,"href":"https:\/\/www.europesays.com\/fr\/wp-json\/wp\/v2\/tags?post=1150117"}],"curies":[{"name":"wp","href":"https:\/\/api.w.org\/{rel}","templated":true}]}}