{"id":115021,"date":"2025-05-20T19:07:12","date_gmt":"2025-05-20T19:07:12","guid":{"rendered":"https:\/\/www.europesays.com\/fr\/115021\/"},"modified":"2025-05-20T19:07:12","modified_gmt":"2025-05-20T19:07:12","slug":"les-francais-risacher-et-sarr-elus-dans-le-meilleur-cinq-des-rookies","status":"publish","type":"post","link":"https:\/\/www.europesays.com\/fr\/115021\/","title":{"rendered":"les Fran\u00e7ais Risacher et Sarr \u00e9lus dans le meilleur cinq des rookies"},"content":{"rendered":"<p>Les basketteurs fran\u00e7ais Zaccharie Risacher et Alexandre Sarr, choisis aux deux premi\u00e8res positions de la derni\u00e8re draft, figurent dans l\u2019\u00e9quipe-type des d\u00e9butants pour la saison de NBA \u00e9coul\u00e9e.<\/p>\n<p class=\"fig-paragraph\">Il y avait des attentes et ils y ont r\u00e9pondu. Zaccharie Risacher et Alexandre Sarr, tous deux \u00e2g\u00e9s de 20 ans, figurent dans le meilleur cinq des rookies (d\u00e9butants) de la saison 2024-25 r\u00e9v\u00e9l\u00e9 par la NBA mardi. Risacher avait \u00e9t\u00e9 s\u00e9lectionn\u00e9\u00a0<a href=\"http:\/\/www.lefigaro.fr\/sports\/basket\/nba\/nba-le-francais-zaccharie-risacher-numero-1-de-la-draft-un-an-apres-victor-wembanyama-alex-sarr-numero-2-20240627\" data-fig-type=\"NewsFlash\" data-gtm-custom-categorie=\"navigation\" data-gtm-custom-action=\"crossclick\" data-gtm-custom-label=\"Contextuel\" data-gtm-event=\"customEventSPE\" data-fig-domain=\"LEFIGARO\" target=\"_blank\" rel=\"noopener\">avec le choix N.1 \u00e0 la derni\u00e8re draft<\/a>\u00a0par les Atlanta Hawks. Sarr lui avait embo\u00eet\u00e9 le pas en 2e position, rejoignant les Washington Wizards.<\/p>\n<p class=\"fig-paragraph\">Les deux Fran\u00e7ais sont accompagn\u00e9s dans cette \u00e9quipe-type par Stephon Castle, arri\u00e8re des San Antonio Spurs\u00a0<a href=\"http:\/\/www.lefigaro.fr\/sports\/basket\/nba\/nba-castle-san-antonio-elu-rookie-de-l-annee-devant-le-francais-risacher-20250430\" data-fig-type=\"NewsFlash\" data-gtm-custom-categorie=\"navigation\" data-gtm-custom-action=\"crossclick\" data-gtm-custom-label=\"Contextuel\" data-gtm-event=\"customEventSPE\" data-fig-domain=\"LEFIGARO\" target=\"_blank\" rel=\"noopener\">d\u00e9j\u00e0 \u00e9lu rookie de l\u2019ann\u00e9e<\/a>, et deux jeunes joueurs des Memphis Grizzlies\u00a0: Jaylen Wells et Zach Edey. Risacher, ailier d\u2019Atlanta form\u00e9 \u00e0 l\u2019Asvel, avait termin\u00e9 dauphin de Castle dans la course au troph\u00e9e de rookie de l\u2019ann\u00e9e. Sarr, pivot de Washington, s\u2019\u00e9tait class\u00e9 4e.<\/p>\n<p class=\"fig-paragraph\">Ils succ\u00e8dent ainsi \u00e0 Victor Wembanyama, membre de ce cinq-type l\u2019an dernier. Avant eux, Tony Parker \u00e9tait le seul Fran\u00e7ais \u00e0 avoir re\u00e7u cette distinction, en 2002.<\/p>\n","protected":false},"excerpt":{"rendered":"Les basketteurs fran\u00e7ais Zaccharie Risacher et Alexandre Sarr, choisis aux deux premi\u00e8res positions de la derni\u00e8re draft, figurent&hellip;\n","protected":false},"author":2,"featured_media":115022,"comment_status":"","ping_status":"","sticky":false,"template":"","format":"standard","meta":{"footnotes":""},"categories":[1412],"tags":[1465,1464,11400,1981,11394,11395,814,1451,1452,1453,1454,1455,1011,27,11401,6910,11399,11398,2189,11396,1980,60,11402,2188,2187,11397],"class_list":{"0":"post-115021","1":"post","2":"type-post","3":"status-publish","4":"format-standard","5":"has-post-thumbnail","7":"category-f1","8":"tag-basket","9":"tag-basketball","10":"tag-bulls","11":"tag-classement","12":"tag-conference-est","13":"tag-conference-ouest","14":"tag-direct","15":"tag-f1","16":"tag-formula-1","17":"tag-formula1","18":"tag-formule-1","19":"tag-formule1","20":"tag-fr","21":"tag-france","22":"tag-golden-state","23":"tag-jazz","24":"tag-lakers","25":"tag-mvp","26":"tag-photos","27":"tag-playoffs","28":"tag-resultats","29":"tag-sports","30":"tag-spurs","31":"tag-statistiques","32":"tag-stats","33":"tag-trades"},"share_on_mastodon":{"url":"https:\/\/pubeurope.com\/@fr\/114541733045272981","error":""},"_links":{"self":[{"href":"https:\/\/www.europesays.com\/fr\/wp-json\/wp\/v2\/posts\/115021","targetHints":{"allow":["GET"]}}],"collection":[{"href":"https:\/\/www.europesays.com\/fr\/wp-json\/wp\/v2\/posts"}],"about":[{"href":"https:\/\/www.europesays.com\/fr\/wp-json\/wp\/v2\/types\/post"}],"author":[{"embeddable":true,"href":"https:\/\/www.europesays.com\/fr\/wp-json\/wp\/v2\/users\/2"}],"replies":[{"embeddable":true,"href":"https:\/\/www.europesays.com\/fr\/wp-json\/wp\/v2\/comments?post=115021"}],"version-history":[{"count":0,"href":"https:\/\/www.europesays.com\/fr\/wp-json\/wp\/v2\/posts\/115021\/revisions"}],"wp:featuredmedia":[{"embeddable":true,"href":"https:\/\/www.europesays.com\/fr\/wp-json\/wp\/v2\/media\/115022"}],"wp:attachment":[{"href":"https:\/\/www.europesays.com\/fr\/wp-json\/wp\/v2\/media?parent=115021"}],"wp:term":[{"taxonomy":"category","embeddable":true,"href":"https:\/\/www.europesays.com\/fr\/wp-json\/wp\/v2\/categories?post=115021"},{"taxonomy":"post_tag","embeddable":true,"href":"https:\/\/www.europesays.com\/fr\/wp-json\/wp\/v2\/tags?post=115021"}],"curies":[{"name":"wp","href":"https:\/\/api.w.org\/{rel}","templated":true}]}}