{"id":1150260,"date":"2026-08-26T15:51:22","date_gmt":"2026-08-26T15:51:22","guid":{"rendered":"https:\/\/www.europesays.com\/fr\/1150260\/"},"modified":"2026-08-26T15:51:22","modified_gmt":"2026-08-26T15:51:22","slug":"dommartin-sous-amance-voirie-videoprotection-et-reseau-electrique-les-dossiers-de-la-rentree","status":"publish","type":"post","link":"https:\/\/www.europesays.com\/fr\/1150260\/","title":{"rendered":"Dommartin-sous-Amance. Voirie, vid\u00e9oprotection et r\u00e9seau \u00e9lectrique\u00a0: les dossiers de la rentr\u00e9e"},"content":{"rendered":"<p>Apr\u00e8s la pause estivale, les projets et dossiers en cours reprennent leur place dans l\u2019agenda municipal. Dominique Mathey, maire de Dommartin-sous-Amance, doit prochainement r\u00e9unir les \u00e9lus pour faire le point sur plusieurs sujets qui concernent directement la commune.<\/p>\n<p>Le trottoir vers le cimeti\u00e8re sur la D37<\/p>\n<p>Parmi eux figure l\u2019am\u00e9nagement d\u2019un trottoir le long de la D37, en direction du cimeti\u00e8re, qui reste en attente. Le conseil d\u00e9partemental, la&#8230;<\/p>\n","protected":false},"excerpt":{"rendered":"Apr\u00e8s la pause estivale, les projets et dossiers en cours reprennent leur place dans l\u2019agenda municipal. Dominique Mathey,&hellip;\n","protected":false},"author":2,"featured_media":1150261,"comment_status":"","ping_status":"","sticky":false,"template":"","format":"standard","meta":{"footnotes":"","_share_on_mastodon":"0"},"categories":[9635],"tags":[1111,11,12080,20383,1704,1777,674,1011,27,775,1702,12,316,25],"class_list":["post-1150260","post","type-post","status-publish","format-standard","has-post-thumbnail","category-nancy","tag-actu","tag-actualites","tag-cc-de-seille-et-grand-couronne-54b","tag-dommartin-sous-amance","tag-edition-nancy-et-agglomeration","tag-eu","tag-europe","tag-fr","tag-france","tag-grand-est","tag-nancy","tag-news","tag-politique","tag-republique-francaise"],"share_on_mastodon":{"url":"https:\/\/pubeurope.com\/@fr\/117162612399135081","error":""},"_links":{"self":[{"href":"https:\/\/www.europesays.com\/fr\/wp-json\/wp\/v2\/posts\/1150260","targetHints":{"allow":["GET"]}}],"collection":[{"href":"https:\/\/www.europesays.com\/fr\/wp-json\/wp\/v2\/posts"}],"about":[{"href":"https:\/\/www.europesays.com\/fr\/wp-json\/wp\/v2\/types\/post"}],"author":[{"embeddable":true,"href":"https:\/\/www.europesays.com\/fr\/wp-json\/wp\/v2\/users\/2"}],"replies":[{"embeddable":true,"href":"https:\/\/www.europesays.com\/fr\/wp-json\/wp\/v2\/comments?post=1150260"}],"version-history":[{"count":0,"href":"https:\/\/www.europesays.com\/fr\/wp-json\/wp\/v2\/posts\/1150260\/revisions"}],"wp:featuredmedia":[{"embeddable":true,"href":"https:\/\/www.europesays.com\/fr\/wp-json\/wp\/v2\/media\/1150261"}],"wp:attachment":[{"href":"https:\/\/www.europesays.com\/fr\/wp-json\/wp\/v2\/media?parent=1150260"}],"wp:term":[{"taxonomy":"category","embeddable":true,"href":"https:\/\/www.europesays.com\/fr\/wp-json\/wp\/v2\/categories?post=1150260"},{"taxonomy":"post_tag","embeddable":true,"href":"https:\/\/www.europesays.com\/fr\/wp-json\/wp\/v2\/tags?post=1150260"}],"curies":[{"name":"wp","href":"https:\/\/api.w.org\/{rel}","templated":true}]}}