{"id":115029,"date":"2025-05-20T19:12:15","date_gmt":"2025-05-20T19:12:15","guid":{"rendered":"https:\/\/www.europesays.com\/fr\/115029\/"},"modified":"2025-05-20T19:12:15","modified_gmt":"2025-05-20T19:12:15","slug":"mubi-et-le-centre-pompidou-celebrent-le-cinema-experimental-dans-un-livre","status":"publish","type":"post","link":"https:\/\/www.europesays.com\/fr\/115029\/","title":{"rendered":"Mubi et le Centre Pompidou c\u00e9l\u00e8brent le cin\u00e9ma exp\u00e9rimental dans un livre"},"content":{"rendered":"<p class=\"editor-content__paragraph\">Le<strong> cin\u00e9ma<\/strong> n\u2019est pas qu\u2019une affaire d\u2019images mais aussi de mots. <strong>G\u00e9n\u00e9riques, sous-titres<\/strong>\u2026 Un film se regarde autant qu\u2019il se lit, et pourtant ces \u00e9l\u00e9ments textuels sont bien souvent peu consid\u00e9r\u00e9s, sinon n\u00e9glig\u00e9s.<\/p>\n<p class=\"editor-content__paragraph\">Cette <strong>relation singuli\u00e8re<\/strong>, pas toujours \u00e9vidente et n\u00e9anmoins essentielle entre le 7e art et le verbe est au c\u0153ur du livre <strong>Read Frame Type Film<\/strong>, qui para\u00eet ce 22\u00a0mai<strong> aux \u00e9ditions Mubi<\/strong>. Un superbe objet \u00e9ditorial n\u00e9 d\u2019une collaboration avec un prestigieux mus\u00e9e.<\/p>\n<p>24\u00a0films de la collection du Centre Pompidou<\/p>\n<p class=\"editor-content__paragraph\">La <strong>plateforme de streaming<\/strong> bien connue des cin\u00e9philes du monde entier (qui \u0153uvre aussi \u00e0 la production et \u00e0 la distribution de films) a en effet d\u00e9cid\u00e9 de s\u2019associer pour cette premi\u00e8re parution au <strong>Centre Pompidou<\/strong>\u00a0et met en lumi\u00e8re <strong>24\u00a0films extraits de sa collection<\/strong> \u2013 comme les 24\u00a0images par seconde projet\u00e9es sur les \u00e9crans de cin\u00e9ma.<\/p>\n<p>    <img loading=\"lazy\" decoding=\"async\" class=\"image__img\" src=\"https:\/\/www.europesays.com\/fr\/wp-content\/uploads\/2025\/05\/webmubi-editions-read-frame-type-film-inside-spread-964x643.jpg\" alt=\"Read Frame Type Film, collaboration entre MUBI et le Centre Pompidou\" width=\"964\" height=\"643\"\/><\/p>\n<p>Read Frame Type Film, collaboration entre MUBI et le Centre Pompidou<\/p>\n<p>    i<\/p>\n<p class=\"editor-content__paragraph\">Un peu \u00e0 la mani\u00e8re d\u2019un dialogue de film, le conservateur Enrico Camporesi, l\u2019historienne du design Catherine de Smet et le designer Philippe Millot \u00e9changent (en anglais)<strong> leurs analyses sur chacune des \u0153uvres<\/strong> qui sont pour la plupart issues du cin\u00e9ma d\u2019auteur ou exp\u00e9rimental. Leurs r\u00e9flexions sont<strong> illustr\u00e9es par des photographies<\/strong> de bandes de films analogiques, sp\u00e9cialement r\u00e9alis\u00e9es pour l\u2019occasion.<\/p>\n<p>        \u00c0 lire aussi :<br \/>\n        <a class=\"renvoi-explicite__link\" href=\"https:\/\/www.beauxarts.com\/lifestyle\/christine-angot-elsa-sahal-copenhague-artistique-4-livres-pour-voyager\/\" target=\"_blank\" rel=\"noopener\">Christine Angot, Elsa Sahal, Copenhague artistique : 4 livres qui nous ont fait chavirer<\/a><\/p>\n<p>Marcel Duchamp, Man Ray, Yvonne Rainer<\/p>\n<p class=\"editor-content__paragraph\">Au fil des pages se succ\u00e8dent ainsi<strong> quelques grands noms des avant-gardes internationales<\/strong>, \u00e0 commencer par <a href=\"https:\/\/www.beauxarts.com\/grand-format\/marcel-duchamp-en-trois-minutes\/\" target=\"_blank\" rel=\"noopener\">Marcel Duchamp<\/a>, <a href=\"https:\/\/www.beauxarts.com\/grand-format\/man-ray-en-2-minutes\/\" target=\"_blank\" rel=\"noopener\">Man Ray<\/a>, L\u00e1szl\u00f3 Moholy-Nagy, Marcel Broodthaers, Yvonne Rainer\u2026 De 1924 \u00e0 1984, Read Frame Type Film t\u00e9moigne de<strong> l\u2019infinie richesse typographique du cin\u00e9ma<\/strong> et du r\u00f4le primordial du texte \u00e0 l\u2019\u00e9cran. Un rappel essentiel \u00e0 l\u2019heure o\u00f9 le festival de Cannes bat son plein sur la Croisette.<\/p>\n<p>        \u00c0 lire aussi :<br \/>\n        <a class=\"renvoi-explicite__link\" href=\"https:\/\/www.beauxarts.com\/lifestyle\/5-films-sur-lart-primes-au-festival-de-cannes\/\" target=\"_blank\" rel=\"noopener\">5 films sur l\u2019art prim\u00e9s au festival de Cannes<\/a><\/p>\n<p>  Arrow<\/p>\n<p>Read Frame Type Film<\/p>\n<p class=\"annexe-content__subtitle\">Par Enrico Camporesi, Catherine de Smet et Philippe Millot<\/p>\n<p><a href=\"https:\/\/mubieditions.com\/products\/read-frame-type-film\" target=\"_blank\" rel=\"noopener\">\u00c9d. Mubi \u2022 180 p. \u2022 55 \u20ac<\/a><\/p>\n","protected":false},"excerpt":{"rendered":"Le cin\u00e9ma n\u2019est pas qu\u2019une affaire d\u2019images mais aussi de mots. G\u00e9n\u00e9riques, sous-titres\u2026 Un film se regarde autant&hellip;\n","protected":false},"author":2,"featured_media":115030,"comment_status":"","ping_status":"","sticky":false,"template":"","format":"standard","meta":{"footnotes":""},"categories":[1357],"tags":[1379,3401,650,58,59,1011,27,1380],"class_list":{"0":"post-115029","1":"post","2":"type-post","3":"status-publish","4":"format-standard","5":"has-post-thumbnail","7":"category-livres","8":"tag-books","9":"tag-centre-georges-pompidou","10":"tag-cinema","11":"tag-divertissement","12":"tag-entertainment","13":"tag-fr","14":"tag-france","15":"tag-livres"},"share_on_mastodon":{"url":"https:\/\/pubeurope.com\/@fr\/114541752825651602","error":""},"_links":{"self":[{"href":"https:\/\/www.europesays.com\/fr\/wp-json\/wp\/v2\/posts\/115029","targetHints":{"allow":["GET"]}}],"collection":[{"href":"https:\/\/www.europesays.com\/fr\/wp-json\/wp\/v2\/posts"}],"about":[{"href":"https:\/\/www.europesays.com\/fr\/wp-json\/wp\/v2\/types\/post"}],"author":[{"embeddable":true,"href":"https:\/\/www.europesays.com\/fr\/wp-json\/wp\/v2\/users\/2"}],"replies":[{"embeddable":true,"href":"https:\/\/www.europesays.com\/fr\/wp-json\/wp\/v2\/comments?post=115029"}],"version-history":[{"count":0,"href":"https:\/\/www.europesays.com\/fr\/wp-json\/wp\/v2\/posts\/115029\/revisions"}],"wp:featuredmedia":[{"embeddable":true,"href":"https:\/\/www.europesays.com\/fr\/wp-json\/wp\/v2\/media\/115030"}],"wp:attachment":[{"href":"https:\/\/www.europesays.com\/fr\/wp-json\/wp\/v2\/media?parent=115029"}],"wp:term":[{"taxonomy":"category","embeddable":true,"href":"https:\/\/www.europesays.com\/fr\/wp-json\/wp\/v2\/categories?post=115029"},{"taxonomy":"post_tag","embeddable":true,"href":"https:\/\/www.europesays.com\/fr\/wp-json\/wp\/v2\/tags?post=115029"}],"curies":[{"name":"wp","href":"https:\/\/api.w.org\/{rel}","templated":true}]}}