{"id":1150402,"date":"2026-08-26T17:27:13","date_gmt":"2026-08-26T17:27:13","guid":{"rendered":"https:\/\/www.europesays.com\/fr\/1150402\/"},"modified":"2026-08-26T17:27:13","modified_gmt":"2026-08-26T17:27:13","slug":"les-espoirs-du-rc-vannes-vont-disputer-deux-matchs-a-la-rabine-dont-un-le-meme-jour-que-le-rcv-toulouse-a-rennes","status":"publish","type":"post","link":"https:\/\/www.europesays.com\/fr\/1150402\/","title":{"rendered":"Les espoirs du RC Vannes vont disputer deux matchs \u00e0 La Rabine, dont un le m\u00eame jour que le RCV &#8211; Toulouse \u00e0 Rennes"},"content":{"rendered":"<p>Les fans du <a href=\"https:\/\/www.letelegramme.fr\/sports\/rugby\/rc-vannes\/\" target=\"_blank\" rel=\"nofollow noopener\">RC Vannes<\/a> vont \u00eatre servis le samedi 19 septembre ! Ils pourraient en effet voir deux matchs le m\u00eame jour.<\/p>\n<p>Les espoirs du RCV, promus en \u00e9lite cette saison, disputeront leur premier match \u00e0 domicile \u00e0 La Rabine, \u00e0 14 h. Le club morbihannais a d\u2019ailleurs d\u00e9j\u00e0 mis en vente les places, allant de 3 \u00e0 12 \u20ac, sur <a href=\"https:\/\/billetterie.rcvannes.bzh\/fr\/product\/699\" target=\"_blank\" rel=\"nofollow noopener\">sa billetterie<\/a>. Quelques heures plus tard, le choc de Top 14 entre le RCV et le Stade Toulousain, programm\u00e9 \u00e0 21 h, <a href=\"https:\/\/www.letelegramme.fr\/sports\/rugby\/rc-vannes\/rc-vannes-stade-toulousain-se-jouera-officiellement-au-roazhon-park-de-rennes-en-top-14-7099653.php\" target=\"_blank\" rel=\"nofollow noopener\">aura lieu au Roazhon Park de Rennes<\/a>.<\/p>\n<p>Deux matchs \u00e0 La Rabine<\/p>\n<p>Il s\u2019agira du deuxi\u00e8me match de la saison des jeunes Vannetais qui lanceront leur campagne \u00e0 Nevers le samedi pr\u00e9c\u00e9dent. S\u2019ils \u00e9voluent habituellement \u00e0 Jo-Courtel pour leurs matchs \u00e0 domicile, ils avaient d\u00e9j\u00e0 disput\u00e9 un match \u00e0 La Rabine, <a href=\"https:\/\/www.letelegramme.fr\/sports\/rugby\/rc-vannes\/devant-pres-de-4-000-spectateurs-a-la-rabine-les-espoirs-du-rc-vannes-perdent-le-choc-contre-le-stade-francais-6792690.php\" target=\"_blank\" rel=\"nofollow noopener\">face au Stade Fran\u00e7ais en avril 2025<\/a>, devant pr\u00e8s de 4 000 spectateurs. Et cette ann\u00e9e, ils en joueront m\u00eame deux puisque la rencontre Vannes &#8211; Rouen, samedi 10 octobre, se jouera aussi \u00e0 La Rabine.<\/p>\n<p>Le temps des travaux au Stade Jo Courtel, les espoirs joueront aussi la r\u00e9ception de Nevers, samedi 24 octobre, \u00e0 Auray.<\/p>\n","protected":false},"excerpt":{"rendered":"Les fans du RC Vannes vont \u00eatre servis le samedi 19 septembre ! Ils pourraient en effet voir&hellip;\n","protected":false},"author":2,"featured_media":1150403,"comment_status":"","ping_status":"","sticky":false,"template":"","format":"standard","meta":{"footnotes":"","_share_on_mastodon":"0"},"categories":[2821],"tags":[1111,11,829,1777,674,1011,27,12,3164,584,25,479,60],"class_list":["post-1150402","post","type-post","status-publish","format-standard","has-post-thumbnail","category-rennes","tag-actu","tag-actualites","tag-bretagne","tag-eu","tag-europe","tag-fr","tag-france","tag-news","tag-rc-vannes","tag-rennes","tag-republique-francaise","tag-rugby","tag-sports"],"share_on_mastodon":{"url":"https:\/\/pubeurope.com\/@fr\/117162990404036639","error":""},"_links":{"self":[{"href":"https:\/\/www.europesays.com\/fr\/wp-json\/wp\/v2\/posts\/1150402","targetHints":{"allow":["GET"]}}],"collection":[{"href":"https:\/\/www.europesays.com\/fr\/wp-json\/wp\/v2\/posts"}],"about":[{"href":"https:\/\/www.europesays.com\/fr\/wp-json\/wp\/v2\/types\/post"}],"author":[{"embeddable":true,"href":"https:\/\/www.europesays.com\/fr\/wp-json\/wp\/v2\/users\/2"}],"replies":[{"embeddable":true,"href":"https:\/\/www.europesays.com\/fr\/wp-json\/wp\/v2\/comments?post=1150402"}],"version-history":[{"count":0,"href":"https:\/\/www.europesays.com\/fr\/wp-json\/wp\/v2\/posts\/1150402\/revisions"}],"wp:featuredmedia":[{"embeddable":true,"href":"https:\/\/www.europesays.com\/fr\/wp-json\/wp\/v2\/media\/1150403"}],"wp:attachment":[{"href":"https:\/\/www.europesays.com\/fr\/wp-json\/wp\/v2\/media?parent=1150402"}],"wp:term":[{"taxonomy":"category","embeddable":true,"href":"https:\/\/www.europesays.com\/fr\/wp-json\/wp\/v2\/categories?post=1150402"},{"taxonomy":"post_tag","embeddable":true,"href":"https:\/\/www.europesays.com\/fr\/wp-json\/wp\/v2\/tags?post=1150402"}],"curies":[{"name":"wp","href":"https:\/\/api.w.org\/{rel}","templated":true}]}}