{"id":1150406,"date":"2026-08-26T17:29:21","date_gmt":"2026-08-26T17:29:21","guid":{"rendered":"https:\/\/www.europesays.com\/fr\/1150406\/"},"modified":"2026-08-26T17:29:21","modified_gmt":"2026-08-26T17:29:21","slug":"alsace-la-direction-des-trois-ehpad-depios-bientot-confiee-aux-hopitaux-universitaires-de-strasbourg","status":"publish","type":"post","link":"https:\/\/www.europesays.com\/fr\/1150406\/","title":{"rendered":"Alsace. La direction des trois Ehpad d\u2019Epios bient\u00f4t confi\u00e9e aux H\u00f4pitaux universitaires de Strasbourg"},"content":{"rendered":"<p>Confront\u00e9s depuis de nombreux mois \u00e0 une situation d\u00e9crite comme \u00ab\u00a0in\u00e9dite\u00a0\u00bb, du fait de l\u2019absence prolong\u00e9e de leur directrice titulaire pour des raisons de sant\u00e9, trois Ehpad de l\u2019Eurom\u00e9tropole ont \u00e9t\u00e9 plac\u00e9s le 17\u00a0juillet sous la direction par int\u00e9rim des H\u00f4pitaux universitaires de Strasbourg (HUS). Une d\u00e9cision prise afin \u00ab\u00a0d\u2019\u00e9viter toute rupture de gouvernance et permettre\u00a0\u00bb \u00e0 l\u2019\u00c9tablissement public intercommunal ouest Strasbourg (Epios), qui les regroupe, de \u00ab\u00a0poursuivre ses activit\u00e9s dans les meilleures conditions\u00a0\u00bb, confirme l\u2019Agence r\u00e9gionale de sant\u00e9 du Grand Est.<\/p>\n<p>  Vote le 7\u00a0septembre<\/p>\n<p>Selon une information de <a href=\"https:\/\/www.rue89strasbourg.com\/hopitaux-strasbourg-direction-trois-ehpad-difficulte-395173?share=1097d33e-3590-4a67-a27e-fd829c8f6833&amp;utm_source=sharing&amp;utm_medium=email&amp;utm_campaign=free_share\" target=\"_blank\" rel=\"nofollow noopener\">Rue 89 Strasbourg<\/a>, que\u00a0nous avons pu confirmer, cette d\u00e9l\u00e9gation de direction devrait \u00eatre p\u00e9rennis\u00e9e. Elle sera soumise au vote du conseil d\u2019administration <a href=\"https:\/\/www.dna.fr\/politique\/2022\/07\/08\/trois-ehpad-reunis-au-sein-de-l-epios-fraichement-inaugure\" target=\"_blank\" rel=\"nofollow noopener\">d\u2019Epios<\/a> le 7\u00a0septembre. Apr\u00e8s un appui manag\u00e9rial assur\u00e9 par un cabinet sp\u00e9cialis\u00e9 du 21\u00a0octobre 2024 au 17\u00a0juillet 2026, puis une direction par int\u00e9rim depuis, l\u2019Ehpad public de Geispolsheim, la r\u00e9sidence Au fil de l\u2019eau de Wolfisheim et celle du Parc \u00e0 Lingolsheim devraient ainsi retrouver de la stabilit\u00e9. \u00ab\u00a0\u00c7a nous permettra de b\u00e9n\u00e9ficier de l\u2019expertise des HUS sur le recrutement du personnel, mais aussi sur le circuit des m\u00e9dicaments, la gestion, le suivi et l\u2019entretien de nos b\u00e2timents\u00a0\u00bb, pr\u00e9cise\u00a0Gildas Le Scouezec, le pr\u00e9sident du conseil d\u2019administration d\u2019Epios.<\/p>\n<p>Les services des HUS soulignent de leur c\u00f4t\u00e9 que cette gouvernance coordonn\u00e9e permettrait \u00ab\u00a0de d\u00e9velopper les compl\u00e9mentarit\u00e9s entre les secteurs sanitaire et m\u00e9dico-social, notamment en mati\u00e8re de parcours de soins des personnes \u00e2g\u00e9es\u00a0\u00bb.<\/p>\n","protected":false},"excerpt":{"rendered":"Confront\u00e9s depuis de nombreux mois \u00e0 une situation d\u00e9crite comme \u00ab\u00a0in\u00e9dite\u00a0\u00bb, du fait de l\u2019absence prolong\u00e9e de leur&hellip;\n","protected":false},"author":2,"featured_media":1150407,"comment_status":"","ping_status":"","sticky":false,"template":"","format":"standard","meta":{"footnotes":"","_share_on_mastodon":"0"},"categories":[2820],"tags":[1111,11,2389,2649,2880,1777,674,107,1011,27,775,12,25,71,640,2879],"class_list":["post-1150406","post","type-post","status-publish","format-standard","has-post-thumbnail","category-strasbourg","tag-actu","tag-actualites","tag-alsace","tag-bas-rhin","tag-edition-strasbourg","tag-eu","tag-europe","tag-fil-info","tag-fr","tag-france","tag-grand-est","tag-news","tag-republique-francaise","tag-sante","tag-strasbourg","tag-strasbourg-ville"],"share_on_mastodon":{"url":"https:\/\/pubeurope.com\/@fr\/117162997630957647","error":""},"_links":{"self":[{"href":"https:\/\/www.europesays.com\/fr\/wp-json\/wp\/v2\/posts\/1150406","targetHints":{"allow":["GET"]}}],"collection":[{"href":"https:\/\/www.europesays.com\/fr\/wp-json\/wp\/v2\/posts"}],"about":[{"href":"https:\/\/www.europesays.com\/fr\/wp-json\/wp\/v2\/types\/post"}],"author":[{"embeddable":true,"href":"https:\/\/www.europesays.com\/fr\/wp-json\/wp\/v2\/users\/2"}],"replies":[{"embeddable":true,"href":"https:\/\/www.europesays.com\/fr\/wp-json\/wp\/v2\/comments?post=1150406"}],"version-history":[{"count":0,"href":"https:\/\/www.europesays.com\/fr\/wp-json\/wp\/v2\/posts\/1150406\/revisions"}],"wp:featuredmedia":[{"embeddable":true,"href":"https:\/\/www.europesays.com\/fr\/wp-json\/wp\/v2\/media\/1150407"}],"wp:attachment":[{"href":"https:\/\/www.europesays.com\/fr\/wp-json\/wp\/v2\/media?parent=1150406"}],"wp:term":[{"taxonomy":"category","embeddable":true,"href":"https:\/\/www.europesays.com\/fr\/wp-json\/wp\/v2\/categories?post=1150406"},{"taxonomy":"post_tag","embeddable":true,"href":"https:\/\/www.europesays.com\/fr\/wp-json\/wp\/v2\/tags?post=1150406"}],"curies":[{"name":"wp","href":"https:\/\/api.w.org\/{rel}","templated":true}]}}