{"id":115041,"date":"2025-05-20T19:18:08","date_gmt":"2025-05-20T19:18:08","guid":{"rendered":"https:\/\/www.europesays.com\/fr\/115041\/"},"modified":"2025-05-20T19:18:08","modified_gmt":"2025-05-20T19:18:08","slug":"le-mardi-cest-permis-sur-les-marches-de-cannes","status":"publish","type":"post","link":"https:\/\/www.europesays.com\/fr\/115041\/","title":{"rendered":"le mardi, c\u2019est permis sur les marches de Cannes"},"content":{"rendered":"<p><strong>MONT\u00c9E DES MARCHES. JOUR 8. <\/strong>Ce mardi 20 mai, pour la projection du film Vie priv\u00e9e de Rebecca Zlotowski, les stars \u00e9taient au rendez-vous. Jodie Foster, Virginie Efira, Scarlett Johansson ou encore Adrien Brody ont fait briller la Croisette.<\/p>\n<p class=\"fig-paragraph\">Chic et argent\u00e9e, Jodie Foster s\u2019est pr\u00e9sent\u00e9e sur les marches du\u00a0<a href=\"http:\/\/madame.lefigaro.fr\/festival_de_cannes\" data-fig-type=\"Topic\" data-gtm-custom-categorie=\"navigation\" data-gtm-custom-action=\"crossclick\" data-gtm-custom-label=\"Contextuel\" data-gtm-event=\"customEventSPE\" data-fig-domain=\"MADAME\" target=\"_blank\" rel=\"noopener\">78e Festival de Cannes<\/a>. Ce mardi 20 mai, la Croisette a accueilli l\u2019\u00e9quipe du film Vie priv\u00e9e r\u00e9alis\u00e9 par Rebecca Zlotowski. Dans ce nouveau long-m\u00e9trage, la r\u00e9alisatrice raconte l\u2019histoire d\u2019une psychiatre,\u00a0<a href=\"http:\/\/madame.lefigaro.fr\/celebrites\/jodie-foster-pose-avec-son-fils-charlie-lors-d-une-rare-apparition-aux-sag-awards-2025-20250224\" data-fig-type=\"Article\" data-gtm-custom-categorie=\"navigation\" data-gtm-custom-action=\"crossclick\" data-gtm-custom-label=\"Contextuel\" data-gtm-event=\"customEventSPE\" data-fig-domain=\"MADAME\" target=\"_blank\" rel=\"noopener\">interpr\u00e9t\u00e9e par Jodie Foster<\/a>\u00a0donc, qui commence \u00e0 enqu\u00eater seule sur le meurtre d\u2019une de ses patientes. Une fois arriv\u00e9e devant le Palais des festivals, l\u2019actrice principale s\u2019est empress\u00e9e de rejoindre les fans pour signer quelques autographes. Tout comme Virginie Efira, aussi \u00e0 l\u2019affiche du film. Les deux actrices ont ensuite foul\u00e9 le tapis rouge retrouvant le reste du casting\u00a0: Daniel Auteuil, Vincent Lacoste, Fr\u00e9d\u00e9ric Jouve, Lu\u00e0na Bajrami, Sophie Guillemin ou encore Ir\u00e8ne Jacob.<\/p>\n<p class=\"fig-body-link&#10;    \">\n            \u00c0 lire aussi<br \/>\n        <a class=\"fig-body-link__link\" href=\"http:\/\/madame.lefigaro.fr\/celebrites\/actu-people\/l-homme-qui-valait-6-milliards-de-dollars-julian-assange-apparait-detendu-a-cannes-avec-sa-femme-stella-morris-20250520\" data-fig-type=\"Article\" data-gtm-custom-categorie=\"navigation\" data-gtm-custom-action=\"crossclick\" data-gtm-custom-label=\"Contextuel\" data-gtm-event=\"customEventSPE\" data-fig-domain=\"MADAME\" target=\"_blank\" rel=\"noopener\">\u00abL\u2019homme qui valait 6 milliards de dollars\u00bb\u00a0: Julian Assange appara\u00eet d\u00e9tendu \u00e0 Cannes avec sa femme Stella Morris<\/a>\n<\/p>\n<p>\u00a0\u00bb<br \/>\n        data-script=\u00a0\u00bbhttps:\/\/static.lefigaro.fr\/widget-video\/short-ttl\/video\/index.js\u00a0\u00bb<br \/>\n    &gt;<\/p>\n<p>Couple star<\/p>\n<p class=\"fig-paragraph\">Absente\u00a0<a href=\"http:\/\/madame.lefigaro.fr\/celebrites\/actu-people\/pourquoi-scarlett-johansson-star-du-film-de-wes-anderson-n-a-pas-monte-les-marches-de-cannes-dimanche-soir-20250518\" data-fig-type=\"Article\" data-gtm-custom-categorie=\"navigation\" data-gtm-custom-action=\"crossclick\" data-gtm-custom-label=\"Contextuel\" data-gtm-event=\"customEventSPE\" data-fig-domain=\"MADAME\" target=\"_blank\" rel=\"noopener\">le jour de la mont\u00e9e des marches de The Phoenician Scheme de Wes Anderson<\/a>, Scarlett Johansson semble s\u2019\u00eatre pr\u00e9serv\u00e9e pour son tapis rouge de r\u00e9alisatrice. Ce mardi 20 mai, elle \u00e9tait pr\u00e9sente \u00e0 l\u2019occasion de la projection de\u00a0<a href=\"http:\/\/madame.lefigaro.fr\/celebrites\/culture\/a-quoi-ressemble-le-premier-film-de-scarlett-johansson-20250520\" data-fig-type=\"Article\" data-gtm-custom-categorie=\"navigation\" data-gtm-custom-action=\"crossclick\" data-gtm-custom-label=\"Contextuel\" data-gtm-event=\"customEventSPE\" data-fig-domain=\"MADAME\" target=\"_blank\" rel=\"noopener\">son film, Eleonor The Great<\/a> . Si elle s\u2019est avanc\u00e9e avec l\u2019\u00e9quipe du long-m\u00e9trage, elle n\u2019a pas h\u00e9sit\u00e9 ensuite \u00e0 faire demi-tour, une fois en bas des marches, pour rejoindre son \u00e9poux, Colin Jost, devant les photographes qui criaient son nom. Autre couple c\u00e9l\u00e8bre sur les marches ce soir\u00a0: Adrien Brody oscaris\u00e9 pour son r\u00f4le dans The Brutalist de Brady Corbet et sa compagne Georgina Chapman, accessoirement ex-femme d\u2019Harvey Weinstein. Mais aussi James Franco, Eva Herzigova, Adriana Karembeu (sans Marc Lavoine), ou encore les pilotes de Formule 1, Esteban Ocon et Pierre Gasly. La mont\u00e9e des marches brillait \u00e0 nouveau en ce mardi 20 mai.<\/p>\n","protected":false},"excerpt":{"rendered":"MONT\u00c9E DES MARCHES. JOUR 8. Ce mardi 20 mai, pour la projection du film Vie priv\u00e9e de Rebecca&hellip;\n","protected":false},"author":2,"featured_media":115042,"comment_status":"","ping_status":"","sticky":false,"template":"","format":"standard","meta":{"footnotes":""},"categories":[8],"tags":[998,988,991,1000,993,58,994,59,992,5634,638,1011,27,997,977,999,989,11584,995,973,990,996],"class_list":{"0":"post-115041","1":"post","2":"type-post","3":"status-publish","4":"format-standard","5":"has-post-thumbnail","7":"category-divertissement","8":"tag-accessoire","9":"tag-actu-mode","10":"tag-actualite-mode","11":"tag-celebrites","12":"tag-defiles","13":"tag-divertissement","14":"tag-egerie-mode","15":"tag-entertainment","16":"tag-fashion-week","17":"tag-festival-de-cannes","18":"tag-figaro","19":"tag-fr","20":"tag-france","21":"tag-lingerie","22":"tag-madame","23":"tag-mode-fashion-femme","24":"tag-mode-femme","25":"tag-montee-des-marches","26":"tag-nouvelle-tendance","27":"tag-people","28":"tag-tendance-mode","29":"tag-vetement"},"share_on_mastodon":{"url":"https:\/\/pubeurope.com\/@fr\/114541776337589440","error":""},"_links":{"self":[{"href":"https:\/\/www.europesays.com\/fr\/wp-json\/wp\/v2\/posts\/115041","targetHints":{"allow":["GET"]}}],"collection":[{"href":"https:\/\/www.europesays.com\/fr\/wp-json\/wp\/v2\/posts"}],"about":[{"href":"https:\/\/www.europesays.com\/fr\/wp-json\/wp\/v2\/types\/post"}],"author":[{"embeddable":true,"href":"https:\/\/www.europesays.com\/fr\/wp-json\/wp\/v2\/users\/2"}],"replies":[{"embeddable":true,"href":"https:\/\/www.europesays.com\/fr\/wp-json\/wp\/v2\/comments?post=115041"}],"version-history":[{"count":0,"href":"https:\/\/www.europesays.com\/fr\/wp-json\/wp\/v2\/posts\/115041\/revisions"}],"wp:featuredmedia":[{"embeddable":true,"href":"https:\/\/www.europesays.com\/fr\/wp-json\/wp\/v2\/media\/115042"}],"wp:attachment":[{"href":"https:\/\/www.europesays.com\/fr\/wp-json\/wp\/v2\/media?parent=115041"}],"wp:term":[{"taxonomy":"category","embeddable":true,"href":"https:\/\/www.europesays.com\/fr\/wp-json\/wp\/v2\/categories?post=115041"},{"taxonomy":"post_tag","embeddable":true,"href":"https:\/\/www.europesays.com\/fr\/wp-json\/wp\/v2\/tags?post=115041"}],"curies":[{"name":"wp","href":"https:\/\/api.w.org\/{rel}","templated":true}]}}