{"id":1150430,"date":"2026-08-26T17:43:17","date_gmt":"2026-08-26T17:43:17","guid":{"rendered":"https:\/\/www.europesays.com\/fr\/1150430\/"},"modified":"2026-08-26T17:43:17","modified_gmt":"2026-08-26T17:43:17","slug":"ligue-1-racing-club-de-strasbourg-exclu-a-marseille-samir-el-mourabet-ecope-de-deux-matches-de-suspension-ferme","status":"publish","type":"post","link":"https:\/\/www.europesays.com\/fr\/1150430\/","title":{"rendered":"Ligue 1. Racing Club de Strasbourg\u00a0: exclu \u00e0 Marseille, Samir El Mourabet \u00e9cope de deux matches de suspension ferme"},"content":{"rendered":"<p>L\u2019international marocain (20 ans), dont c\u2019est le premier carton rouge en carri\u00e8re, a \u00e9cop\u00e9 de deux matches de suspension ferme pour son coup de pied balanc\u00e9 dans une jambe de Pierre-Emile Hojbjerg.<\/p>\n<p>  Absent contre Lens et \u00e0 Troyes<\/p>\n<p>L\u2019enfant de la Cit\u00e9 de l\u2019Ill va manquer comme pr\u00e9vu la r\u00e9ception de Lens ce samedi (17h15) et le d\u00e9placement le dimanche 6\u00a0septembre (15h) chez le promu troyen.<\/p>\n","protected":false},"excerpt":{"rendered":"L\u2019international marocain (20 ans), dont c\u2019est le premier carton rouge en carri\u00e8re, a \u00e9cop\u00e9 de deux matches de&hellip;\n","protected":false},"author":2,"featured_media":1150431,"comment_status":"","ping_status":"","sticky":false,"template":"","format":"standard","meta":{"footnotes":"","_share_on_mastodon":"0"},"categories":[2814],"tags":[328,1111,11,2389,2649,1777,674,1701,63,1011,27,7020,884,12,882,41281,25,517,640],"class_list":["post-1150430","post","type-post","status-publish","format-standard","has-post-thumbnail","category-marseille","tag-a-la-une","tag-actu","tag-actualites","tag-alsace","tag-bas-rhin","tag-eu","tag-europe","tag-fil-info-sport","tag-football","tag-fr","tag-france","tag-ligue-1-football","tag-marseille","tag-news","tag-provence-alpes-cote-dazur","tag-racing-club-strasbourg-masculin","tag-republique-francaise","tag-sport","tag-strasbourg"],"share_on_mastodon":{"url":"https:\/\/pubeurope.com\/@fr\/117163052808587829","error":""},"_links":{"self":[{"href":"https:\/\/www.europesays.com\/fr\/wp-json\/wp\/v2\/posts\/1150430","targetHints":{"allow":["GET"]}}],"collection":[{"href":"https:\/\/www.europesays.com\/fr\/wp-json\/wp\/v2\/posts"}],"about":[{"href":"https:\/\/www.europesays.com\/fr\/wp-json\/wp\/v2\/types\/post"}],"author":[{"embeddable":true,"href":"https:\/\/www.europesays.com\/fr\/wp-json\/wp\/v2\/users\/2"}],"replies":[{"embeddable":true,"href":"https:\/\/www.europesays.com\/fr\/wp-json\/wp\/v2\/comments?post=1150430"}],"version-history":[{"count":0,"href":"https:\/\/www.europesays.com\/fr\/wp-json\/wp\/v2\/posts\/1150430\/revisions"}],"wp:featuredmedia":[{"embeddable":true,"href":"https:\/\/www.europesays.com\/fr\/wp-json\/wp\/v2\/media\/1150431"}],"wp:attachment":[{"href":"https:\/\/www.europesays.com\/fr\/wp-json\/wp\/v2\/media?parent=1150430"}],"wp:term":[{"taxonomy":"category","embeddable":true,"href":"https:\/\/www.europesays.com\/fr\/wp-json\/wp\/v2\/categories?post=1150430"},{"taxonomy":"post_tag","embeddable":true,"href":"https:\/\/www.europesays.com\/fr\/wp-json\/wp\/v2\/tags?post=1150430"}],"curies":[{"name":"wp","href":"https:\/\/api.w.org\/{rel}","templated":true}]}}