{"id":115046,"date":"2025-05-20T19:21:11","date_gmt":"2025-05-20T19:21:11","guid":{"rendered":"https:\/\/www.europesays.com\/fr\/115046\/"},"modified":"2025-05-20T19:21:11","modified_gmt":"2025-05-20T19:21:11","slug":"lue-va-reexaminer-son-accord-dassociation-avec-israel-de-nouveaux-camions-daide-a-gaza-reconnaissance-de-la-palestine-lactu-du-conflit-a-gaza-ce-mardi-20","status":"publish","type":"post","link":"https:\/\/www.europesays.com\/fr\/115046\/","title":{"rendered":"L\u2019UE va r\u00e9examiner son accord d\u2019association avec Isra\u00ebl, de nouveaux camions d\u2019aide \u00e0 Gaza, reconnaissance de la Palestine\u2026 L\u2019actu du conflit \u00e0 Gaza ce mardi 20\u00a0mai \u2013 Lib\u00e9ration"},"content":{"rendered":"<p class=\"sc-ksZaOG ehjQrN text-element\">L\u2019Union europ\u00e9enne va lancer un r\u00e9examen de son accord d\u2019association avec Isra\u00ebl \u00e0 la lumi\u00e8re des derni\u00e8res \u00e9v\u00e9nements \u00e0 Gaza, a annonc\u00e9 ce mardi la cheffe de la diplomatie europ\u00e9enne <a href=\"https:\/\/www.liberation.fr\/international\/europe\/kaja-kallas-une-femme-venue-de-lest-pour-diriger-la-diplomatie-de-lue-20240627_GPA5FK5BOBECDIPEOUG3V7HASA\/\" target=\"_blank\" rel=\"nofollow noopener\" title=\"https:\/\/www.liberation.fr\/international\/europe\/kaja-kallas-une-femme-venue-de-lest-pour-diriger-la-diplomatie-de-lue-20240627_GPA5FK5BOBECDIPEOUG3V7HASA\/\">Kaja Kallas<\/a>. \u00abIl existe une forte majorit\u00e9 en faveur du r\u00e9examen de l\u2019article 2 (sur le respect des droits humains) de notre accord d\u2019association avec Isra\u00ebl. Nous allons donc nous lancer dans cet exercice\u00bb, a-t-elle soulign\u00e9 \u00e0 l\u2019issue d\u2019une r\u00e9union des ministres des Affaires \u00e9trang\u00e8res de l\u2019UE \u00e0 Bruxelles.<\/p>\n<p class=\"sc-ksZaOG ehjQrN text-element\">Sign\u00e9 entre l\u2019Union europ\u00e9enne et Isra\u00ebl en 1995, et entr\u00e9 en vigueur en 2000, ce trait\u00e9 d\u2019association pr\u00e9voit non seulement un dialogue politique, mais \u00e9galement la lib\u00e9ralisation des \u00e9changes commerciaux. De quoi faire de l\u2019UE le premier partenaire commercial de l\u2019Etat h\u00e9breu. Progressivement, cet accord a \u00e9t\u00e9 \u00e9largi, int\u00e9grant Isra\u00ebl \u00e0 plusieurs politiques communautaires en mati\u00e8re de recherche ou de mobilit\u00e9 \u00e9tudiante, tel que le programme Erasmus.<\/p>\n<p class=\"sc-ksZaOG ehjQrN text-element\">Isra\u00ebl a annonc\u00e9 l\u2019entr\u00e9e mardi de 93 camions d\u2019aide humanitaire de l\u2019ONU dans la bande de Gaza assi\u00e9g\u00e9e et d\u00e9vast\u00e9e par la guerre. \u00ab93 camions de l\u2019ONU transportant de l\u2019aide, dont de la farine pour les boulangeries, de la nourriture pour b\u00e9b\u00e9s, du mat\u00e9riel m\u00e9dical et des m\u00e9dicaments \u2014 ont travers\u00e9 aujourd\u2019hui le point de passage de Kerem Shalom vers Gaza\u00bb, affirme dans un communiqu\u00e9 le Cogat, un organisme du minist\u00e8re de la D\u00e9fense.<\/p>\n<p class=\"sc-ksZaOG ehjQrN text-element\">David Lammy, le secr\u00e9taire d\u2019Etat aux Affaires \u00e9trang\u00e8res du Royaume-Uni, a annonc\u00e9 cet apr\u00e8s-midi la suspension des n\u00e9gociations avec Isra\u00ebl sur un accord de libre-\u00e9change. Dans la foul\u00e9e, des sanctions visant les colons isra\u00e9liens pour des violences commises en Cisjordanie ont \u00e9t\u00e9 d\u00e9cid\u00e9es par les gouvernement britannique. Tzipi Hotovely, l\u2019ambassadrice d\u2019Isra\u00ebl au Royaume-Uni, a \u00e9galement \u00e9t\u00e9 convoqu\u00e9e par Londres. En r\u00e9action, Isra\u00ebl a assur\u00e9 rester insensibles aux \u00abpressions ext\u00e9rieures\u00bb.<\/p>\n<p class=\"sc-ksZaOG ehjQrN text-element\">Enfin <a href=\"https:\/\/www.liberation.fr\/politique\/reconnaissance-dun-etat-palestinien-par-la-france-la-gauche-sen-rejouit-lextreme-droite-sinsurge-20250410_WXNWLYM2VJC7TKZW4XP5YP76TI\/\" target=\"_blank\" rel=\"noreferrer nofollow noopener\" title=\"https:\/\/www.liberation.fr\/politique\/reconnaissance-dun-etat-palestinien-par-la-france-la-gauche-sen-rejouit-lextreme-droite-sinsurge-20250410_WXNWLYM2VJC7TKZW4XP5YP76TI\/\">une reconnaissance<\/a> d\u2019un Etat palestinien ? Au micro de France Inter ce mardi matin, le ministre des Affaires \u00e9trang\u00e8res, <a href=\"https:\/\/www.liberation.fr\/international\/jean-noel-barrot-prend-la-tete-du-ministere-de-leurope-et-des-affaires-etrangeres-a-la-suite-de-stephane-sejourne-20240921_HUSRVFBV2NH4NLUF7GYX4LQQRY\/\" target=\"_blank\" rel=\"noreferrer nofollow noopener\" title=\"https:\/\/www.liberation.fr\/international\/jean-noel-barrot-prend-la-tete-du-ministere-de-leurope-et-des-affaires-etrangeres-a-la-suite-de-stephane-sejourne-20240921_HUSRVFBV2NH4NLUF7GYX4LQQRY\/\">Jean-No\u00ebl Barrot<\/a>, a assur\u00e9 que la France travaillait sur le dossier. \u00abOn ne peut pas laisser aux enfants de Gaza en h\u00e9ritage la violence et la haine. Donc il faut que tout cela cesse et c\u2019est pourquoi nous sommes d\u00e9termin\u00e9s \u00e0 reconna\u00eetre l\u2019Etat de Palestine, a-t-il d\u00e9clar\u00e9. Et j\u2019y travaille activement parce que nous voulons ainsi contribuer \u00e0 une solution politique dans l\u2019int\u00e9r\u00eat des Palestiniens mais aussi de la s\u00e9curit\u00e9 d\u2019Isra\u00ebl.\u00bb Cette reconnaissance devrait intervenir lors de la conf\u00e9rence internationale copr\u00e9sid\u00e9e par la France et l\u2019Arabie Saoudite pour relancer une solution pacifique au conflit isra\u00e9lo-palestinien dite \u00ab\u00e0 deux Etats\u00bb, qui se tiendra du 17 au 20 juin.<\/p>\n<p class=\"sc-ksZaOG ehjQrN text-element\">Invit\u00e9 de France Info ce mardi matin, l\u2018ancien Premier ministre a <a href=\"https:\/\/www.liberation.fr\/idees-et-debats\/tribunes\/open-gaza-now-par-dominique-de-villepin-20241121_LMIRC4OOL5HKTDWXADFMX2LZBA\/\" target=\"_blank\" rel=\"noreferrer nofollow noopener\" title=\"https:\/\/www.liberation.fr\/idees-et-debats\/tribunes\/open-gaza-now-par-dominique-de-villepin-20241121_LMIRC4OOL5HKTDWXADFMX2LZBA\/\">une nouvelle fois<\/a> condamn\u00e9 fermement la guerre men\u00e9e par Isra\u00ebl \u00e0 Gaza et a appel\u00e9 \u00e0 beaucoup plus de ferm\u00e9 vis-\u00e0-vis de l\u2019Etat h\u00e9breu. \u00abNous sommes devant un plan isra\u00e9lien [\u2026]. Apr\u00e8s la r\u00e9occupation de Gaza, la deuxi\u00e8me \u00e9tape sera la d\u00e9portation. L\u2019objectif politique de Benyamin N\u00e9tanyahou et de son gouvernement, c\u2019est la d\u00e9portation de la population de Gaza, ce qui est la marque d\u2019une \u00e9puration ethnique, d\u2019un nettoyage territorial, a d\u00e9nonc\u00e9 Dominique de Villepin. Les Europ\u00e9ens le savent parfaitement et ils sont l\u00e0 avec des sabres de bois alors qu\u2019il y a trois choses \u00e0 faire imm\u00e9diatement.\u00bb<\/p>\n<p class=\"sc-ksZaOG ehjQrN text-element\">Pour lui, les Occidentaux doivent d\u2019urgence \u00absuspendre imm\u00e9diatement l\u2019accord europ\u00e9en avec Isra\u00ebl\u00bb, mettre en place un \u00abembargo sur les armes de tous les pays europ\u00e9ens\u00bb et d\u00e9f\u00e9rer \u00abl\u2019ensemble du gouvernement isra\u00e9lien et des principales autorit\u00e9s militaires isra\u00e9liennes devant la Cour p\u00e9nale internationale [\u2026] en \u00e9crivant collectivement \u00e0 la cour\u00bb.<\/p>\n<p class=\"sc-ksZaOG ehjQrN text-element\">La D\u00e9fense civile de la bande de Gaza fait \u00e9tat ce mardi de la mort de 44 personnes dans de nouveaux bombardements, \u00aben majorit\u00e9 des enfants et des femmes, ainsi que des dizaines de bless\u00e9s\u00bb. Dans le d\u00e9tail, 8 personnes auraient \u00e9t\u00e9 tu\u00e9es dans une frappe visant une \u00e9cole servant de refuge \u00e0 des d\u00e9plac\u00e9s \u00e0 Gaza City, 12 dans une frappe sur une habitation \u00e0 Deir el-Balah (dans le centre de l\u2019enclave), 15 apr\u00e8s un bombardement sur une station-service pr\u00e8s du camp de r\u00e9fugi\u00e9s de Nousseirat (centre) et 9 lors d\u2019un autre sur une habitation dans le camp de r\u00e9fugi\u00e9s de Jabalia (Nord). Interrog\u00e9e, l\u2019arm\u00e9e isra\u00e9lienne n\u2019a fourni aucun commentaire dans l\u2019imm\u00e9diat.<\/p>\n<p class=\"sc-ksZaOG ehjQrN text-element\">Ya\u00efr Golan, leader de la gauche isra\u00e9lienne, a d\u00e9clar\u00e9 ce mardi que son pays \u00e9tait \u00aben passe de devenir un Etat paria parmi les nations\u00bb affirmant que la guerre dans la bande de Gaza \u00e9tait men\u00e9e \u00abau profit d\u2019objectifs politiques\u00bb. \u00abUn pays sain ne fait pas la guerre \u00e0 des civils, n\u2019a pas pour hobby de tuer des b\u00e9b\u00e9s, et ne se fixe pas pour objectif d\u2019expulser des populations\u00bb, a-t-il ajout\u00e9 lors d\u2019une \u00e9mission de la radio publique, dans une allusion au plan d\u2019\u00ab\u00e9migration volontaire\u00bb des Palestiniens de Gaza soutenu par le gouvernement. \u00abIl n\u2019y a pas de limite \u00e0 la d\u00e9cadence morale\u00bb, a aussit\u00f4t comment\u00e9 le Premier ministre isra\u00e9lien, accusant Golan de prof\u00e9rer des \u00abcalomnies antis\u00e9mites [\u2026] \u00e0 l\u2019encontre des soldats de l\u2019arm\u00e9e isra\u00e9lienne\u00bb. Plusieurs ministre du gouvernement \u2013 l\u2019un des plus \u00e0 droite de l\u2019histoire d\u2019Isra\u00ebl \u2013 ont appel\u00e9 \u00e0 l\u2019ouverture d\u2019une enqu\u00eate pour appel \u00e0 la haine.<\/p>\n<p class=\"sc-ksZaOG ehjQrN text-element\">Bombarder \u00e0 foison n\u2019aide pas les pourparlers. Le Premier ministre du Qatar, pays qui joue le r\u00f4le de m\u00e9diateur entre Isra\u00ebl et le Hamas, a d\u00e9clar\u00e9 ce mardi que <a href=\"https:\/\/www.liberation.fr\/international\/moyen-orient\/operation-chariots-de-gedeon-a-gaza-israel-met-le-cessez-le-feu-aux-poudres-20250518_FBS4KAP3HBDHFGYGC2OGZA2V3U\/\" target=\"_blank\" rel=\"noreferrer nofollow noopener\" title=\"https:\/\/www.liberation.fr\/international\/moyen-orient\/operation-chariots-de-gedeon-a-gaza-israel-met-le-cessez-le-feu-aux-poudres-20250518_FBS4KAP3HBDHFGYGC2OGZA2V3U\/\">l\u2019intensification de l\u2019offensive isra\u00e9lienne<\/a> dans la bande de Gaza compromettait \u00abtoute chance de paix\u00bb dans le territoire palestinien. \u00abLorsque le soldat isra\u00e9lo-am\u00e9ricain <a href=\"https:\/\/www.liberation.fr\/international\/moyen-orient\/edan-alexander-un-jeune-americain-typique-devenu-soldat-israelien-puis-lotage-que-vient-de-liberer-le-hamas-20250512_65TG7E5LVZF2VAA7HJKAGN2WUA\/\" target=\"_blank\" rel=\"noreferrer nofollow noopener\" title=\"https:\/\/www.liberation.fr\/international\/moyen-orient\/edan-alexander-un-jeune-americain-typique-devenu-soldat-israelien-puis-lotage-que-vient-de-liberer-le-hamas-20250512_65TG7E5LVZF2VAA7HJKAGN2WUA\/\">Edan Alexander<\/a> a \u00e9t\u00e9 lib\u00e9r\u00e9, nous pensions que cela ouvrirait la voie \u00e0 la fin de cette trag\u00e9die, mais la r\u00e9ponse a \u00e9t\u00e9 une vague de bombardements encore plus violents\u00bb, a affirm\u00e9 Mohammed ben Abderrahmane al-Thani lors du Forum \u00e9conomique du Qatar.<\/p>\n<p class=\"sc-ksZaOG ehjQrN text-element\"><b>Mise \u00e0 jour <\/b>\u00e0 14h22 avec les d\u00e9clarations de Ya\u00efr Golan<\/p>\n","protected":false},"excerpt":{"rendered":"L\u2019Union europ\u00e9enne va lancer un r\u00e9examen de son accord d\u2019association avec Isra\u00ebl \u00e0 la lumi\u00e8re des derni\u00e8res \u00e9v\u00e9nements&hellip;\n","protected":false},"author":2,"featured_media":115047,"comment_status":"","ping_status":"","sticky":false,"template":"","format":"standard","meta":{"footnotes":""},"categories":[5],"tags":[11,1011,27,3522,14,12,28],"class_list":{"0":"post-115046","1":"post","2":"type-post","3":"status-publish","4":"format-standard","5":"has-post-thumbnail","7":"category-international","8":"tag-actualites","9":"tag-fr","10":"tag-france","11":"tag-guerre-hamas-israel","12":"tag-international","13":"tag-news","14":"tag-world"},"share_on_mastodon":{"url":"https:\/\/pubeurope.com\/@fr\/114541788133687106","error":""},"_links":{"self":[{"href":"https:\/\/www.europesays.com\/fr\/wp-json\/wp\/v2\/posts\/115046","targetHints":{"allow":["GET"]}}],"collection":[{"href":"https:\/\/www.europesays.com\/fr\/wp-json\/wp\/v2\/posts"}],"about":[{"href":"https:\/\/www.europesays.com\/fr\/wp-json\/wp\/v2\/types\/post"}],"author":[{"embeddable":true,"href":"https:\/\/www.europesays.com\/fr\/wp-json\/wp\/v2\/users\/2"}],"replies":[{"embeddable":true,"href":"https:\/\/www.europesays.com\/fr\/wp-json\/wp\/v2\/comments?post=115046"}],"version-history":[{"count":0,"href":"https:\/\/www.europesays.com\/fr\/wp-json\/wp\/v2\/posts\/115046\/revisions"}],"wp:featuredmedia":[{"embeddable":true,"href":"https:\/\/www.europesays.com\/fr\/wp-json\/wp\/v2\/media\/115047"}],"wp:attachment":[{"href":"https:\/\/www.europesays.com\/fr\/wp-json\/wp\/v2\/media?parent=115046"}],"wp:term":[{"taxonomy":"category","embeddable":true,"href":"https:\/\/www.europesays.com\/fr\/wp-json\/wp\/v2\/categories?post=115046"},{"taxonomy":"post_tag","embeddable":true,"href":"https:\/\/www.europesays.com\/fr\/wp-json\/wp\/v2\/tags?post=115046"}],"curies":[{"name":"wp","href":"https:\/\/api.w.org\/{rel}","templated":true}]}}