{"id":115048,"date":"2025-05-20T19:22:09","date_gmt":"2025-05-20T19:22:09","guid":{"rendered":"https:\/\/www.europesays.com\/fr\/115048\/"},"modified":"2025-05-20T19:22:09","modified_gmt":"2025-05-20T19:22:09","slug":"nicolas-sarkozy-reprend-la-parole-apres-sa-condamnation-pour-rendre-a-la-policiere-aurelie-fouquet","status":"publish","type":"post","link":"https:\/\/www.europesays.com\/fr\/115048\/","title":{"rendered":"Nicolas Sarkozy reprend la parole apr\u00e8s sa condamnation pour rendre \u00e0 la polici\u00e8re Aur\u00e9lie Fouquet"},"content":{"rendered":"<p>        <img decoding=\"async\" loading=\"lazy\" src=\"https:\/\/www.europesays.com\/fr\/wp-content\/uploads\/2025\/05\/5b85729_sirius-fs-upload-1-9xu4czhtgjy7-1747763290105-screenshot-2025-05-20-19-47-54.png\"  width=\"728\" height=\"410\" alt=\"Nicolas Sarkozy a repris la parole apr\u00e8s sa condamnation pour rendre hommage \u00e0 une polici\u00e8re tu\u00e9e en 2010.\"\/>  <\/p>\n<p>Capture d\u2019\u00e9cran YouTube (BFMTV)<\/p>\n<p>Nicolas Sarkozy a repris la parole apr\u00e8s sa condamnation pour rendre hommage \u00e0 une polici\u00e8re tu\u00e9e en 2010.<\/p>\n<p class=\"asset asset-text\">POLITIQUE &#8211; Il est sorti de son \u00ab\u00a0silence m\u00e9diatique\u00a0\u00bb. <a href=\"https:\/\/www.huffingtonpost.fr\/justice\/article\/nicolas-sarkozy-devient-le-premier-president-a-se-faire-retirer-un-bracelet-electronique_250062.html\" rel=\"nofollow noopener\" target=\"_blank\">Nicolas Sarkozy<\/a> s\u2019est exprim\u00e9 pour la premi\u00e8re fois depuis son admission au r\u00e9gime de la lib\u00e9ration conditionnelle ce mardi 20\u00a0mai lors d\u2019un hommage mardi dans le Val-de-Marne \u00e0 <a href=\"https:\/\/www.huffingtonpost.fr\/faits-divers\/article\/le-grand-soulagement-de-la-mere-d-aurelie-fouquet-apres-l-arrestation-de-redoine-faid_132272.html\" rel=\"nofollow noopener\" target=\"_blank\">Aur\u00e9lie Fouquet<\/a>, polici\u00e8re municipale tu\u00e9e en 2010 lors d\u2019une fusillade sanglante.<\/p>\n<p class=\"asset asset-text\">\u00ab\u00a0J\u2019ai choisi de rompre le silence m\u00e9diatique que je m\u2019\u00e9tais impos\u00e9 pour une raison et une seule\u00a0: Aur\u00e9lie et sa famille\u00a0\u00bb, a d\u00e9clar\u00e9 celui qui a \u00e9t\u00e9 pr\u00e9sident de 2007\u00a0\u00e0 2012, lors d\u2019une c\u00e9r\u00e9monie en pr\u00e9sence du ministre de l\u2019Int\u00e9rieur <a href=\"https:\/\/www.huffingtonpost.fr\/politique\/article\/dominique-de-villepin-se-dit-inquiet-apres-l-election-de-bruno-retailleau-a-la-tete-de-lr_250287.html\" rel=\"nofollow noopener\" target=\"_blank\">Bruno Retailleau<\/a> dans le jardin de la mairie de Villiers-sur-Marne, commune o\u00f9 cette polici\u00e8re avait \u00e9t\u00e9 tu\u00e9e lors d\u2019un braquage rat\u00e9.<\/p>\n<p class=\"asset asset-text\">L\u2019ex-chef de l\u2019\u00c9tat avait \u00e9t\u00e9 d\u00e9finitivement condamn\u00e9 en d\u00e9cembre, dans l\u2019affaire des \u00e9coutes, \u00e0 trois ans d\u2019emprisonnement, dont un an ferme, sous d\u00e9tention \u00e0 domicile sous surveillance \u00e9lectronique, pour corruption et trafic d\u2019influence \u2013 une premi\u00e8re pour un ancien pr\u00e9sident qui est \u00e9galement in\u00e9ligible durant trois ans. Il a \u00e9t\u00e9 admis le 14\u00a0mai au r\u00e9gime de la lib\u00e9ration conditionnelle et s\u2019est vu retirer le dispositif qu\u2019il portait \u00e0 la cheville depuis un peu plus de trois mois.<\/p>\n<p> La lecture de ce contenu est susceptible d\u2019entra\u00eener un d\u00e9p\u00f4t de cookies de la part de l\u2019op\u00e9rateur tiers qui l\u2019h\u00e9berge. Compte-tenu des choix que vous avez exprim\u00e9s en mati\u00e8re de d\u00e9p\u00f4t de cookies, nous avons bloqu\u00e9 l\u2019affichage de ce contenu. Si vous souhaitez y acc\u00e9der, vous devez accepter la cat\u00e9gorie de cookies \u201cContenus tiers\u201d en cliquant sur le bouton ci-dessous. <\/p>\n<p> Lire la Vid\u00e9o              <\/p>\n<p class=\"asset asset-text\">\u00ab\u00a0Je me sens responsable de la mort de votre fille et de la mort de ta m\u00e8re\u00a0\u00bb, a d\u00e9clar\u00e9 celui qui \u00e9tait pr\u00e9sident de la R\u00e9publique lors du drame, en s\u2019adressant aux parents et au fils aujourd\u2019hui adolescent de d\u2019Aur\u00e9lie Fouquet.<\/p>\n<p>                     \u00ab\u00a0La premi\u00e8re polici\u00e8re municipale victime du devoir\u00a0\u00bb    <\/p>\n<p class=\"asset asset-text\">Le 20\u00a0mai\u00a02010, un groupe de braqueurs, rep\u00e9r\u00e9 par des policiers, s\u2019\u00e9tait lanc\u00e9 dans une course folle sur l\u2019autoroute, tirant sur les forces de l\u2019ordre et blessant des automobilistes. \u00c0 Villiers-sur-Marne (Val-de-Marne), ils avaient mitraill\u00e9 une voiture de police municipale, tuant Aur\u00e9lie Fouquet, 26\u00a0ans, et blessant son co\u00e9quipier avant de prendre la fuite. Le multir\u00e9cidiviste <a href=\"https:\/\/www.huffingtonpost.fr\/faits-divers\/article\/redoine-faid-en-garde-a-vue-le-braqueur-est-soupconne-d-avoir-voulu-s-evader-a-nouveau_244478.html\" rel=\"nofollow noopener\" target=\"_blank\">R\u00e9doine Fa\u00efd<\/a> a \u00e9t\u00e9 d\u00e9finitivement condamn\u00e9 \u00e0 25\u00a0ans de r\u00e9clusion pour son r\u00f4le dans l\u2019organisation de ce braquage rat\u00e9.<\/p>\n<p class=\"asset asset-text\">Selon le maire de la commune, Jacques-Alain Benisti (LR), Aur\u00e9lie Fouquet est \u00ab\u00a0la premi\u00e8re polici\u00e8re municipale en France victime du devoir\u00a0\u00bb. Nicolas Sarkozy a \u00e9galement pr\u00e9sent\u00e9 en tout d\u00e9but d\u2019hommage ses \u00ab\u00a0f\u00e9licitations\u00a0\u00bb \u00e0 Bruno Retailleau, fra\u00eechement et tr\u00e8s confortablement \u00e9lu \u00e0 la t\u00eate des R\u00e9publicains dimanche face \u00e0 son concurrent Laurent Wauquiez.<\/p>\n<p class=\"asset asset-text\">\u00ab\u00a0Ce n\u2019est pas le lieu des f\u00e9licitations mais peut-\u00eatre que tu as senti ma joie et ma confiance\u00a0\u00bb, a-t-il d\u00e9clar\u00e9. Bruno Retailleau a pour sa part salu\u00e9 la m\u00e9moire de la polici\u00e8re d\u00e9c\u00e9d\u00e9e, qui repr\u00e9sente \u00ab\u00a0le sens du devoir et la m\u00e9moire du sacrifice\u00a0\u00bb. Les forces de l\u2019ordre repr\u00e9sentent \u00ab\u00a0la France du partage, du don de soi\u00a0\u00bb face \u00e0 \u00ab\u00a0celle du saccage\u00a0\u00bb, a-t-il ajout\u00e9.<\/p>\n<p class=\"asset asset-text\"><strong>\u00c0 voir \u00e9galement sur Le HuffPost\u00a0:<\/strong><\/p>\n<p> La lecture de ce contenu est susceptible d\u2019entra\u00eener un d\u00e9p\u00f4t de cookies de la part de l\u2019op\u00e9rateur tiers qui l\u2019h\u00e9berge. Compte-tenu des choix que vous avez exprim\u00e9s en mati\u00e8re de d\u00e9p\u00f4t de cookies, nous avons bloqu\u00e9 l\u2019affichage de ce contenu. Si vous souhaitez y acc\u00e9der, vous devez accepter la cat\u00e9gorie de cookies \u201cContenus tiers\u201d en cliquant sur le bouton ci-dessous. <\/p>\n<p> Lire la Vid\u00e9o                <\/p>\n","protected":false},"excerpt":{"rendered":"Capture d\u2019\u00e9cran YouTube (BFMTV) Nicolas Sarkozy a repris la parole apr\u00e8s sa condamnation pour rendre hommage \u00e0 une&hellip;\n","protected":false},"author":2,"featured_media":115049,"comment_status":"","ping_status":"","sticky":false,"template":"","format":"standard","meta":{"footnotes":""},"categories":[4],"tags":[11,1011,27,303,12,3091,316,25],"class_list":{"0":"post-115048","1":"post","2":"type-post","3":"status-publish","4":"format-standard","5":"has-post-thumbnail","7":"category-france","8":"tag-actualites","9":"tag-fr","10":"tag-france","11":"tag-justice","12":"tag-news","13":"tag-nicolas-sarkozy","14":"tag-politique","15":"tag-republique-francaise"},"share_on_mastodon":{"url":"https:\/\/pubeurope.com\/@fr\/114541792153273328","error":""},"_links":{"self":[{"href":"https:\/\/www.europesays.com\/fr\/wp-json\/wp\/v2\/posts\/115048","targetHints":{"allow":["GET"]}}],"collection":[{"href":"https:\/\/www.europesays.com\/fr\/wp-json\/wp\/v2\/posts"}],"about":[{"href":"https:\/\/www.europesays.com\/fr\/wp-json\/wp\/v2\/types\/post"}],"author":[{"embeddable":true,"href":"https:\/\/www.europesays.com\/fr\/wp-json\/wp\/v2\/users\/2"}],"replies":[{"embeddable":true,"href":"https:\/\/www.europesays.com\/fr\/wp-json\/wp\/v2\/comments?post=115048"}],"version-history":[{"count":0,"href":"https:\/\/www.europesays.com\/fr\/wp-json\/wp\/v2\/posts\/115048\/revisions"}],"wp:featuredmedia":[{"embeddable":true,"href":"https:\/\/www.europesays.com\/fr\/wp-json\/wp\/v2\/media\/115049"}],"wp:attachment":[{"href":"https:\/\/www.europesays.com\/fr\/wp-json\/wp\/v2\/media?parent=115048"}],"wp:term":[{"taxonomy":"category","embeddable":true,"href":"https:\/\/www.europesays.com\/fr\/wp-json\/wp\/v2\/categories?post=115048"},{"taxonomy":"post_tag","embeddable":true,"href":"https:\/\/www.europesays.com\/fr\/wp-json\/wp\/v2\/tags?post=115048"}],"curies":[{"name":"wp","href":"https:\/\/api.w.org\/{rel}","templated":true}]}}