{"id":115050,"date":"2025-05-20T19:23:09","date_gmt":"2025-05-20T19:23:09","guid":{"rendered":"https:\/\/www.europesays.com\/fr\/115050\/"},"modified":"2025-05-20T19:23:09","modified_gmt":"2025-05-20T19:23:09","slug":"pour-2027-ruffin-veut-lancer-une-primaire-de-la-gauche-et-compte-la-gagner","status":"publish","type":"post","link":"https:\/\/www.europesays.com\/fr\/115050\/","title":{"rendered":"pour 2027, Ruffin veut lancer une primaire de la gauche et compte la gagner"},"content":{"rendered":"<p>L\u2019ex-d\u00e9put\u00e9 LFI souhaite que la gauche non-m\u00e9lenchoniste d\u00e9signe un candidat via un scrutin qui aurait lieu \u00e0 l\u2019automne 2026. Il fait d\u00e9j\u00e0 acte de candidature.<\/p>\n<p class=\"fig-paragraph\">Insolite\u00a0:\u00a0<a href=\"http:\/\/www.lefigaro.fr\/politique\/on-va-faire-le-tour-du-pays-pour-lever-une-force-a-deux-ans-de-la-presidentielle-francois-ruffin-part-en-campagne-20250402\" data-fig-type=\"Article\" data-gtm-custom-categorie=\"navigation\" data-gtm-custom-action=\"crossclick\" data-gtm-custom-label=\"Contextuel\" data-gtm-event=\"customEventSPE\" data-fig-domain=\"LEFIGARO\" target=\"_blank\" rel=\"noopener\">Fran\u00e7ois Ruffin<\/a>\u00a0compte participer \u00e0 une primaire de la gauche qui n\u2019existe pas encore. \u00abJ\u2019y vais pour l\u2019emporter\u00bb, assure m\u00eame le d\u00e9put\u00e9 \u00e0\u00a0<a href=\"https:\/\/www.liberation.fr\/politique\/elections\/francois-ruffin-pour-2027-il-nous-faut-une-primaire-et-je-la-remporterai-20250520_CPUNMEP6AJFONKIFVMVGVYRUGU\/\" target=\"_blank\" rel=\"nofollow noopener\" data-gtm-custom-categorie=\"navigation\" data-gtm-custom-action=\"crossclick\" data-gtm-custom-label=\"Contextuel\" data-gtm-event=\"customEventSPE\">Lib\u00e9ration<\/a> \u00a0mardi, confirmant du m\u00eame coup ses ambitions \u00e9lys\u00e9ennes. En sortant du bois, l\u2019\u00e9lu de la Somme cherche aussi \u00e0 secouer le cocotier de la gauche non-m\u00e9lenchoniste qui observe le chef des Insoumis toujours dominer le match dans les sondages. Fran\u00e7ois Ruffin, qui a rompu avec Jean-Luc M\u00e9lenchon en 2024, consid\u00e8re qu\u2019il n\u2019y a pas de fatalit\u00e9, et que la dynamique d\u2019une primaire peut d\u00e9jouer les pronostics.<\/p>\n<p class=\"fig-paragraph\">\u00abTout est question de rapport de force. Un candidat l\u00e9gitim\u00e9 par des millions de votants, \u00e7a chamboule les calculs. Les gens se demanderont\u00a0: quel bulletin pour gagner? Pour battre Le Pen-Bardella au second tour\u00a0? Les \u00e9lecteurs, eux, ne sont pas irr\u00e9conciliables\u00bb, d\u00e9veloppe-t-il, sous-entendant que l\u2019\u00e9lectorat m\u00e9lenchoniste pourrait se retrouver dans cette nouvelle offre. Le r\u00e9alisateur de \u00abMerci Patron!\u00bb invite d\u2019ailleurs les Insoumis, et donc Jean-Luc M\u00e9lenchon, \u00e0 participer. \u00abC\u2019est \u00e0 eux de choisir d\u2019y rentrer ou non. Pourquoi auraient-ils peur du d\u00e9bat, d\u2019un vote?\u00bb, interroge-t-il.<\/p>\n<p class=\"fig-paragraph\">Le d\u00e9fi est de taille, notamment au regard des fiascos des pr\u00e9c\u00e9dentes primaires \u00e0 gauche. En 2022, lors de la derni\u00e8re \u00e9lection pr\u00e9sidentielle, la \u00abPrimaire populaire\u00bb, organis\u00e9e \u00e0 la va-vite, avait intronis\u00e9\u00a0<a href=\"http:\/\/www.lefigaro.fr\/elections\/presidentielles\/presidentielle-2022-christiane-taubira-renonce-a-sa-candidature-faute-de-parrainages-20220302\" data-fig-type=\"NewsFlash\" data-gtm-custom-categorie=\"navigation\" data-gtm-custom-action=\"crossclick\" data-gtm-custom-label=\"Contextuel\" data-gtm-event=\"customEventSPE\" data-fig-domain=\"LEFIGARO\" target=\"_blank\" rel=\"noopener\">Christiane Taubira<\/a>. Faute de dynamique, l\u2019ancienne ministre de la Justice de Fran\u00e7ois Hollande avait fini par retirer sa candidature&#8230; et vot\u00e9\u00a0<a href=\"http:\/\/www.lefigaro.fr\/elections\/presidentielles\/presidentielle-2022-taubira-va-voter-melenchon-au-premier-tour-pour-barrer-la-route-a-l-extreme-droite-20220408\" data-fig-type=\"NewsFlash\" data-gtm-custom-categorie=\"navigation\" data-gtm-custom-action=\"crossclick\" data-gtm-custom-label=\"Contextuel\" data-gtm-event=\"customEventSPE\" data-fig-domain=\"LEFIGARO\" target=\"_blank\" rel=\"noopener\">Jean-Luc M\u00e9lenchon.<\/a>\u00a0Cinq ans plus t\u00f4t, la \u00abprimaire citoyenne\u00bb avait fait \u00e9lire\u00a0<a href=\"https:\/\/www.lefigaro.fr\/elections\/presidentielles\/2017\/03\/16\/35003-20170316ARTFIG00105-benoit-hamon-et-ses-proches-chargent-manuel-valls.php\" data-fig-type=\"Article\" data-gtm-custom-categorie=\"navigation\" data-gtm-custom-action=\"crossclick\" data-gtm-custom-label=\"Contextuel\" data-gtm-event=\"customEventSPE\" data-fig-domain=\"LEFIGARO\" target=\"_blank\" rel=\"noopener\">Beno\u00eet Hamon<\/a>, mais le finaliste Manuel Valls n\u2019avait pas tenu son engagement de le soutenir, pr\u00e9f\u00e9rant rallier Emmanuel Macron. Le gagnant n\u2019avait quant \u00e0 lui r\u00e9colt\u00e9 que 6,36% des voix \u00e0 la pr\u00e9sidentielle, loin derri\u00e8re le candidat de LFI (19,58%).<\/p>\n<p>\u00abDe toute fa\u00e7on, cette primaire aura lieu\u00bb<\/p>\n<p class=\"fig-paragraph\">Pas de quoi d\u00e9courager Fran\u00e7ois Ruffin. \u00abC\u2019est soit la strat\u00e9gie des primaires, soit la strat\u00e9gie d\u00e9primante\u00bb, pr\u00e9vient-il. \u00abDe toute fa\u00e7on, cette primaire aura lieu. Parce qu\u2019elle r\u00e9pond \u00e0 un d\u00e9sir profond\u00bb, encha\u00eene-t-il. L\u2019ex-d\u00e9put\u00e9 LFI, qui si\u00e8ge d\u00e9sormais au sein du groupe \u00e9cologiste, souhaite que le p\u00e9rim\u00e8tre soit le plus large possible, \u00abde Philippe Poutou \u00e0 Fran\u00e7ois Hollande\u00bb, sur la base de l\u2019accord du Nouveau Front populaire de juillet.<\/p>\n<p class=\"fig-paragraph\">Le Picard a \u00e9galement pens\u00e9 aux modalit\u00e9s. Il propose un d\u00e9p\u00f4t \u00abdes candidatures en avril 2026\u00bb &#8211; soit apr\u00e8s les \u00e9lections municipales &#8211; \u00abet un vote \u00e0 l\u2019automne\u00bb avec \u00abune \u00e9lection \u00e0 deux tours, sur le mod\u00e8le de la pr\u00e9sidentielle\u00bb. \u00abLes garde-fous pour candidater\u00a0: 100 000 parrainages citoyens, 250 de maires. Dix id\u00e9es, en guise de profession de foi. Un vote physique, avec un bureau de vote par canton. L\u2019objectif\u00a0: 2 \u00e0 3 millions de votants\u00bb, souhaite-t-il. \u00abLa primaire doit traverser la France comme une f\u00eate en fanfare, en lien avec les assos, les syndicats\u00bb, affirme-t-il.<\/p>\n<p class=\"fig-paragraph\">Reste \u00e0 savoir comment cette proposition, qui a le m\u00e9rite d\u2019\u00eatre sur la table, sera re\u00e7ue au sein des partis. Beaucoup \u00e0 gauche ne d\u00e9montrent pas un enthousiasme flamboyant \u00e0 cette id\u00e9e de primaire, conscients des limites et d\u00e9rives de l\u2019exercice. \u00abJe ne connais rien de mieux mais je suis lucide sur tous les inconv\u00e9nients. Tout le monde a peur de se retrouver embourb\u00e9s pendant des mois sur les diff\u00e9rences et les pol\u00e9miques entre les candidats\u00bb, redoute une parlementaire \u00e9cologiste.<\/p>\n<p class=\"fig-paragraph\">Les Insoumis devraient eux adresser une fin de non-recevoir. \u00abM\u00eame si on la gagne, rien ne nous garantit que les autres respecteraient leur engagement\u00bb, persiflait encore mardi une d\u00e9put\u00e9e LFI. Hors micro, certains cadres m\u00e9lenchonistes consid\u00e8rent \u00e9galement qu\u2019une candidature de Jean-Luc M\u00e9lenchon pourrait surmobiliser un \u00e9lectorat de droite qui se d\u00e9placerait uniquement pour \u00abfaire battre\u00bb le porte-drapeau des Insoumis.<\/p>\n","protected":false},"excerpt":{"rendered":"L\u2019ex-d\u00e9put\u00e9 LFI souhaite que la gauche non-m\u00e9lenchoniste d\u00e9signe un candidat via un scrutin qui aurait lieu \u00e0 l\u2019automne&hellip;\n","protected":false},"author":2,"featured_media":115051,"comment_status":"","ping_status":"","sticky":false,"template":"","format":"standard","meta":{"footnotes":""},"categories":[2],"tags":[11,426,427,422,423,1011,27,4483,418,424,425,3081,2338,420,421,12,419,316,429,428],"class_list":{"0":"post-115050","1":"post","2":"type-post","3":"status-publish","4":"format-standard","5":"has-post-thumbnail","7":"category-actualites","8":"tag-actualites","9":"tag-candidat","10":"tag-candidats","11":"tag-depute","12":"tag-deputes","13":"tag-fr","14":"tag-france","15":"tag-francois-ruffin","16":"tag-gouvernement","17":"tag-institution","18":"tag-institutions","19":"tag-jean-luc-melenchon","20":"tag-la-france-insoumise","21":"tag-loi","22":"tag-lois","23":"tag-news","24":"tag-opposition","25":"tag-politique","26":"tag-ps","27":"tag-ump"},"share_on_mastodon":{"url":"https:\/\/pubeurope.com\/@fr\/114541795967808113","error":""},"_links":{"self":[{"href":"https:\/\/www.europesays.com\/fr\/wp-json\/wp\/v2\/posts\/115050","targetHints":{"allow":["GET"]}}],"collection":[{"href":"https:\/\/www.europesays.com\/fr\/wp-json\/wp\/v2\/posts"}],"about":[{"href":"https:\/\/www.europesays.com\/fr\/wp-json\/wp\/v2\/types\/post"}],"author":[{"embeddable":true,"href":"https:\/\/www.europesays.com\/fr\/wp-json\/wp\/v2\/users\/2"}],"replies":[{"embeddable":true,"href":"https:\/\/www.europesays.com\/fr\/wp-json\/wp\/v2\/comments?post=115050"}],"version-history":[{"count":0,"href":"https:\/\/www.europesays.com\/fr\/wp-json\/wp\/v2\/posts\/115050\/revisions"}],"wp:featuredmedia":[{"embeddable":true,"href":"https:\/\/www.europesays.com\/fr\/wp-json\/wp\/v2\/media\/115051"}],"wp:attachment":[{"href":"https:\/\/www.europesays.com\/fr\/wp-json\/wp\/v2\/media?parent=115050"}],"wp:term":[{"taxonomy":"category","embeddable":true,"href":"https:\/\/www.europesays.com\/fr\/wp-json\/wp\/v2\/categories?post=115050"},{"taxonomy":"post_tag","embeddable":true,"href":"https:\/\/www.europesays.com\/fr\/wp-json\/wp\/v2\/tags?post=115050"}],"curies":[{"name":"wp","href":"https:\/\/api.w.org\/{rel}","templated":true}]}}