{"id":1150614,"date":"2026-08-26T19:42:13","date_gmt":"2026-08-26T19:42:13","guid":{"rendered":"https:\/\/www.europesays.com\/fr\/1150614\/"},"modified":"2026-08-26T19:42:13","modified_gmt":"2026-08-26T19:42:13","slug":"si-la-situation-lexige-et-que-jai-la-conviction-francois-hollande-fait-un-pas-supplementaire-vers-la-presidentielle-de-2027","status":"publish","type":"post","link":"https:\/\/www.europesays.com\/fr\/1150614\/","title":{"rendered":"\u00abSi la situation l\u2019exige et que j\u2019ai la conviction&#8230;\u00bb : Fran\u00e7ois Hollande fait un pas suppl\u00e9mentaire vers la pr\u00e9sidentielle de 2027"},"content":{"rendered":"<p>\n    Dans une interview accord\u00e9e au Point \u00e0 l\u2019occasion de la sortie prochaine de son livre, l\u2019ex-chef de l\u2019\u00c9tat confirme qu\u2019il ne participera pas \u00e0 la primaire \u00absociale-d\u00e9mocrate\u00bb organis\u00e9e en octobre par le PS et Place publique.<\/p>\n<p class=\"fig-paragraph\">Petit \u00e0 petit,\u00a0<a href=\"http:\/\/www.lefigaro.fr\/politique\/il-va-continuer-a-cultiver-son-rapport-a-l-opinion-francois-hollande-les-coulisses-d-un-retour-annonce-20260719\" data-fig-type=\"Article\" data-gtm-custom-categorie=\"navigation\" data-gtm-custom-action=\"crossclick\" data-gtm-custom-label=\"Contextuel\" data-gtm-event=\"customEventSPE\" data-fig-domain=\"LEFIGARO\" rel=\"nofollow noopener\" target=\"_blank\">Fran\u00e7ois Hollande<\/a>\u00a0pose ses jalons sur la route de 2027. Pr\u00e8s de dix ans apr\u00e8s avoir quitt\u00e9 le pouvoir, l\u2019ancien pr\u00e9sident ne cache plus son envie de retrouver l\u2019\u00c9lys\u00e9e, sans pour autant lever compl\u00e8tement le voile sur ses ambitions. Apr\u00e8s avoir indiqu\u00e9 au printemps se \u00ab pr\u00e9parer\u00a0\u00bb \u00e0 cette \u00e9ch\u00e9ance et r\u00e9uni quelque 150 soutiens au S\u00e9nat en plein mois de juillet, le d\u00e9put\u00e9 de Corr\u00e8ze avance encore ses pions. Dans une interview publi\u00e9e mercredi par\u00a0<a href=\"https:\/\/www.lepoint.fr\/politique\/francois-hollande-je-ne-presente-pas-un-programme-qui-serait-celui-de-2012-en-mieux-OL3T5RXZ2JDI7EYOHNBUL3DJL4\/\" target=\"_blank\" rel=\"nofollow noopener\" data-gtm-custom-categorie=\"navigation\" data-gtm-custom-action=\"crossclick\" data-gtm-custom-label=\"Contextuel\" data-gtm-event=\"customEventSPE\">Le Point<\/a>, le socialiste pr\u00e9vient que, \u00absi la situation l\u2019exige\u00bb et qu\u2019il a, en d\u00e9cembre, \u00abla conviction qu\u2019un rassemblement est possible\u00bb et qu\u2019il \u00abpeut en \u00eatre l\u2019expression\u00bb, il en \u00abtirera (alors) les conclusions\u00bb.\u00a0<\/p>\n<p class=\"fig-paragraph\">Le tout, en laissant entendre que sa \u00abvie ne d\u00e9pend pas\u00bb de la pr\u00e9sidentielle, puisqu\u2019il a \u00abd\u00e9j\u00e0 exerc\u00e9 cette fonction et, d\u2019une certaine fa\u00e7on, a accompli (son) destin.\u00bb \u00abJe vis sereinement sans le pouvoir\u00bb, fait-il savoir, en soufflant le chaud et le froid. \u00abSi une candidature proche de ma sensibilit\u00e9 s\u2019est impos\u00e9e avec une perspective de victoire, pourquoi viendrais-je troubler la donne\u00a0? Mais il faudra qu\u2019on m\u2019en fasse la d\u00e9monstration\u00bb, temp\u00e8re-t-il aussit\u00f4t, comme s\u2019il ne tenait gu\u00e8re compte de la r\u00e9cente candidature de\u00a0<a href=\"http:\/\/www.lefigaro.fr\/elections\/presidentielles\/primaires-gauche\/presidentielle-2027-au-parti-socialiste-la-perspective-d-un-match-fratricide-entre-olivier-faure-et-raphael-glucksmann-20260826\" data-fig-type=\"Article\" data-gtm-custom-categorie=\"navigation\" data-gtm-custom-action=\"crossclick\" data-gtm-custom-label=\"Contextuel\" data-gtm-event=\"customEventSPE\" data-fig-domain=\"LEFIGARO\" rel=\"nofollow noopener\" target=\"_blank\">Rapha\u00ebl Glucksmann<\/a>\u00a0ni des sondages, plus favorables \u00e0 l\u2019eurod\u00e9put\u00e9 qu\u2019\u00e0 lui. En t\u00e9moigne notre\u00a0<a href=\"http:\/\/www.lefigaro.fr\/elections\/presidentielles\/presidentielle-2027-le-pen-toujours-loin-devant-melenchon-en-position-de-se-qualifier-au-second-tour-glucksmann-en-dynamique-decouvrez-le-sondage-du-figaro-20260826\" data-fig-type=\"Article\" data-gtm-custom-categorie=\"navigation\" data-gtm-custom-action=\"crossclick\" data-gtm-custom-label=\"Contextuel\" data-gtm-event=\"customEventSPE\" data-fig-domain=\"LEFIGARO\" rel=\"nofollow noopener\" target=\"_blank\">derni\u00e8re \u00e9tude Ifop-Fiducial pour Le Figaro, LCI et Sud Radio<\/a>, o\u00f9 l\u2019eurod\u00e9put\u00e9 recueille entre 11 et 18 % des intentions de vote selon les configurations, tandis que Fran\u00e7ois Hollande plafonne \u00e0 12 %.<\/p>\n<p class=\"fig-body-link\">\n            \u00c0 lire aussi<br \/>\n        <a class=\"fig-body-link__link fig-premium-mark\" href=\"http:\/\/www.lefigaro.fr\/elections\/stature-presidentielle-francois-hollande-prend-le-pouvoir-a-gauche-20260723\" data-fig-type=\"Article\" data-gtm-custom-categorie=\"navigation\" data-gtm-custom-action=\"crossclick\" data-gtm-custom-label=\"Contextuel\" data-gtm-event=\"customEventSPE\" data-fig-domain=\"LEFIGARO\" rel=\"nofollow noopener\" target=\"_blank\"><br \/>\n                Stature pr\u00e9sidentielle\u00a0: Fran\u00e7ois Hollande prend le pouvoir \u00e0 gauche<br \/>\n    <\/a>\n<\/p>\n<p>                                            <a class=\"fig-a11y-skip\" href=\"#fig-a11y-skip-main-inarticle\" is=\"fig-a11y-skip\" data-trigger-mode=\"visible-once\"><br \/>\n    Passer la publicit\u00e9<br \/>\n<\/a>            <\/p>\n<p class=\"fig-paragraph\">D\u2019autant que l\u2019ex-chef de l\u2019\u00c9tat n\u2019accorde pas beaucoup de cr\u00e9dit \u00e0 la primaire organis\u00e9e par le Parti socialiste et Place publique, cens\u00e9e choisir le leader de la famille \u00absociale-d\u00e9mocrate\u00bb pour 2027, et \u00e0 laquelle Rapha\u00ebl Glucksmann va participer aux c\u00f4t\u00e9s de\u00a0<a href=\"http:\/\/www.lefigaro.fr\/politique\/presidentielle-2027-au-ps-l-outsider-philippe-brun-entend-peser-dans-la-primaire-20260820\" data-fig-type=\"Article\" data-gtm-custom-categorie=\"navigation\" data-gtm-custom-action=\"crossclick\" data-gtm-custom-label=\"Contextuel\" data-gtm-event=\"customEventSPE\" data-fig-domain=\"LEFIGARO\" rel=\"nofollow noopener\" target=\"_blank\">Philippe Brun<\/a>, J\u00e9r\u00f4me Guedj et S\u00e9gol\u00e8ne Royal. Autant de candidats auxquels il d\u00e9coche une fl\u00e8che\u00a0: \u00abLa plus grande urgence n\u2019est plus simplement de rassembler les socialistes ou la gauche, mais d\u2019unir les Fran\u00e7ais.\u00bb Qu\u2019importe qu\u2019il ait lui-m\u00eame remport\u00e9 la primaire ouverte du PS \u00e0 l\u2019automne 2011, qui lui servit de rampe de lancement pour la pr\u00e9sidentielle de 2012, qu\u2019il remportera face \u00e0 Nicolas Sarkozy\u00a0: Fran\u00e7ois Hollande dit avoir \u00abtoujours \u00e9t\u00e9 r\u00e9serv\u00e9\u00bb \u00e0 l\u2019\u00e9gard de ce processus de d\u00e9signation.<\/p>\n<p>                                            \u00abLes dates choisies ne sont pas bonnes\u00bb<\/p>\n<p class=\"fig-paragraph\">\u00abElles divisent plus qu\u2019elles ne rassemblent, elles supposent d\u2019\u00eatre pr\u00e9par\u00e9es tr\u00e8s en amont pour avoir une participation la plus large possible\u00bb, tacle l\u2019ex-premier secr\u00e9taire du PS, avant de tailler en pi\u00e8ces le processus choisi par son camp. \u00abTrois millions de citoyens s\u2019\u00e9taient d\u00e9plac\u00e9s en 2011. Combien seront-ils cette fois-ci\u00a0? Dix fois moins serait d\u00e9j\u00e0 un succ\u00e8s. Enfin, la date choisie n\u2019est pas la bonne (premier tour les 9 et 10 octobre, second tour les 16 et 17, NDLR)\u00bb, raille-t-il, tout en disant \u00abrespecter celles et ceux qui s\u2019engagent\u00bb dans cette bataille.<\/p>\n<p class=\"fig-paragraph\">D\u2019ici l\u00e0, Fran\u00e7ois Hollande devrait probablement multiplier les rendez-vous m\u00e9diatiques et les rencontres en librairie pour accompagner la sortie de son livre Unir. Nouveau monde, nouvelle gauche (Robert Laffont), le 3 septembre. Il d\u00e9voilera ensuite en d\u00e9cembre s\u2019il entend ou non se lancer, au vu du contexte politique, dix ans apr\u00e8s avoir renonc\u00e9 \u00e0 briguer un second mandat. \u00abC\u2019est l\u00e0 qu\u2019arrivera le moment d\u00e9cisif pour une candidature. La d\u00e9cantation s\u2019op\u00e9rera \u00e0 droite comme \u00e0 gauche. La cristallisation viendra, ensuite, en f\u00e9vrier ou en mars\u00bb, assure-t-il. Une attente savamment entretenue, qui lui permet au passage d\u2019adresser une pique aux pr\u00e9tendants d\u00e9j\u00e0 d\u00e9clar\u00e9s\u00a0: \u00abJamais je n\u2019avais connu cette esp\u00e8ce de pr\u00e9cipitation avec des candidats sans projet autre que leur pr\u00e9tention\u00bb, moque-t-il. C\u2019est long, une campagne pr\u00e9sidentielle. Les sondages d\u2019aujourd\u2019hui n\u2019indiquent pas le vote de demain.\u00bb<\/p>\n<p class=\"fig-paragraph\">Dernier indice de son retour en pr\u00e9paration\u00a0: Fran\u00e7ois Hollande r\u00e9fute toute comparaison avec ses pr\u00e9d\u00e9cesseurs Val\u00e9ry Giscard d\u2019Estaing et\u00a0<a href=\"http:\/\/www.lefigaro.fr\/politique\/nicolas-sarkozy-et-gabriel-attal-ont-dine-au-cap-negre-debut-aout-20260826\" data-fig-type=\"NewsFlash\" data-gtm-custom-categorie=\"navigation\" data-gtm-custom-action=\"crossclick\" data-gtm-custom-label=\"Contextuel\" data-gtm-event=\"customEventSPE\" data-fig-domain=\"LEFIGARO\" rel=\"nofollow noopener\" target=\"_blank\">Nicolas Sarkozy<\/a>, tous deux ayant \u00e9chou\u00e9 \u00e0 reconqu\u00e9rir l\u2019\u00c9lys\u00e9e apr\u00e8s l\u2019avoir quitt\u00e9, le premier en 1981, le second en 2012. \u00abLes conditions sont diff\u00e9rentes. S\u2019ils n\u2019ont pas r\u00e9ussi, c\u2019est qu\u2019ils voulaient simplement recommencer. Or, si un ancien pr\u00e9sident peut imaginer le redevenir, c\u2019est pour inventer et lever une esp\u00e9rance, ass\u00e8ne-t-il. Pas pour prendre une revanche ou tenter un recours.\u00bb \u00c0 bon entendeur&#8230;<\/p>\n","protected":false},"excerpt":{"rendered":"Dans une interview accord\u00e9e au Point \u00e0 l\u2019occasion de la sortie prochaine de son livre, l\u2019ex-chef de l\u2019\u00c9tat&hellip;\n","protected":false},"author":2,"featured_media":1150615,"comment_status":"","ping_status":"","sticky":false,"template":"","format":"standard","meta":{"footnotes":"","_share_on_mastodon":"0"},"categories":[4],"tags":[11,3079,1011,27,3082,12,15923,25],"class_list":["post-1150614","post","type-post","status-publish","format-standard","has-post-thumbnail","category-france","tag-actualites","tag-election-presidentielle-2027","tag-fr","tag-france","tag-francois-hollande","tag-news","tag-raphael-glucksmann","tag-republique-francaise"],"share_on_mastodon":{"url":"https:\/\/pubeurope.com\/@fr\/117163520606816631","error":""},"_links":{"self":[{"href":"https:\/\/www.europesays.com\/fr\/wp-json\/wp\/v2\/posts\/1150614","targetHints":{"allow":["GET"]}}],"collection":[{"href":"https:\/\/www.europesays.com\/fr\/wp-json\/wp\/v2\/posts"}],"about":[{"href":"https:\/\/www.europesays.com\/fr\/wp-json\/wp\/v2\/types\/post"}],"author":[{"embeddable":true,"href":"https:\/\/www.europesays.com\/fr\/wp-json\/wp\/v2\/users\/2"}],"replies":[{"embeddable":true,"href":"https:\/\/www.europesays.com\/fr\/wp-json\/wp\/v2\/comments?post=1150614"}],"version-history":[{"count":0,"href":"https:\/\/www.europesays.com\/fr\/wp-json\/wp\/v2\/posts\/1150614\/revisions"}],"wp:featuredmedia":[{"embeddable":true,"href":"https:\/\/www.europesays.com\/fr\/wp-json\/wp\/v2\/media\/1150615"}],"wp:attachment":[{"href":"https:\/\/www.europesays.com\/fr\/wp-json\/wp\/v2\/media?parent=1150614"}],"wp:term":[{"taxonomy":"category","embeddable":true,"href":"https:\/\/www.europesays.com\/fr\/wp-json\/wp\/v2\/categories?post=1150614"},{"taxonomy":"post_tag","embeddable":true,"href":"https:\/\/www.europesays.com\/fr\/wp-json\/wp\/v2\/tags?post=1150614"}],"curies":[{"name":"wp","href":"https:\/\/api.w.org\/{rel}","templated":true}]}}