{"id":115066,"date":"2025-05-20T19:32:10","date_gmt":"2025-05-20T19:32:10","guid":{"rendered":"https:\/\/www.europesays.com\/fr\/115066\/"},"modified":"2025-05-20T19:32:10","modified_gmt":"2025-05-20T19:32:10","slug":"pourquoi-thomas-jolly-doit-renoncer-a-son-projet-de-grand-spectacle-du-14-juillet-a-rouen","status":"publish","type":"post","link":"https:\/\/www.europesays.com\/fr\/115066\/","title":{"rendered":"Pourquoi Thomas Jolly doit renoncer \u00e0 son projet de grand spectacle du 14-juillet \u00e0 Rouen"},"content":{"rendered":"<p>        <img decoding=\"async\" loading=\"lazy\" src=\"https:\/\/www.europesays.com\/fr\/wp-content\/uploads\/2025\/05\/5ff6bf8_1667903241842-gettyimages-1244560051.jpg\"  width=\"728\" height=\"409\" alt=\"Thomas Jolly d\u00e9nonce un \u00ab\u00a0discours de haine\u00a0\u00bb \u00e0 son \u00e9gard apr\u00e8s l\u2019abandon du projet de spectacle pour le 14-juillet \u00e0 Rouen.\"\/>  <\/p>\n<p>JOEL SAGET \/ AFP via Getty Images<\/p>\n<p>Thomas Jolly d\u00e9nonce un \u00ab\u00a0discours de haine\u00a0\u00bb \u00e0 son \u00e9gard apr\u00e8s l\u2019abandon du projet de spectacle pour le 14-juillet \u00e0 Rouen.<\/p>\n<p class=\"asset asset-text\">NORMANDIE &#8211; Un projet qui ne faisait pas l\u2019unanimit\u00e9, finalement abandonn\u00e9. Le spectacle sur lequel travaillait <a href=\"https:\/\/www.huffingtonpost.fr\/culture\/article\/aux-molieres-2025-thomas-jolly-se-dit-pret-a-en-decoudre-face-aux-attaques-contre-la-culture_249380.html\" target=\"_blank\" rel=\"noopener\">Thomas\u00a0Jolly<\/a>\u00a0pour le 14-Juillet \u00e0 <a href=\"https:\/\/www.huffingtonpost.fr\/sport\/article\/a-l-open-de-rouen-harriet-dart-s-excuse-aupres-de-lois-boisson-apres-lui-avoir-demande-de-mettre-du-deo_248870.html\" target=\"_blank\" rel=\"noopener\">Rouen <\/a>\u00ab\u00a0n\u2019aboutira pas\u00a0\u00bb, faute de financements priv\u00e9s. Le directeur artistique des Jeux de Paris a aussit\u00f4t d\u00e9nonc\u00e9 un \u00ab\u00a0discours de haine\u00a0\u00bb ces derniers jours \u00e0 son \u00e9gard.<\/p>\n<p class=\"asset asset-text\">Thomas\u00a0Jolly travaillait depuis d\u00e9cembre avec Thierry Reboul, directeur des c\u00e9r\u00e9monies des Jeux olympiques et paralympiques en 2024, sur un spectacle de 1h30, intitul\u00e9 14.7, dont l\u2019id\u00e9e \u00e9tait de promouvoir les valeurs de la R\u00e9publique. Ce projet repr\u00e9sentait un investissement de 11\u00a0millions d\u2019euros, dont six provenant de financements priv\u00e9s et cinq de fonds publics (ville et m\u00e9tropole).<\/p>\n<p class=\"asset asset-text\">Ses grandes lignes avaient \u00e9t\u00e9 pr\u00e9sent\u00e9es la semaine derni\u00e8re devant des \u00e9lus. Pour \u00eatre valid\u00e9, il n\u00e9cessitait un vote favorable de la mairie de Rouen et de la m\u00e9tropole, mais aussi la consolidation de partenariats priv\u00e9s, avait indiqu\u00e9 son entourage \u00e0 l\u2019AFP. \u00ab\u00a0Le projet artistique [\u2026] n\u2019aboutira pas\u00a0\u00bb, \u00e9crivent Thomas\u00a0Jolly\u00a0et Thierry Reboul dans une d\u00e9claration \u00e0 l\u2019AFP. \u00ab\u00a0La part d\u2019argent priv\u00e9 n\u00e9cessaire \u00e0 la tenue du projet n\u2019est pas atteinte. Par cons\u00e9quent, la part d\u2019argent public envisag\u00e9e pour ce projet n\u2019est pas sollicit\u00e9e\u00a0\u00bb, ajoutent-ils.<\/p>\n<p>    \u00ab\u00a0Les \u00e9lections approchent\u00a0\u00bb    <\/p>\n<p class=\"asset asset-text\">Tous deux ont en outre jug\u00e9 \u00ab\u00a0regrettable [\u2026] qu\u2019une partie de la presse, ainsi que certains \u00e9lus politiques, [aient] choisi de divulguer et de commenter ce projet avant m\u00eame que sa faisabilit\u00e9 ne soit assur\u00e9e\u00a0\u00bb. Ils ont \u00ab\u00a0\u0153uvr\u00e9 au discr\u00e9dit du financement public de la culture, \u00e0 la dissension et d\u00e9fiance populaire, plut\u00f4t qu\u2019\u00e0 son unit\u00e9, et ont raviv\u00e9, \u00e0 l\u2019\u00e9gard de Thomas\u00a0Jolly, un discours de haine, bien loin de toute consid\u00e9ration budg\u00e9taire\u00a0\u00bb, d\u00e9plorent-ils.<\/p>\n<p class=\"asset asset-text\">Plusieurs \u00e9lus d\u2019opposition s\u2019\u00e9taient offusqu\u00e9s, dans la presse et sur les r\u00e9seaux sociaux, du co\u00fbt de la manifestation jug\u00e9 trop \u00e9lev\u00e9 \u00e0 leurs yeux. Dans un communiqu\u00e9, le maire socialiste de Rouen et pr\u00e9sident de la m\u00e9tropole, Nicolas Mayer-Rossignol, qui d\u00e9fendait le projet, a fait valoir que cette manifestation \u00ab\u00a0aurait permis de faire travailler des centaines d\u2019artistes locaux, intermittents du spectacle, compagnies, \u00e9tablissements culturels, de mobiliser des milliers de b\u00e9n\u00e9voles\u00a0\u00bb.<\/p>\n<p class=\"asset asset-text\">Elle \u00ab\u00a0aurait permis de faire rayonner notre territoire avec une mise en lumi\u00e8re exceptionnelle de nos artistes et acteurs locaux, de nos talents, de notre monde associatif et \u00e9conomique, de notre patrimoine\u00a0\u00bb, a-t-il insist\u00e9.\u00a0Tout en d\u00e9plorant qu\u2019\u00ab\u00a0une petite minorit\u00e9 politicienne [ait] pr\u00e9f\u00e9r\u00e9 la pol\u00e9mique\u00a0\u00bb. \u00ab\u00a0Les \u00e9lections approchent. Tout cela est navrant\u00a0\u00bb, a-t-il encore dit.<\/p>\n<p class=\"asset asset-text\">Lors de la c\u00e9r\u00e9monie d\u2019ouverture des JO, un tableau intitul\u00e9 Festivit\u00e9 avait \u00e9t\u00e9 pris pour cible par les milieux conservateurs et d\u2019extr\u00eame droite, provoquant un d\u00e9ferlement de commentaires haineux sur les r\u00e9seaux sociaux \u00e0 l\u2019\u00e9gard du metteur en sc\u00e8ne.\u00a0Le 5\u00a0mai, le tribunal correctionnel de Paris a inflig\u00e9 des peines d\u2019amendes et de prison avec sursis \u00e0 l\u2019encontre de sept personnes poursuivies pour ce cyberharc\u00e8lement.<\/p>\n<p class=\"asset asset-text\"><strong>\u00c0 voir \u00e9galement sur\u00a0Le HuffPost\u00a0:<\/strong><\/p>\n<p> La lecture de ce contenu est susceptible d\u2019entra\u00eener un d\u00e9p\u00f4t de cookies de la part de l\u2019op\u00e9rateur tiers qui l\u2019h\u00e9berge. Compte-tenu des choix que vous avez exprim\u00e9s en mati\u00e8re de d\u00e9p\u00f4t de cookies, nous avons bloqu\u00e9 l\u2019affichage de ce contenu. Si vous souhaitez y acc\u00e9der, vous devez accepter la cat\u00e9gorie de cookies \u201cContenus tiers\u201d en cliquant sur le bouton ci-dessous. <\/p>\n<p> Lire la Vid\u00e9o                <\/p>\n","protected":false},"excerpt":{"rendered":"JOEL SAGET \/ AFP via Getty Images Thomas Jolly d\u00e9nonce un \u00ab\u00a0discours de haine\u00a0\u00bb \u00e0 son \u00e9gard apr\u00e8s&hellip;\n","protected":false},"author":2,"featured_media":115067,"comment_status":"","ping_status":"","sticky":false,"template":"","format":"standard","meta":{"footnotes":""},"categories":[9587],"tags":[10915,1111,11,251,1777,674,1011,27,12,5161,25,9590],"class_list":{"0":"post-115066","1":"post","2":"type-post","3":"status-publish","4":"format-standard","5":"has-post-thumbnail","7":"category-rouen","8":"tag-14-juillet","9":"tag-actu","10":"tag-actualites","11":"tag-culture","12":"tag-eu","13":"tag-europe","14":"tag-fr","15":"tag-france","16":"tag-news","17":"tag-normandie","18":"tag-republique-francaise","19":"tag-rouen"},"share_on_mastodon":{"url":"https:\/\/pubeurope.com\/@fr\/114541831438690906","error":""},"_links":{"self":[{"href":"https:\/\/www.europesays.com\/fr\/wp-json\/wp\/v2\/posts\/115066","targetHints":{"allow":["GET"]}}],"collection":[{"href":"https:\/\/www.europesays.com\/fr\/wp-json\/wp\/v2\/posts"}],"about":[{"href":"https:\/\/www.europesays.com\/fr\/wp-json\/wp\/v2\/types\/post"}],"author":[{"embeddable":true,"href":"https:\/\/www.europesays.com\/fr\/wp-json\/wp\/v2\/users\/2"}],"replies":[{"embeddable":true,"href":"https:\/\/www.europesays.com\/fr\/wp-json\/wp\/v2\/comments?post=115066"}],"version-history":[{"count":0,"href":"https:\/\/www.europesays.com\/fr\/wp-json\/wp\/v2\/posts\/115066\/revisions"}],"wp:featuredmedia":[{"embeddable":true,"href":"https:\/\/www.europesays.com\/fr\/wp-json\/wp\/v2\/media\/115067"}],"wp:attachment":[{"href":"https:\/\/www.europesays.com\/fr\/wp-json\/wp\/v2\/media?parent=115066"}],"wp:term":[{"taxonomy":"category","embeddable":true,"href":"https:\/\/www.europesays.com\/fr\/wp-json\/wp\/v2\/categories?post=115066"},{"taxonomy":"post_tag","embeddable":true,"href":"https:\/\/www.europesays.com\/fr\/wp-json\/wp\/v2\/tags?post=115066"}],"curies":[{"name":"wp","href":"https:\/\/api.w.org\/{rel}","templated":true}]}}