{"id":1150696,"date":"2026-08-26T20:41:09","date_gmt":"2026-08-26T20:41:09","guid":{"rendered":"https:\/\/www.europesays.com\/fr\/1150696\/"},"modified":"2026-08-26T20:41:09","modified_gmt":"2026-08-26T20:41:09","slug":"presidentielle-2027-le-pen-toujours-loin-devant-melenchon-en-position-de-se-qualifier-au-second-tour-glucksmann-en-dynamique-decouvrez-le-sondage-du-figaro","status":"publish","type":"post","link":"https:\/\/www.europesays.com\/fr\/1150696\/","title":{"rendered":"Pr\u00e9sidentielle 2027\u00a0: Le\u00a0Pen toujours loin devant, M\u00e9lenchon en position de se qualifier au second tour, Glucksmann en dynamique\u2026 D\u00e9couvrez le sondage du Figaro"},"content":{"rendered":"<p>\n    <strong>EXCLUSIF &#8211; <\/strong>Si Marine Le Pen enregistre une l\u00e9g\u00e8re baisse, elle reste la grande favorite du scrutin, selon une enqu\u00eate Ifop-Fiducial pour Le Figaro, LCI et Sud Radio.<\/p>\n<p class=\"fig-paragraph\">Huit mois, c\u2019est \u00e0 la fois court et une \u00e9ternit\u00e9 en politique. Surtout lorsqu\u2019une pr\u00e9sidentielle \u00e0 l\u2019issue incertaine se profile \u00e0 l\u2019horizon. Apr\u00e8s un \u00e9t\u00e9 de relative accalmie dans la course \u00e0 l\u2019\u00c9lys\u00e9e, la fin ao\u00fbt marque un net changement de rythme. D\u00e9claration de candidature de\u00a0<a href=\"http:\/\/www.lefigaro.fr\/politique\/presidentielle-2027-raphael-glucksmann-se-lance-dans-la-course-20260823\" data-fig-type=\"Article\" data-gtm-custom-categorie=\"navigation\" data-gtm-custom-action=\"crossclick\" data-gtm-custom-label=\"Contextuel\" data-gtm-event=\"customEventSPE\" data-fig-domain=\"LEFIGARO\" rel=\"nofollow noopener\" target=\"_blank\">Rapha\u00ebl Glucksmann<\/a>, tensions croissantes entre\u00a0<a href=\"http:\/\/www.lefigaro.fr\/actualite-france\/il-y-a-un-probleme-de-niveau-gabriel-attal-candidat-a-la-presidentielle-veut-un-ministre-de-l-education-pour-cinq-ans-et-retablir-le-certificat-d-etudes-20260825\" data-fig-type=\"NewsFlash\" data-gtm-custom-categorie=\"navigation\" data-gtm-custom-action=\"crossclick\" data-gtm-custom-label=\"Contextuel\" data-gtm-event=\"customEventSPE\" data-fig-domain=\"LEFIGARO\" rel=\"nofollow noopener\" target=\"_blank\">Gabriel Attal\u00a0<\/a>et\u00a0<a href=\"http:\/\/www.lefigaro.fr\/politique\/ca-fait-bouger-les-lignes-sur-l-ile-de-la-reunion-edouard-philippe-drague-les-elus-lr-et-divers-droite-20260826\" data-fig-type=\"NewsFlash\" data-gtm-custom-categorie=\"navigation\" data-gtm-custom-action=\"crossclick\" data-gtm-custom-label=\"Contextuel\" data-gtm-event=\"customEventSPE\" data-fig-domain=\"LEFIGARO\" rel=\"nofollow noopener\" target=\"_blank\">\u00c9douard Philippe<\/a>, divisions des \u00c9cologistes sur leur strat\u00e9gie, rentr\u00e9e tambour battant des Insoumis dans la Dr\u00f4me, premier d\u00e9bat au Medef ce jeudi entre les principaux candidats face aux patrons\u2026 Les signes d\u2019une acc\u00e9l\u00e9ration de la campagne se multiplient ces derniers jours.<\/p>\n<p class=\"fig-paragraph\">Autre indicateur de cette mont\u00e9e en puissance\u00a0: la place croissante que vont occuper les sondages dans le d\u00e9bat m\u00e9diatico-politique \u00e0 l\u2019approche du scrutin. \u00c0 l\u2019instar de la derni\u00e8re vague de notre \u00e9tude Ifop-Fiducial pour Le Figaro, LCI et Sud Radio, publi\u00e9e ce mercredi, qui livre de nouvelles intentions de vote, pour le premier comme pour le second tour. Signe que le paysage\u2026<\/p>\n<p class=\"fig-premium-paywall__infos\">\n        Cet article est r\u00e9serv\u00e9 aux abonn\u00e9s.        Il vous reste 85% \u00e0 d\u00e9couvrir.\n    <\/p>\n<p>                <img  data- alt=\"Le Figaro\" class=\"fig-img--complete fig-img\"\/><\/p>\n<p class=\"fig-premium-paywall__title\">Vous avez envie de lire la suite ?<\/p>\n<p class=\"fig-premium-paywall__subtitle\">D\u00e9bloquez tous les articles imm\u00e9diatement.<\/p>\n<p class=\"fig-premium-paywall__connect\">\n                D\u00e9j\u00e0 abonn\u00e9\u00a0?                <a class=\"fig-premium-paywall__connect-link\" href=\"https:\/\/connect.lefigaro.fr\/login?client=horizon_web&amp;type=main&amp;redirect_uri=https%3A%2F%2Fwww.lefigaro.fr%2Felections%2Fpresidentielles%2Fpresidentielle-2027-le-pen-toujours-loin-devant-melenchon-en-position-de-se-qualifier-au-second-tour-glucksmann-en-dynamique-decouvrez-le-sondage-du-figaro-20260826\" data-js-gtm=\"{&quot;event&quot;:&quot;customEventGA4&quot;,&quot;eventName&quot;:&quot;click_action&quot;,&quot;feature&quot;:&quot;paywall&quot;,&quot;location&quot;:&quot;paywall&quot;,&quot;button_action&quot;:&quot;connect&quot;,&quot;click_text&quot;:&quot;Connectez-vous&quot;}\" rel=\"nofollow noopener\" target=\"_blank\"><br \/>\n                    Connectez-vous<br \/>\n                <\/a>\n            <\/p>\n","protected":false},"excerpt":{"rendered":"EXCLUSIF &#8211; Si Marine Le Pen enregistre une l\u00e9g\u00e8re baisse, elle reste la grande favorite du scrutin, selon&hellip;\n","protected":false},"author":2,"featured_media":1150697,"comment_status":"","ping_status":"","sticky":false,"template":"","format":"standard","meta":{"footnotes":"","_share_on_mastodon":"0"},"categories":[2],"tags":[11,3080,1011,27,430,12,15923,25],"class_list":["post-1150696","post","type-post","status-publish","format-standard","has-post-thumbnail","category-actualites","tag-actualites","tag-edouard-philippe","tag-fr","tag-france","tag-marine-le-pen","tag-news","tag-raphael-glucksmann","tag-republique-francaise"],"share_on_mastodon":{"url":"https:\/\/pubeurope.com\/@fr\/117163752535653231","error":""},"_links":{"self":[{"href":"https:\/\/www.europesays.com\/fr\/wp-json\/wp\/v2\/posts\/1150696","targetHints":{"allow":["GET"]}}],"collection":[{"href":"https:\/\/www.europesays.com\/fr\/wp-json\/wp\/v2\/posts"}],"about":[{"href":"https:\/\/www.europesays.com\/fr\/wp-json\/wp\/v2\/types\/post"}],"author":[{"embeddable":true,"href":"https:\/\/www.europesays.com\/fr\/wp-json\/wp\/v2\/users\/2"}],"replies":[{"embeddable":true,"href":"https:\/\/www.europesays.com\/fr\/wp-json\/wp\/v2\/comments?post=1150696"}],"version-history":[{"count":0,"href":"https:\/\/www.europesays.com\/fr\/wp-json\/wp\/v2\/posts\/1150696\/revisions"}],"wp:featuredmedia":[{"embeddable":true,"href":"https:\/\/www.europesays.com\/fr\/wp-json\/wp\/v2\/media\/1150697"}],"wp:attachment":[{"href":"https:\/\/www.europesays.com\/fr\/wp-json\/wp\/v2\/media?parent=1150696"}],"wp:term":[{"taxonomy":"category","embeddable":true,"href":"https:\/\/www.europesays.com\/fr\/wp-json\/wp\/v2\/categories?post=1150696"},{"taxonomy":"post_tag","embeddable":true,"href":"https:\/\/www.europesays.com\/fr\/wp-json\/wp\/v2\/tags?post=1150696"}],"curies":[{"name":"wp","href":"https:\/\/api.w.org\/{rel}","templated":true}]}}