{"id":11507,"date":"2025-04-09T01:14:09","date_gmt":"2025-04-09T01:14:09","guid":{"rendered":"https:\/\/www.europesays.com\/fr\/11507\/"},"modified":"2025-04-09T01:14:09","modified_gmt":"2025-04-09T01:14:09","slug":"attention-ce-signe-physique-sur-votre-visage-lorsque-vous-etes-assis-pourrait-etre-le-signe-dun-cancer","status":"publish","type":"post","link":"https:\/\/www.europesays.com\/fr\/11507\/","title":{"rendered":"Attention, ce signe physique sur votre visage lorsque vous \u00eates assis pourrait \u00eatre le signe d&rsquo;un cancer"},"content":{"rendered":"<p>Le cancer de la prostate est le plus fr\u00e9quent chez l&rsquo;homme avec 59 800 nouveaux cas pour l&rsquo;ann\u00e9e 2018, rapporte<a data-i13n=\"cpos:1;pos:1\" href=\"https:\/\/www.frm.org\/fr\/maladies\/recherches-cancers\/cancer-de-la-prostate\/tout-savoir-sur-le-cancer-de-la-prostate\" rel=\"nofollow noopener\" target=\"_blank\" data-ylk=\"slk:la Fondation pour la Recherche m\u00e9dicale;cpos:1;pos:1;elm:context_link;itc:0;sec:content-canvas\" class=\"link \"> la Fondation pour la Recherche m\u00e9dicale<\/a>. Cinq ans apr\u00e8s le diagnostic, le pronostic reste bon avec un taux de survie de 93 %. L&rsquo;am\u00e9lioration du d\u00e9pistage pr\u00e9coce permet de poser un diagnostic rapide de la maladie et de mettre en place un traitement adapt\u00e9 \u00e0 chaque patient.<\/p>\n<p><strong>LIRE AUSSI &gt;&gt; <\/strong><a data-i13n=\"cpos:2;pos:1\" href=\"https:\/\/fr.news.yahoo.com\/cancer-de-la-prostate--lorsque-vous-allez-aux-toilettes-nignorez-pas-ce-signe-un-cancerologue-conseille-les-hommes-pour-leviter-154852529.html\" data-ylk=\"slk:Cancer de la prostate : &quot;Lorsque vous allez aux toilettes, n\u2019ignorez pas ce signe&quot;, un canc\u00e9rologue conseille les hommes pour l&#039;\u00e9viter;cpos:2;pos:1;elm:context_link;itc:0;sec:content-canvas;outcm:mb_qualified_link;_E:mb_qualified_link;ct:story;\" class=\"link  yahoo-link\" target=\"_blank\" rel=\"noopener\">Cancer de la prostate : \u00ab\u00a0Lorsque vous allez aux toilettes, n\u2019ignorez pas ce signe\u00a0\u00bb, un canc\u00e9rologue conseille les hommes pour l&rsquo;\u00e9viter<\/a><\/p>\n<p><a data-i13n=\"cpos:3;pos:1\" href=\"https:\/\/www.getsurrey.co.uk\/news\/health\/doctor-says-face-someone-makes-31363219\" rel=\"nofollow noopener\" target=\"_blank\" data-ylk=\"slk:Le site Surrey Live;cpos:3;pos:1;elm:context_link;itc:0;sec:content-canvas\" class=\"link \">Le site Surrey Live<\/a> recommande d&rsquo;\u00eatre attentif \u00e0 un petit signe physique. En effet, une grimace de douleur faite par un homme alors qu&rsquo;il s&rsquo;assoit pourrait \u00eatre le signe d&rsquo;un cancer de la prostate. \u00ab\u00a0Ressentir une douleur en position assise peut sembler un inconfort mineur, mais dans certains cas, cela peut \u00eatre un signe avant-coureur de cancer de la prostate. D&rsquo;autres facteurs peuvent contribuer \u00e0 ce type de douleur comme une tension musculaire, des h\u00e9morro\u00efdes ou des infections. Cependant, si vous souffrez d&rsquo;une g\u00eane persistante dans cette r\u00e9gion du corps, il ne faut pas l&rsquo;ignorer\u00a0\u00bb, explique le Dr Jiri Kubes, oncologue.<\/p>\n<p>Troubles urinaires et traces de sang<\/p>\n<p>\u00ab\u00a0\u00c0 mesure que la maladie progresse, elle peut entra\u00eener divers sympt\u00f4mes, notamment des douleurs en position assise. Les douleurs p\u00e9rin\u00e9ales \u2013 la zone situ\u00e9e entre le scrotum et le rectum \u2013 r\u00e9sultent souvent d\u2019une inflammation de la prostate due \u00e0 des tumeurs canc\u00e9reuses. Dans certains cas, les tumeurs prostatiques peuvent comprimer les tissus environnants\u00a0\u00bb, d\u00e9taille l&rsquo;oncologue cit\u00e9 par le m\u00e9dia.<\/p>\n<p><strong>LIRE AUSSI &gt;&gt; <\/strong><a data-i13n=\"cpos:4;pos:1\" href=\"https:\/\/fr.news.yahoo.com\/avertissement-sur-le-cancer-de-la-prostate--soyez-vigilant-a-ces-signes-revelateurs-095014355.html\" data-ylk=\"slk:Avertissement sur le cancer de la prostate : soyez vigilant \u00e0 ces signes r\u00e9v\u00e9lateurs;cpos:4;pos:1;elm:context_link;itc:0;sec:content-canvas;outcm:mb_qualified_link;_E:mb_qualified_link;ct:story;\" class=\"link  yahoo-link\" target=\"_blank\" rel=\"noopener\">Avertissement sur le cancer de la prostate : soyez vigilant \u00e0 ces signes r\u00e9v\u00e9lateurs<\/a><\/p>\n<p>Parmi les autres signes du cancer de la prostate, les m\u00e9decins recommandent d&rsquo;\u00eatre attentif \u00e0 l&rsquo;apparition de troubles de la miction, de fuites urinaire ou d&rsquo;infections urinaires. La pr\u00e9sence de sang dans le sperme et dans l&rsquo;urine est \u00e9galement un signe d&rsquo;alerte qui doit pousser \u00e0 consulter un m\u00e9decin afin de r\u00e9aliser un bilan. \u00ab\u00a0Comme pour tout changement corporel, il est important de le surveiller de pr\u00e8s et de consulter votre m\u00e9decin g\u00e9n\u00e9raliste au plus vite. Dans certains cas, il n&rsquo;y a pas lieu de s&rsquo;inqui\u00e9ter, mais il est essentiel de consulter un sp\u00e9cialiste en cas de doute\u00a0\u00bb, recommande le Dr Kubes.<\/p>\n","protected":false},"excerpt":{"rendered":"Le cancer de la prostate est le plus fr\u00e9quent chez l&rsquo;homme avec 59 800 nouveaux cas pour l&rsquo;ann\u00e9e&hellip;\n","protected":false},"author":2,"featured_media":11508,"comment_status":"","ping_status":"","sticky":false,"template":"","format":"standard","meta":{"footnotes":""},"categories":[10],"tags":[5474,1011,27,72,5476,5477,71,3789,5475],"class_list":{"0":"post-11507","1":"post","2":"type-post","3":"status-publish","4":"format-standard","5":"has-post-thumbnail","7":"category-sante","8":"tag-cancer-de-la-prostate","9":"tag-fr","10":"tag-france","11":"tag-health","12":"tag-jiri-kubes","13":"tag-sang-dans-le-sperme","14":"tag-sante","15":"tag-signe","16":"tag-troubles-de-la-miction"},"share_on_mastodon":{"url":"https:\/\/pubeurope.com\/@fr\/114305359142853314","error":""},"_links":{"self":[{"href":"https:\/\/www.europesays.com\/fr\/wp-json\/wp\/v2\/posts\/11507","targetHints":{"allow":["GET"]}}],"collection":[{"href":"https:\/\/www.europesays.com\/fr\/wp-json\/wp\/v2\/posts"}],"about":[{"href":"https:\/\/www.europesays.com\/fr\/wp-json\/wp\/v2\/types\/post"}],"author":[{"embeddable":true,"href":"https:\/\/www.europesays.com\/fr\/wp-json\/wp\/v2\/users\/2"}],"replies":[{"embeddable":true,"href":"https:\/\/www.europesays.com\/fr\/wp-json\/wp\/v2\/comments?post=11507"}],"version-history":[{"count":0,"href":"https:\/\/www.europesays.com\/fr\/wp-json\/wp\/v2\/posts\/11507\/revisions"}],"wp:featuredmedia":[{"embeddable":true,"href":"https:\/\/www.europesays.com\/fr\/wp-json\/wp\/v2\/media\/11508"}],"wp:attachment":[{"href":"https:\/\/www.europesays.com\/fr\/wp-json\/wp\/v2\/media?parent=11507"}],"wp:term":[{"taxonomy":"category","embeddable":true,"href":"https:\/\/www.europesays.com\/fr\/wp-json\/wp\/v2\/categories?post=11507"},{"taxonomy":"post_tag","embeddable":true,"href":"https:\/\/www.europesays.com\/fr\/wp-json\/wp\/v2\/tags?post=11507"}],"curies":[{"name":"wp","href":"https:\/\/api.w.org\/{rel}","templated":true}]}}