{"id":115070,"date":"2025-05-20T19:34:19","date_gmt":"2025-05-20T19:34:19","guid":{"rendered":"https:\/\/www.europesays.com\/fr\/115070\/"},"modified":"2025-05-20T19:34:19","modified_gmt":"2025-05-20T19:34:19","slug":"grenoble-patrick-chanfray-advienne-que-devra-a-la-basse-cour","status":"publish","type":"post","link":"https:\/\/www.europesays.com\/fr\/115070\/","title":{"rendered":"Grenoble. Patrick Chanfray, \u201cAdvienne que devra\u201d, \u00e0 La Basse Cour"},"content":{"rendered":"<p>\u00ab\u00a0Il faut \u00eatre heureux, dans ce pays num\u00e9ro un des consommateurs d\u2019antid\u00e9presseurs. Il faut \u00eatre \u00e9panoui, en n\u2019\u00e9tant pas envieux. Il faut collectionner les r\u00e9ussites, gr\u00e2ce \u00e0 nos erreurs. Il faut manger bio, pour \u00eatre malade un peu plus tard que pr\u00e9vu. Il faut avoir des loisirs, mais \u00e9coresponsables. Il faut rester soi-m\u00eame, en \u00e9tant comme tout le monde, et surtout il faut se d\u00e9tendre, vous avez compris\u00a0? Il faut vous d\u00e9tendre ok\u00a0?\u00a0\u00bb, explique Patrick Chanfray dans son nouveau spectacle. Apr\u00e8s avoir assur\u00e9 les premi\u00e8res parties de Florence Foresti et du duo Omar et Fred, il est apparu r\u00e9guli\u00e8rement dans l\u2019\u00e9mission Vendredi tout est permis pr\u00e9sent\u00e9e par Arthur, mettant \u00e9galement en sc\u00e8ne des pi\u00e8ces et spectacles.<\/p>\n<p class=\"note\">Du jeudi\u00a022 au samedi 24\u00a0mai \u00e0 20\u00a0h\u00a030 \u00e0 La Basse Cour \u00e0 Grenoble. 12 \u00e0 18\u00a0\u20ac.<\/p>\n","protected":false},"excerpt":{"rendered":"\u00ab\u00a0Il faut \u00eatre heureux, dans ce pays num\u00e9ro un des consommateurs d\u2019antid\u00e9presseurs. Il faut \u00eatre \u00e9panoui, en n\u2019\u00e9tant&hellip;\n","protected":false},"author":2,"featured_media":115071,"comment_status":"","ping_status":"","sticky":false,"template":"","format":"standard","meta":{"footnotes":""},"categories":[9566],"tags":[1111,11,2430,1687,112,1777,674,1011,27,2731,2732,108,12,25,3140],"class_list":{"0":"post-115070","1":"post","2":"type-post","3":"status-publish","4":"format-standard","5":"has-post-thumbnail","7":"category-grenoble","8":"tag-actu","9":"tag-actualites","10":"tag-auvergne-rhone-alpes","11":"tag-culture-loisirs","12":"tag-edition-grenoble-agglomeration","13":"tag-eu","14":"tag-europe","15":"tag-fr","16":"tag-france","17":"tag-grenoble","18":"tag-grenoble-bassin","19":"tag-isere","20":"tag-news","21":"tag-republique-francaise","22":"tag-spectacle"},"share_on_mastodon":{"url":"https:\/\/pubeurope.com\/@fr\/114541839303935785","error":""},"_links":{"self":[{"href":"https:\/\/www.europesays.com\/fr\/wp-json\/wp\/v2\/posts\/115070","targetHints":{"allow":["GET"]}}],"collection":[{"href":"https:\/\/www.europesays.com\/fr\/wp-json\/wp\/v2\/posts"}],"about":[{"href":"https:\/\/www.europesays.com\/fr\/wp-json\/wp\/v2\/types\/post"}],"author":[{"embeddable":true,"href":"https:\/\/www.europesays.com\/fr\/wp-json\/wp\/v2\/users\/2"}],"replies":[{"embeddable":true,"href":"https:\/\/www.europesays.com\/fr\/wp-json\/wp\/v2\/comments?post=115070"}],"version-history":[{"count":0,"href":"https:\/\/www.europesays.com\/fr\/wp-json\/wp\/v2\/posts\/115070\/revisions"}],"wp:featuredmedia":[{"embeddable":true,"href":"https:\/\/www.europesays.com\/fr\/wp-json\/wp\/v2\/media\/115071"}],"wp:attachment":[{"href":"https:\/\/www.europesays.com\/fr\/wp-json\/wp\/v2\/media?parent=115070"}],"wp:term":[{"taxonomy":"category","embeddable":true,"href":"https:\/\/www.europesays.com\/fr\/wp-json\/wp\/v2\/categories?post=115070"},{"taxonomy":"post_tag","embeddable":true,"href":"https:\/\/www.europesays.com\/fr\/wp-json\/wp\/v2\/tags?post=115070"}],"curies":[{"name":"wp","href":"https:\/\/api.w.org\/{rel}","templated":true}]}}