{"id":1150703,"date":"2026-08-26T20:46:18","date_gmt":"2026-08-26T20:46:18","guid":{"rendered":"https:\/\/www.europesays.com\/fr\/1150703\/"},"modified":"2026-08-26T20:46:18","modified_gmt":"2026-08-26T20:46:18","slug":"panna-udvardy-elise-mertens-wta-500-monterrey-deuxieme-tour-jeudi-27-aout-2026-lequipe","status":"publish","type":"post","link":"https:\/\/www.europesays.com\/fr\/1150703\/","title":{"rendered":"Panna Udvardy &#8211; Elise Mertens, WTA 500, Monterrey, Deuxi\u00e8me tour, Jeudi 27 ao\u00fbt 2026 &#8211; L&#039;\u00c9quipe"},"content":{"rendered":"<ol>\n<li><a href=\"https:\/\/news.google.com\/rss\/articles\/CBMiwgFBVV95cUxQVjh0bGVqaGNqNHFqVXpwZVpHaXhpOGh0a1UxYVItaTBsNUVScnAwVVBpSmV3QW9BeF9wdUFhUWd5VjdiMEEwb2Q4TmV0MDlZMnh5OHg5VGc3N1hsU3dDSjZqdlQzaG5QQTdFOXFvS0NGZnQtTGF1Y2FpYW1jSHZhdTZnVmNtZFlLX2tOaXdaU1Ztdlp2c2g1WFFONEhWTGpwYjItLUJSdnYyQ2lBWlF0S2phMnNrRDdHMzhmSXYzSTRKUQ?oc=5\" target=\"_blank\" rel=\"nofollow noopener\">Panna Udvardy &#8211; Elise Mertens, WTA 500, Monterrey, Deuxi\u00e8me tour, Jeudi 27 ao\u00fbt 2026<\/a>&nbsp;&nbsp;L&rsquo;\u00c9quipe<\/li>\n<li><a href=\"https:\/\/news.google.com\/rss\/articles\/CBMigAFBVV95cUxPOEtIMGZzZXNia0N4NWFNQTBZejFBdGw5eFZNOUZpVkp0Z1pHR0dYYTR4cGU2ejhnM3c4elByWDBFQnk1OUVub21yeG1yMm92NTVhUVl4UUZmUmVsYjYwT1NTRkxfT1lXN212dW1JdXVHaVFGUVZfT1c5aUtVZUxiNw?oc=5\" target=\"_blank\" rel=\"nofollow noopener\">Pronostic Panna Udvardy &#8211; Elise Mertens, WTA Monterrey &#8211; 26\/08\/2026<\/a>&nbsp;&nbsp;SportyTrader<\/li>\n<li><a href=\"https:\/\/news.google.com\/rss\/articles\/CBMi5AFBVV95cUxPWEtJTlB5V0ZsSlZldDNqdGFXVkNsYnpDd0hJQnp2bnN4UFFGTzdNR1FoSGN5dFdvQjBZbjA3RzZnSGdwelFHYTd4RUpnbHBKTWNzN2VUYnoxaXFaOGpFVGt1RG03VFRMUVowZ1p1ZVQ0WWd2SlRZSWVYYlNNTWZIV01QOGJhZUFUd2pmMGRiUjVzd1pUOXdQbmdhS2xSSlI4akVISkJXVWxUZ3pVTEhGMllDWnMzNW5YczNhaXFfTjVSQzRHNktkcjBvbUhpSjEtLXFXUjBEX1VLUnJ6b3k0MVVPcEk?oc=5\" target=\"_blank\" rel=\"nofollow noopener\">WTA Monterrey &#8211; Elise Mertens d\u00e9butera contre Kalinina ou une qualifi\u00e9e<\/a>&nbsp;&nbsp;La Libre.be<\/li>\n<li><a href=\"https:\/\/news.google.com\/rss\/articles\/CBMijgFBVV95cUxQVUlCV2Y3OW5BQ2J4bDJqYk5PYjUwV1RCMEpaY2FvQmZyT2VaV0lFck1DZnhXNUlBa3YxYnI5VU9vY2tuYlZXbGVyMElBRnBSM3RtWGUtQ0NMdTFQaWNXSlBCQnFfOEswY2RIbXFROEVMZnI1RE4tRzAtaHBPdlZHaVVWYUoxel9kcjh2QnFn?oc=5\" target=\"_blank\" rel=\"nofollow noopener\">Le WTA 500 de Monterrey frapp\u00e9 par une vague de forfaits, Linda Noskova en t\u00eate de liste<\/a>&nbsp;&nbsp;Tennis Temple<\/li>\n<li><a href=\"https:\/\/news.google.com\/rss\/articles\/CBMixgFBVV95cUxNcmVRMVE5cDg0UDlOd0VGRU50ejRWOVJfemNLMjB5VmN2czI5S2R4ZFRGWGVrZkdZMl85dVNrM3BIaEpka1FhS2ZFempLWS1GYW9VV1JKVVk5M19KWHVFbFJUdGMyeDFIcngyQXFwM1dZR1FvUEM3RkhEdkJTb0xEZmlTVWtQclNldWl0SE03VVhXcDRvejRwbHhoTmVoMjNTTUlIekY1WnQxal9tSmRJamlWelFkV2JOVkRfQ3kwcm9zdmlBSFE?oc=5\" target=\"_blank\" rel=\"nofollow noopener\">WTA 500 Monterrey : dates, programme, prize money, diffusion\u2026 tout savoir sur l\u2019\u00e9dition 2026<\/a>&nbsp;&nbsp;Univers Tennis<\/li>\n<\/ol>\n","protected":false},"excerpt":{"rendered":"Panna Udvardy &#8211; Elise Mertens, WTA 500, Monterrey, Deuxi\u00e8me tour, Jeudi 27 ao\u00fbt 2026&nbsp;&nbsp;L&rsquo;\u00c9quipe Pronostic Panna Udvardy &#8211;&hellip;\n","protected":false},"author":2,"featured_media":912358,"comment_status":"","ping_status":"","sticky":false,"template":"","format":"standard","meta":{"footnotes":"","_share_on_mastodon":"0"},"categories":[1415],"tags":[1011,27,64608,73268,117598,60,1467],"class_list":["post-1150703","post","type-post","status-publish","format-standard","has-post-thumbnail","category-tennis","tag-fr","tag-france","tag-monterrey","tag-null","tag-panna-udvardy-elise-mertens-en-direct","tag-sports","tag-tennis"],"share_on_mastodon":{"url":"https:\/\/pubeurope.com\/@fr\/117163772103203953","error":""},"_links":{"self":[{"href":"https:\/\/www.europesays.com\/fr\/wp-json\/wp\/v2\/posts\/1150703","targetHints":{"allow":["GET"]}}],"collection":[{"href":"https:\/\/www.europesays.com\/fr\/wp-json\/wp\/v2\/posts"}],"about":[{"href":"https:\/\/www.europesays.com\/fr\/wp-json\/wp\/v2\/types\/post"}],"author":[{"embeddable":true,"href":"https:\/\/www.europesays.com\/fr\/wp-json\/wp\/v2\/users\/2"}],"replies":[{"embeddable":true,"href":"https:\/\/www.europesays.com\/fr\/wp-json\/wp\/v2\/comments?post=1150703"}],"version-history":[{"count":0,"href":"https:\/\/www.europesays.com\/fr\/wp-json\/wp\/v2\/posts\/1150703\/revisions"}],"wp:featuredmedia":[{"embeddable":true,"href":"https:\/\/www.europesays.com\/fr\/wp-json\/wp\/v2\/media\/912358"}],"wp:attachment":[{"href":"https:\/\/www.europesays.com\/fr\/wp-json\/wp\/v2\/media?parent=1150703"}],"wp:term":[{"taxonomy":"category","embeddable":true,"href":"https:\/\/www.europesays.com\/fr\/wp-json\/wp\/v2\/categories?post=1150703"},{"taxonomy":"post_tag","embeddable":true,"href":"https:\/\/www.europesays.com\/fr\/wp-json\/wp\/v2\/tags?post=1150703"}],"curies":[{"name":"wp","href":"https:\/\/api.w.org\/{rel}","templated":true}]}}