{"id":1150713,"date":"2026-08-26T20:56:17","date_gmt":"2026-08-26T20:56:17","guid":{"rendered":"https:\/\/www.europesays.com\/fr\/1150713\/"},"modified":"2026-08-26T20:56:17","modified_gmt":"2026-08-26T20:56:17","slug":"ce-concert-ne-devrait-pas-avoir-lieu-les-elus-de-grand-poitiers-expliquent-leur-decision-forte-sur-la-venue-de-patrick-bruel","status":"publish","type":"post","link":"https:\/\/www.europesays.com\/fr\/1150713\/","title":{"rendered":"\u00ab\u00a0Ce concert ne devrait pas avoir lieu\u00a0\u00bb : les \u00e9lus de Grand Poitiers expliquent leur d\u00e9cision forte sur la venue de Patrick Bruel"},"content":{"rendered":"<p>Dans la foul\u00e9e de la\u00a0ministre d\u00e9l\u00e9gu\u00e9e charg\u00e9e de l\u2019\u00c9galit\u00e9 entre les femmes et les hommes, qui s\u2019est exprim\u00e9e sur Franceinfo, le service communication de Grand Poitiers a adress\u00e9 un communiqu\u00e9 aux m\u00e9dias poitevins, ce mercredi 26 ao\u00fbt 2026, pour \u00ab\u00a0demander publiquement\u00a0\u00bb l\u2019annulation du concert de Patrick Bruel \u00e0 l\u2019Arena Futuroscope, le 13\u00a0novembre prochain, \u00ab\u00a0au regard des accusations de violences sexuelles qui font actuellement l\u2019objet de proc\u00e9dures judiciaires\u00a0\u00bb.<\/p>\n<p>Un peu plus t\u00f4t dans la journ\u00e9e, Aurore Berg\u00e9 avait elle-m\u00eame estim\u00e9 que \u00ab\u00a0les conditions ne sont pas r\u00e9unies pour que les concerts [de Patrick Bruel] puissent se tenir et ce n\u2019est pas venir enfreindre le principe de la pr\u00e9somption d\u2019innocence\u00a0\u00bb.<\/p>\n<p>\u00ab\u00a0Nous ne pouvons pas rester indiff\u00e9rents face aux accusations port\u00e9es\u00a0\u00bb<\/p>\n<p>Le courrier cosign\u00e9 par\u00a0Anthony Brottier, pr\u00e9sident de Grand Poitiers, et\u00a0Cendrine Cazareth, maire de Chasseneuil-du-Poitou, indique que \u00ab\u00a0les deux collectivit\u00e9s r\u00e9affirment leur attachement absolu \u00e0 la lutte contre les violences sexistes et sexuelles, ainsi que leur soutien aux femmes qui prennent la parole pour d\u00e9noncer les violences qu\u2019elles disent avoir subies\u00a0\u00bb.<\/p>\n<p>Les deux \u00e9lus ajoutent\u00a0: \u00ab\u00a0Cette position ne remet en rien en cause le principe fondamental de pr\u00e9somption d\u2019innocence, qui doit \u00eatre pleinement respect\u00e9 tant que la justice ne s\u2019est pas prononc\u00e9e.\u00a0\u00bb<\/p>\n<p>\u00ab\u00a0Nous ne pouvons pas rester indiff\u00e9rents face aux accusations port\u00e9es et \u00e0 la parole des femmes qui ont choisi de t\u00e9moigner, \u00e9crivent les deux \u00e9diles. Notre position est claire\u00a0: dans le contexte actuel, ce concert ne devrait pas avoir lieu. Cette position ne constitue \u00e9videmment pas un jugement sur la culpabilit\u00e9 ou l\u2019innocence de Patrick Bruel, qui rel\u00e8ve exclusivement de la justice. Mais la pr\u00e9somption d\u2019innocence ne doit pas conduire les collectivit\u00e9s \u00e0 rester silencieuses face aux violences sexistes et sexuelles.\u00a0\u00bb<\/p>\n<p>Le chanteur de 67\u00a0ans est vis\u00e9 par 31 plaintes pour viol ou agression sexuelle et mis en examen dans quatre dossiers de violences sexuelles, des faits qu\u2019il nie. Vendredi 21\u00a0ao\u00fbt, le maire de Chartres avait <a title=\"Lire l&#039;article du 21 ao\u00fbt\" target=\"_self\" href=\"https:\/\/www.lanouvellerepublique.fr\/eure-et-loir\/j-ai-une-pensee-pour-les-victimes-le-maire-de-chartres-ou-patrick-bruel-a-prevu-de-lancer-sa-tournee-souhaite-qu-il-renonce-1787327973\" rel=\"nofollow noopener\">exprim\u00e9 son opposition<\/a> \u00e0 la tenue du concert de l\u2019artiste dans sa ville, le 2\u00a0octobre prochain.<\/p>\n","protected":false},"excerpt":{"rendered":"Dans la foul\u00e9e de la\u00a0ministre d\u00e9l\u00e9gu\u00e9e charg\u00e9e de l\u2019\u00c9galit\u00e9 entre les femmes et les hommes, qui s\u2019est exprim\u00e9e&hellip;\n","protected":false},"author":2,"featured_media":1150714,"comment_status":"","ping_status":"","sticky":false,"template":"","format":"standard","meta":{"footnotes":"","_share_on_mastodon":"0"},"categories":[1355],"tags":[1392,42195,4156,58,59,1011,27,42182,303,1361,873,1653,316,1584,797],"class_list":["post-1150713","post","type-post","status-publish","format-standard","has-post-thumbnail","category-musique","tag-a-la-une-local","tag-chasseneuil-du-poitou","tag-concerts","tag-divertissement","tag-entertainment","tag-fr","tag-france","tag-grand-poitiers","tag-justice","tag-music","tag-musique","tag-poitiers","tag-politique","tag-vienne","tag-violences-faites-aux-femmes"],"share_on_mastodon":{"url":"https:\/\/pubeurope.com\/@fr\/117163811565434702","error":""},"_links":{"self":[{"href":"https:\/\/www.europesays.com\/fr\/wp-json\/wp\/v2\/posts\/1150713","targetHints":{"allow":["GET"]}}],"collection":[{"href":"https:\/\/www.europesays.com\/fr\/wp-json\/wp\/v2\/posts"}],"about":[{"href":"https:\/\/www.europesays.com\/fr\/wp-json\/wp\/v2\/types\/post"}],"author":[{"embeddable":true,"href":"https:\/\/www.europesays.com\/fr\/wp-json\/wp\/v2\/users\/2"}],"replies":[{"embeddable":true,"href":"https:\/\/www.europesays.com\/fr\/wp-json\/wp\/v2\/comments?post=1150713"}],"version-history":[{"count":0,"href":"https:\/\/www.europesays.com\/fr\/wp-json\/wp\/v2\/posts\/1150713\/revisions"}],"wp:featuredmedia":[{"embeddable":true,"href":"https:\/\/www.europesays.com\/fr\/wp-json\/wp\/v2\/media\/1150714"}],"wp:attachment":[{"href":"https:\/\/www.europesays.com\/fr\/wp-json\/wp\/v2\/media?parent=1150713"}],"wp:term":[{"taxonomy":"category","embeddable":true,"href":"https:\/\/www.europesays.com\/fr\/wp-json\/wp\/v2\/categories?post=1150713"},{"taxonomy":"post_tag","embeddable":true,"href":"https:\/\/www.europesays.com\/fr\/wp-json\/wp\/v2\/tags?post=1150713"}],"curies":[{"name":"wp","href":"https:\/\/api.w.org\/{rel}","templated":true}]}}