{"id":115074,"date":"2025-05-20T19:36:21","date_gmt":"2025-05-20T19:36:21","guid":{"rendered":"https:\/\/www.europesays.com\/fr\/115074\/"},"modified":"2025-05-20T19:36:21","modified_gmt":"2025-05-20T19:36:21","slug":"un-bouchon-de-plus-de-7-kilometres-sur-la-rn157","status":"publish","type":"post","link":"https:\/\/www.europesays.com\/fr\/115074\/","title":{"rendered":"un bouchon de plus de 7 kilom\u00e8tres sur la RN157"},"content":{"rendered":"<p>            Par<br \/>\n        <strong><br \/>\n            <a href=\"https:\/\/actu.fr\/auteur\/leo-gautret-actu-fr\" title=\"Consulter tous les articles de L\u00e9o Gautret\" rel=\"nofollow noopener\" target=\"_blank\">L\u00e9o Gautret<\/a><br \/>\n        <\/strong><\/p>\n<p>        Publi\u00e9 le<\/p>\n<p>            20 mai 2025 \u00e0 18h16        <\/p>\n<p>Un <b>bouchon<\/b> de<b> plusieurs kilom\u00e8tres<\/b> s\u2019est form\u00e9 apr\u00e8s un <b>accident<\/b> survenu vers <b>17\u2009h, <\/b>ce <b>mardi 20\u00a0mai<\/b> 2025, sur la <b>RN157,<\/b> \u00e0 hauteur de <b>Br\u00e9c\u00e9<\/b> (Ille-et-Vilaine).<\/p>\n<p class=\" wall-content\">Une <b>voiture<\/b> et un <b>poids lourd <\/b>qui circulaient sur la quatre voies en direction de Laval sont impliqu\u00e9s.<\/p>\n<p>Ralentissements entre Br\u00e9c\u00e9 et Cesson-S\u00e9vign\u00e9<\/p>\n<p class=\" wall-content\">Vers<b> 17\u2009h\u200920,<\/b> Bison Fut\u00e9 signalait la pr\u00e9sence de ralentissements sur <b>plus de 7\u00a0km, <\/b>de <b>Br\u00e9c\u00e9 \u00e0 Cesson-S\u00e9vign\u00e9.<\/b><\/p>\n<p class=\" wall-content\">La circulation a \u00e9t\u00e9 r\u00e9duite \u00e0 une voie \u00e0 l\u2019approche du lieu de l\u2019accident. Le retour \u00e0 la normale s\u2019est effectu\u00e9 progressivement vers 17\u2009h\u200950.<\/p>\n<p class=\" wall-content\">Suivez toute l\u2019actualit\u00e9 de vos villes et m\u00e9dias favoris en vous inscrivant \u00e0 <a href=\"https:\/\/moncompte.actu.fr\" title=\"D\u00e9couvez Mon Actu\" rel=\"nofollow noopener\" data-trk=\"{&quot;cta&quot;:{&quot;action&quot;:&quot;https:\\\/\\\/moncompte.actu.fr&quot;,&quot;category&quot;:&quot;mon compte&quot;,&quot;from&quot;:&quot;article footer&quot;,&quot;name&quot;:&quot;Mon actu&quot;,&quot;type&quot;:&quot;cta&quot;}}\" target=\"_blank\">Mon Actu<\/a>.<\/p>\n","protected":false},"excerpt":{"rendered":"Par L\u00e9o Gautret Publi\u00e9 le 20 mai 2025 \u00e0 18h16 Un bouchon de plusieurs kilom\u00e8tres s\u2019est form\u00e9 apr\u00e8s&hellip;\n","protected":false},"author":2,"featured_media":115075,"comment_status":"","ping_status":"","sticky":false,"template":"","format":"standard","meta":{"footnotes":""},"categories":[2821],"tags":[119,1111,11,829,1777,674,118,1011,27,12,584,25],"class_list":{"0":"post-115074","1":"post","2":"type-post","3":"status-publish","4":"format-standard","5":"has-post-thumbnail","7":"category-rennes","8":"tag-accident","9":"tag-actu","10":"tag-actualites","11":"tag-bretagne","12":"tag-eu","13":"tag-europe","14":"tag-faits-divers","15":"tag-fr","16":"tag-france","17":"tag-news","18":"tag-rennes","19":"tag-republique-francaise"},"share_on_mastodon":{"url":"https:\/\/pubeurope.com\/@fr\/114541847098783974","error":""},"_links":{"self":[{"href":"https:\/\/www.europesays.com\/fr\/wp-json\/wp\/v2\/posts\/115074","targetHints":{"allow":["GET"]}}],"collection":[{"href":"https:\/\/www.europesays.com\/fr\/wp-json\/wp\/v2\/posts"}],"about":[{"href":"https:\/\/www.europesays.com\/fr\/wp-json\/wp\/v2\/types\/post"}],"author":[{"embeddable":true,"href":"https:\/\/www.europesays.com\/fr\/wp-json\/wp\/v2\/users\/2"}],"replies":[{"embeddable":true,"href":"https:\/\/www.europesays.com\/fr\/wp-json\/wp\/v2\/comments?post=115074"}],"version-history":[{"count":0,"href":"https:\/\/www.europesays.com\/fr\/wp-json\/wp\/v2\/posts\/115074\/revisions"}],"wp:featuredmedia":[{"embeddable":true,"href":"https:\/\/www.europesays.com\/fr\/wp-json\/wp\/v2\/media\/115075"}],"wp:attachment":[{"href":"https:\/\/www.europesays.com\/fr\/wp-json\/wp\/v2\/media?parent=115074"}],"wp:term":[{"taxonomy":"category","embeddable":true,"href":"https:\/\/www.europesays.com\/fr\/wp-json\/wp\/v2\/categories?post=115074"},{"taxonomy":"post_tag","embeddable":true,"href":"https:\/\/www.europesays.com\/fr\/wp-json\/wp\/v2\/tags?post=115074"}],"curies":[{"name":"wp","href":"https:\/\/api.w.org\/{rel}","templated":true}]}}