{"id":1150752,"date":"2026-08-26T21:22:38","date_gmt":"2026-08-26T21:22:38","guid":{"rendered":"https:\/\/www.europesays.com\/fr\/1150752\/"},"modified":"2026-08-26T21:22:38","modified_gmt":"2026-08-26T21:22:38","slug":"grenoble-un-chien-abattu-par-un-homme-arme-devant-lappartement-de-ses-proprietaires","status":"publish","type":"post","link":"https:\/\/www.europesays.com\/fr\/1150752\/","title":{"rendered":"Grenoble : un chien abattu par un homme arm\u00e9 devant l\u2019appartement de ses propri\u00e9taires"},"content":{"rendered":"<p itemprop=\"description\"><strong>Deux individus encagoul\u00e9s ont pris la fuite apr\u00e8s avoir mortellement bless\u00e9 un chien par balle, mardi soir dans le quartier de la gare \u00e0 Grenoble.<\/strong><\/p>\n<p>Une enqu\u00eate a \u00e9t\u00e9 ouverte apr\u00e8s une sc\u00e8ne particuli\u00e8rement violente survenue mardi 25 ao\u00fbt, peu avant 23h, rue Ernest-Hareux \u00e0 Grenoble.\u00a0<\/p>\n<p>Selon <a href=\"https:\/\/www.ledauphine.com\/faits-divers-justice\/2026\/08\/26\/son-chien-est-abbattu-devant-sa-porte-par-deux-hommes-encagoules\" target=\"_blank\" rel=\"noopener nofollow\">le Dauphin\u00e9 Lib\u00e9r\u00e9<\/a>, la police judiciaire cherche \u00e0 identifier les deux hommes encagoul\u00e9s et \u00e0 comprendre leurs motivations. Au moment des faits, le propri\u00e9taire, pr\u00e9sent avec ses deux fils, avait ouvert la porte apr\u00e8s avoir \u00e9t\u00e9 alert\u00e9 par son chien et s\u2019\u00e9tait retrouv\u00e9 face aux deux individus, dont l\u2019un \u00e9tait arm\u00e9 d\u2019un fusil.<\/p>\n<p>Le p\u00e8re de famille a imm\u00e9diatement referm\u00e9 la porte, tandis que l&rsquo;animal s&rsquo;est jet\u00e9 sur les deux hommes. L&rsquo;individu arm\u00e9 a alors fait feu sur le chien avant de prendre la fuite avec son complice.<\/p>\n<p>Tr\u00e8s gri\u00e8vement touch\u00e9, l&rsquo;animal a \u00e9t\u00e9 transport\u00e9 par ses propri\u00e9taires aux urgences v\u00e9t\u00e9rinaires. Son \u00e9tat ne permettant pas de le sauver, il a finalement d\u00fb \u00eatre euthanasi\u00e9.<\/p>\n<p>La famille a d\u00e9pos\u00e9 plainte \u00e0 l&rsquo;h\u00f4tel de police de Grenoble.<\/p>\n","protected":false},"excerpt":{"rendered":"Deux individus encagoul\u00e9s ont pris la fuite apr\u00e8s avoir mortellement bless\u00e9 un chien par balle, mardi soir dans&hellip;\n","protected":false},"author":2,"featured_media":1150753,"comment_status":"","ping_status":"","sticky":false,"template":"","format":"standard","meta":{"footnotes":"","_share_on_mastodon":"0"},"categories":[9566],"tags":[1111,11,2813,2430,1109,251,1112,2811,1777,674,118,1011,27,21780,2731,14004,1922,1110,1114,108,12,316,25,2812,517,800],"class_list":["post-1150752","post","type-post","status-publish","format-standard","has-post-thumbnail","category-grenoble","tag-actu","tag-actualites","tag-article","tag-auvergne-rhone-alpes","tag-breves","tag-culture","tag-depeches","tag-economique","tag-eu","tag-europe","tag-faits-divers","tag-fr","tag-france","tag-gf38","tag-grenoble","tag-grenoblemag","tag-info","tag-informations","tag-infos","tag-isere","tag-news","tag-politique","tag-republique-francaise","tag-sociale","tag-sport","tag-transports"],"share_on_mastodon":{"url":"https:\/\/pubeurope.com\/@fr\/117163913773370211","error":""},"_links":{"self":[{"href":"https:\/\/www.europesays.com\/fr\/wp-json\/wp\/v2\/posts\/1150752","targetHints":{"allow":["GET"]}}],"collection":[{"href":"https:\/\/www.europesays.com\/fr\/wp-json\/wp\/v2\/posts"}],"about":[{"href":"https:\/\/www.europesays.com\/fr\/wp-json\/wp\/v2\/types\/post"}],"author":[{"embeddable":true,"href":"https:\/\/www.europesays.com\/fr\/wp-json\/wp\/v2\/users\/2"}],"replies":[{"embeddable":true,"href":"https:\/\/www.europesays.com\/fr\/wp-json\/wp\/v2\/comments?post=1150752"}],"version-history":[{"count":0,"href":"https:\/\/www.europesays.com\/fr\/wp-json\/wp\/v2\/posts\/1150752\/revisions"}],"wp:featuredmedia":[{"embeddable":true,"href":"https:\/\/www.europesays.com\/fr\/wp-json\/wp\/v2\/media\/1150753"}],"wp:attachment":[{"href":"https:\/\/www.europesays.com\/fr\/wp-json\/wp\/v2\/media?parent=1150752"}],"wp:term":[{"taxonomy":"category","embeddable":true,"href":"https:\/\/www.europesays.com\/fr\/wp-json\/wp\/v2\/categories?post=1150752"},{"taxonomy":"post_tag","embeddable":true,"href":"https:\/\/www.europesays.com\/fr\/wp-json\/wp\/v2\/tags?post=1150752"}],"curies":[{"name":"wp","href":"https:\/\/api.w.org\/{rel}","templated":true}]}}