{"id":1150789,"date":"2026-08-26T21:50:13","date_gmt":"2026-08-26T21:50:13","guid":{"rendered":"https:\/\/www.europesays.com\/fr\/1150789\/"},"modified":"2026-08-26T21:50:13","modified_gmt":"2026-08-26T21:50:13","slug":"la-charia-est-presque-comme-un-deuxieme-mode-de-vie-a-paris-selon-donald-trump","status":"publish","type":"post","link":"https:\/\/www.europesays.com\/fr\/1150789\/","title":{"rendered":"La charia est \u00abpresque comme un deuxi\u00e8me mode de vie\u00bb \u00e0 Paris, selon Donald Trump"},"content":{"rendered":"<p>\n    Interrog\u00e9 dans un talk-show conservateur, le pr\u00e9sident am\u00e9ricain a affirm\u00e9 vouloir interdire la charia aux \u00c9tats-Unis. Il a ensuite \u00e9rig\u00e9 Paris et Londres en exemple \u00e0 ne pas suivre, sans pr\u00e9ciser quelles pratiques il visait.<\/p>\n<p class=\"fig-paragraph\">Donald Trump a de nouveau pris pour cible la place<a href=\"http:\/\/www.lefigaro.fr\/actualite-france\/reseaux-tentaculaires-organisation-secrete-quartiers-islamises-le-rapport-choc-sur-les-freres-musulmans-qui-veulent-instaurer-la-charia-en-france-20250520\" target=\"_blank\" data-fig-type=\"Article\" rel=\"noopener nofollow\" data-gtm-custom-categorie=\"navigation\" data-gtm-custom-action=\"crossclick\" data-gtm-custom-label=\"Contextuel\" data-gtm-event=\"customEventSPE\" data-fig-domain=\"LEFIGARO\">\u00a0de la charia en France et en Europe<\/a>. Interrog\u00e9 mercredi par le commentateur conservateur Glenn Beck, le pr\u00e9sident am\u00e9ricain a affirm\u00e9 vouloir interdire toute forme de loi islamique aux \u00c9tats-Unis, avant de citer Londres et Paris, o\u00f9 elle serait, selon lui, devenue \u00abpresque comme un deuxi\u00e8me mode de vie\u00bb.<\/p>\n<p class=\"fig-paragraph\">Sur le plateau de The Glenn Beck Show, l\u2019animateur, pass\u00e9 par Fox News, lui demandait s\u2019il soutiendrait une loi interdisant explicitement la charia aux \u00c9tats-Unis, une question qui fait l\u2019objet de controverses dans le d\u00e9bat politique am\u00e9ricain. \u00abConcernant la charia, je dirais cat\u00e9goriquement qu\u2019elle n\u2019a pas sa place dans ce pays\u00a0: pas de charia\u00bb, a r\u00e9pondu Donald Trump. \u00abEt vous avez effectivement des endroits o\u00f9 elle est pr\u00e9sente, comme vous le savez. [&#8230;] Vous allez \u00e0 Londres, vous allez \u00e0 Paris, c\u2019est presque comme un deuxi\u00e8me mode de vie. C\u2019est ridicule\u00bb, a-t-il raill\u00e9.<\/p>\n<p>                                            <a class=\"fig-a11y-skip\" href=\"#fig-a11y-skip-main-inarticle\" is=\"fig-a11y-skip\" data-trigger-mode=\"visible-once\"><br \/>\n    Passer la publicit\u00e9<br \/>\n<\/a>            <\/p>\n<p>                                            Nouvelle saillie<\/p>\n<p class=\"fig-paragraph\">Le pr\u00e9sident am\u00e9ricain a ensuite assur\u00e9 qu\u2019il soutiendrait une interdiction de la charia sur le territoire am\u00e9ricain. \u00abJ\u2019interdirais absolument la charia, et elle est pr\u00e9sente dans une certaine mesure dans ce pays. Et l\u00e0 o\u00f9 nous la voyons, nous la supprimons. Il faut la supprimer\u00bb, a-t-il d\u00e9clar\u00e9. Donald Trump a ensuite d\u00e9fendu l\u2019existence d\u2019un \u00abseul syst\u00e8me\u00bb juridique aux \u00c9tats-Unis, qualifiant celui-ci de \u00abmeilleur\u00bb malgr\u00e9 ses imperfections.<\/p>\n<p class=\"fig-paragraph\">Donald Trump avait d\u00e9j\u00e0 tenu des propos similaires \u00e0 l\u2019\u00e9gard de Londres l\u2019an dernier. En septembre 2025, lors de son discours \u00e0 l\u2019Assembl\u00e9e g\u00e9n\u00e9rale de l\u2019ONU, il s\u2019en \u00e9tait pris\u00a0<a href=\"http:\/\/www.lefigaro.fr\/international\/pour-donald-trump-le-maire-de-londres-sadiq-khan-veut-imposer-la-charia-20250923\" target=\"_blank\" data-fig-type=\"NewsFlash\" rel=\"noopener nofollow\" data-gtm-custom-categorie=\"navigation\" data-gtm-custom-action=\"crossclick\" data-gtm-custom-label=\"Contextuel\" data-gtm-event=\"customEventSPE\" data-fig-domain=\"LEFIGARO\">au maire de la capitale britannique, Sadiq Khan<\/a>. \u00abJe regarde Londres o\u00f9 vous avez un maire \u00e9pouvantable, un maire vraiment \u00e9pouvantable. Tout a tellement chang\u00e9. Maintenant ils veulent instaurer la charia\u00bb (loi islamique), avait lanc\u00e9 le pr\u00e9sident, alors qu\u2019aucune proc\u00e9dure visant \u00e0 instaurer la loi islamique \u00e0 Londres n\u2019\u00e9tait alors engag\u00e9e. En 2024, le r\u00e9publicain\u00a0<a href=\"http:\/\/www.lefigaro.fr\/international\/pour-donald-trump-le-maire-de-londres-sadiq-khan-veut-imposer-la-charia-20250923\" target=\"_blank\" data-fig-type=\"NewsFlash\" rel=\"noopener nofollow\" data-gtm-custom-categorie=\"navigation\" data-gtm-custom-action=\"crossclick\" data-gtm-custom-label=\"Contextuel\" data-gtm-event=\"customEventSPE\" data-fig-domain=\"LEFIGARO\">avait estim\u00e9 que Paris et Londres, \u00abm\u00e9connaissables\u00bb<\/a> , avaient \u00abouvert leurs portes au djihad\u00bb.<\/p>\n","protected":false},"excerpt":{"rendered":"Interrog\u00e9 dans un talk-show conservateur, le pr\u00e9sident am\u00e9ricain a affirm\u00e9 vouloir interdire la charia aux \u00c9tats-Unis. Il a&hellip;\n","protected":false},"author":2,"featured_media":1150790,"comment_status":"","ping_status":"","sticky":false,"template":"","format":"standard","meta":{"footnotes":"","_share_on_mastodon":"0"},"categories":[1888],"tags":[1111,1928,11,1927,23397,75,1777,674,1011,27,12,1926,626,1925,25],"class_list":["post-1150789","post","type-post","status-publish","format-standard","has-post-thumbnail","category-paris","tag-actu","tag-actu-paris","tag-actualites","tag-actualites-paris","tag-charia","tag-donald-trump","tag-eu","tag-europe","tag-fr","tag-france","tag-news","tag-news-paris","tag-paris","tag-paris-news","tag-republique-francaise"],"share_on_mastodon":{"url":"https:\/\/pubeurope.com\/@fr\/117164023860499581","error":""},"_links":{"self":[{"href":"https:\/\/www.europesays.com\/fr\/wp-json\/wp\/v2\/posts\/1150789","targetHints":{"allow":["GET"]}}],"collection":[{"href":"https:\/\/www.europesays.com\/fr\/wp-json\/wp\/v2\/posts"}],"about":[{"href":"https:\/\/www.europesays.com\/fr\/wp-json\/wp\/v2\/types\/post"}],"author":[{"embeddable":true,"href":"https:\/\/www.europesays.com\/fr\/wp-json\/wp\/v2\/users\/2"}],"replies":[{"embeddable":true,"href":"https:\/\/www.europesays.com\/fr\/wp-json\/wp\/v2\/comments?post=1150789"}],"version-history":[{"count":0,"href":"https:\/\/www.europesays.com\/fr\/wp-json\/wp\/v2\/posts\/1150789\/revisions"}],"wp:featuredmedia":[{"embeddable":true,"href":"https:\/\/www.europesays.com\/fr\/wp-json\/wp\/v2\/media\/1150790"}],"wp:attachment":[{"href":"https:\/\/www.europesays.com\/fr\/wp-json\/wp\/v2\/media?parent=1150789"}],"wp:term":[{"taxonomy":"category","embeddable":true,"href":"https:\/\/www.europesays.com\/fr\/wp-json\/wp\/v2\/categories?post=1150789"},{"taxonomy":"post_tag","embeddable":true,"href":"https:\/\/www.europesays.com\/fr\/wp-json\/wp\/v2\/tags?post=1150789"}],"curies":[{"name":"wp","href":"https:\/\/api.w.org\/{rel}","templated":true}]}}